{"id":8765,"date":"2021-09-15T23:13:13","date_gmt":"2021-09-16T02:13:13","guid":{"rendered":"https:\/\/radiorevelacionfm.cl\/?p=8765"},"modified":"2021-09-15T23:13:13","modified_gmt":"2021-09-16T02:13:13","slug":"consejo-de-pastores-de-puerto-aysen-visitan-a-delegado-presidencial-y-realizan-oracion-por-la-tranquilidad-del-pais","status":"publish","type":"post","link":"https:\/\/radiorevelacionfm.cl\/?p=8765","title":{"rendered":"Consejo de Pastores de Puerto Ays\u00e9n visitan a Delegado Presidencial y realizan oraci\u00f3n por la tranquilidad del pa\u00eds"},"content":{"rendered":"<div class=\"flex_column av_one_full  flex_column_div av-zero-column-padding first  avia-builder-el-0  el_before_av_one_full  avia-builder-el-first  \" style='border-radius:0px; '><div  class='avia-image-container  av-styling-    avia-builder-el-1  avia-builder-el-no-sibling  avia-align-center '  itemprop=\"image\" itemscope=\"itemscope\" itemtype=\"https:\/\/schema.org\/ImageObject\"  ><div class='avia-image-container-inner'><div class='avia-image-overlay-wrap'><img decoding=\"async\" class='wp-image-8766 avia-img-lazy-loading-not-8766 avia_image' src=\"https:\/\/radiorevelacionfm.cl\/wp-content\/uploads\/2021\/09\/1-67a-1-1.jpg\" alt='' title='1 (67)a (1) (1)' height=\"600\" width=\"1261\"  itemprop=\"thumbnailUrl\" srcset=\"https:\/\/radiorevelacionfm.cl\/wp-content\/uploads\/2021\/09\/1-67a-1-1.jpg 1261w, https:\/\/radiorevelacionfm.cl\/wp-content\/uploads\/2021\/09\/1-67a-1-1-300x143.jpg 300w, https:\/\/radiorevelacionfm.cl\/wp-content\/uploads\/2021\/09\/1-67a-1-1-1030x490.jpg 1030w, https:\/\/radiorevelacionfm.cl\/wp-content\/uploads\/2021\/09\/1-67a-1-1-768x365.jpg 768w, https:\/\/radiorevelacionfm.cl\/wp-content\/uploads\/2021\/09\/1-67a-1-1-705x335.jpg 705w, https:\/\/radiorevelacionfm.cl\/wp-content\/uploads\/2021\/09\/1-67a-1-1-600x285.jpg 600w\" sizes=\"(max-width: 1261px) 100vw, 1261px\" \/><\/div><\/div><\/div><\/div><div class=\"flex_column av_one_full  flex_column_div av-zero-column-padding first  avia-builder-el-2  el_after_av_one_full  el_before_av_one_full  column-top-margin\" style='border-radius:0px; '><section class=\"av_textblock_section \"  itemscope=\"itemscope\" itemtype=\"https:\/\/schema.org\/BlogPosting\" itemprop=\"blogPost\" ><div class='avia_textblock  '   itemprop=\"text\" ><p style=\"text-align: center;\"><strong><span style=\"font-size: 18pt;\">Consejo de Pastores de Puerto Ays\u00e9n visitan a Delegado Presidencial y realizan oraci\u00f3n por la tranquilidad del pa\u00eds<\/span><\/strong><\/p>\n<div id=\"gtx-trans\" style=\"position: absolute; left: -50px; top: 4.31534px;\">\n<div class=\"gtx-trans-icon\"><\/div>\n<\/div>\n<\/div><\/section><\/div><div class=\"flex_column av_one_full  flex_column_div av-zero-column-padding first  avia-builder-el-4  el_after_av_one_full  el_before_av_hr  column-top-margin\" style='border-radius:0px; '><section class=\"av_textblock_section \"  itemscope=\"itemscope\" itemtype=\"https:\/\/schema.org\/BlogPosting\" itemprop=\"blogPost\" ><div class='avia_textblock  '   itemprop=\"text\" ><p style=\"text-align: justify;\">Hasta las dependencias de la Delegaci\u00f3n Presidencial Provincial lleg\u00f3 el Consejo de Pastores para saludar oficialmente al Delegado Presidencial y reconocerle el trabajo que ha venido desarrollando, instancia adem\u00e1s que sirvi\u00f3 para que los Pastores presentes en este encuentro tuvieran un emotivo momento de oraci\u00f3n por la tranquilidad del pa\u00eds, sus habitantes y autoridades \u201cpara nosotros ha sido un d\u00eda bastante importante este porque hemos acordado con el Consejo de Pastores saludar al Delegado Presidencial y poder orar por \u00e9l tambi\u00e9n por las gestiones que han llevado este tiempo que nos ha tocado vivir tan complicados, hemos venido a traerle unas palabras de salud en este tiempo de fiestas patrias, bendiciones a cada uno de ustedes a toda la regi\u00f3n y a cada habitante de nuestra provincia\u201d se\u00f1alaba Evaristo Santana Presidente del Consejo de Pastores.<\/p>\n<p style=\"text-align: justify;\">En tanto Samuel \u00d3rdenes Vicepresidente del Consejo de Pastores de Puerto Ays\u00e9n agregaba \u201cprimero que nada recordar que \u00e9l como Delegado Presidencial est\u00e1 ac\u00e1 puesto por Dios, Dios le ha puesto para que \u00e9l ocupe este cargo y sabemos que para la ciudadan\u00eda es importante poder conocer lo que el Se\u00f1or tiene para \u00e9l y lo que hemos querido transmitir esta ma\u00f1ana es hacerle ver a don Manuel que independiente de las dificultades que est\u00e1 pasando en nuestro pa\u00eds el Se\u00f1or sigue est\u00e1n al control de todo y \u00e9l es el que va a guiar todas las cosas\u201d.<\/p>\n<\/div><\/section><\/div><div  style='height:50px' class='hr hr-invisible   avia-builder-el-6  el_after_av_one_full  el_before_av_social_share '><span class='hr-inner ' ><span class='hr-inner-style'><\/span><\/span><\/div><\/p>\n<div  class='av-social-sharing-box  avia-builder-el-7  el_after_av_hr  el_before_av_hr  '><div class='av-share-box'><h5 class='av-share-link-description av-no-toc '>Compartir esta noticia<\/h5><ul class='av-share-box-list noLightbox'><li class='av-share-link av-social-link-facebook' ><a target=\"_blank\" aria-label=\"Compartir en Facebook\" href='https:\/\/www.facebook.com\/sharer.php?u=https:\/\/radiorevelacionfm.cl\/?p=8765&#038;t=Consejo%20de%20Pastores%20de%20Puerto%20Ays%C3%A9n%20visitan%20a%20Delegado%20Presidencial%20y%20realizan%20oraci%C3%B3n%20por%20la%20tranquilidad%20del%20pa%C3%ADs' aria-hidden='false' data-av_icon='\ue8f3' data-av_iconfont='entypo-fontello' title='' data-avia-related-tooltip='Compartir en Facebook' rel=\"noopener\"><span class='avia_hidden_link_text'>Compartir en Facebook<\/span><\/a><\/li><li class='av-share-link av-social-link-twitter' ><a target=\"_blank\" aria-label=\"Compartir en Twitter\" href='https:\/\/twitter.com\/share?text=Consejo%20de%20Pastores%20de%20Puerto%20Ays%C3%A9n%20visitan%20a%20Delegado%20Presidencial%20y%20realizan%20oraci%C3%B3n%20por%20la%20tranquilidad%20del%20pa%C3%ADs&#038;url=https:\/\/radiorevelacionfm.cl\/?p=8765' aria-hidden='false' data-av_icon='\ue8f1' data-av_iconfont='entypo-fontello' title='' data-avia-related-tooltip='Compartir en Twitter' rel=\"noopener\"><span class='avia_hidden_link_text'>Compartir en Twitter<\/span><\/a><\/li><li class='av-share-link av-social-link-whatsapp' ><a target=\"_blank\" aria-label=\"Compartir en Whatsapp\" href='https:\/\/api.whatsapp.com\/send?text=https:\/\/radiorevelacionfm.cl\/?p=8765' aria-hidden='false' data-av_icon='\uf232' data-av_iconfont='entypo-fontello' title='' data-avia-related-tooltip='Compartir en Whatsapp' rel=\"noopener\"><span class='avia_hidden_link_text'>Compartir en Whatsapp<\/span><\/a><\/li><li class='av-share-link av-social-link-linkedin' ><a target=\"_blank\" aria-label=\"Compartir en LinkedIn\" href='https:\/\/linkedin.com\/shareArticle?mini=true&#038;title=Consejo%20de%20Pastores%20de%20Puerto%20Ays%C3%A9n%20visitan%20a%20Delegado%20Presidencial%20y%20realizan%20oraci%C3%B3n%20por%20la%20tranquilidad%20del%20pa%C3%ADs&#038;url=https:\/\/radiorevelacionfm.cl\/?p=8765' aria-hidden='false' data-av_icon='\ue8fc' data-av_iconfont='entypo-fontello' title='' data-avia-related-tooltip='Compartir en LinkedIn' rel=\"noopener\"><span class='avia_hidden_link_text'>Compartir en LinkedIn<\/span><\/a><\/li><li class='av-share-link av-social-link-mail' ><a  aria-label=\"Compartir por correo\" href='mailto:?subject=Consejo%20de%20Pastores%20de%20Puerto%20Ays%C3%A9n%20visitan%20a%20Delegado%20Presidencial%20y%20realizan%20oraci%C3%B3n%20por%20la%20tranquilidad%20del%20pa%C3%ADs&#038;body=https:\/\/radiorevelacionfm.cl\/?p=8765' aria-hidden='false' data-av_icon='\ue805' data-av_iconfont='entypo-fontello' title='' data-avia-related-tooltip='Compartir por correo'><span class='avia_hidden_link_text'>Compartir por correo<\/span><\/a><\/li><\/ul><\/div><\/div>\n<div  style='height:50px' class='hr hr-invisible   avia-builder-el-8  el_after_av_social_share  el_before_av_comments_list '><span class='hr-inner ' ><span class='hr-inner-style'><\/span><\/span><\/div>\n<div  class='av-buildercomment  av-blog-meta-html-info-disabled av-blog-meta-tag-disabled  '><\/div>\n","protected":false},"excerpt":{"rendered":"","protected":false},"author":1,"featured_media":8766,"comment_status":"open","ping_status":"open","sticky":false,"template":"","format":"standard","meta":{"footnotes":""},"categories":[38],"tags":[],"class_list":["post-8765","post","type-post","status-publish","format-standard","has-post-thumbnail","hentry","category-regional"],"jetpack_featured_media_url":"https:\/\/radiorevelacionfm.cl\/wp-content\/uploads\/2021\/09\/1-67a-1-1.jpg","_links":{"self":[{"href":"https:\/\/radiorevelacionfm.cl\/index.php?rest_route=\/wp\/v2\/posts\/8765","targetHints":{"allow":["GET"]}}],"collection":[{"href":"https:\/\/radiorevelacionfm.cl\/index.php?rest_route=\/wp\/v2\/posts"}],"about":[{"href":"https:\/\/radiorevelacionfm.cl\/index.php?rest_route=\/wp\/v2\/types\/post"}],"author":[{"embeddable":true,"href":"https:\/\/radiorevelacionfm.cl\/index.php?rest_route=\/wp\/v2\/users\/1"}],"replies":[{"embeddable":true,"href":"https:\/\/radiorevelacionfm.cl\/index.php?rest_route=%2Fwp%2Fv2%2Fcomments&post=8765"}],"version-history":[{"count":1,"href":"https:\/\/radiorevelacionfm.cl\/index.php?rest_route=\/wp\/v2\/posts\/8765\/revisions"}],"predecessor-version":[{"id":8767,"href":"https:\/\/radiorevelacionfm.cl\/index.php?rest_route=\/wp\/v2\/posts\/8765\/revisions\/8767"}],"wp:featuredmedia":[{"embeddable":true,"href":"https:\/\/radiorevelacionfm.cl\/index.php?rest_route=\/wp\/v2\/media\/8766"}],"wp:attachment":[{"href":"https:\/\/radiorevelacionfm.cl\/index.php?rest_route=%2Fwp%2Fv2%2Fmedia&parent=8765"}],"wp:term":[{"taxonomy":"category","embeddable":true,"href":"https:\/\/radiorevelacionfm.cl\/index.php?rest_route=%2Fwp%2Fv2%2Fcategories&post=8765"},{"taxonomy":"post_tag","embeddable":true,"href":"https:\/\/radiorevelacionfm.cl\/index.php?rest_route=%2Fwp%2Fv2%2Ftags&post=8765"}],"curies":[{"name":"wp","href":"https:\/\/api.w.org\/{rel}","templated":true}]}}