{"id":8763,"date":"2021-09-15T20:01:57","date_gmt":"2021-09-15T23:01:57","guid":{"rendered":"https:\/\/radiorevelacionfm.cl\/?p=8763"},"modified":"2021-09-15T20:01:57","modified_gmt":"2021-09-15T23:01:57","slug":"corte-de-coyhaique-declara-admisible-querella-de-capitulos-contra-jueza-garantia","status":"publish","type":"post","link":"https:\/\/radiorevelacionfm.cl\/?p=8763","title":{"rendered":"Corte de Coyhaique declara admisible querella de Cap\u00edtulos contra Jueza Garant\u00eda"},"content":{"rendered":"<div class=\"flex_column av_one_full  flex_column_div av-zero-column-padding first  avia-builder-el-0  el_before_av_one_full  avia-builder-el-first  \" style='border-radius:0px; '><div  class='avia-image-container  av-styling-    avia-builder-el-1  avia-builder-el-no-sibling  avia-align-center '  itemprop=\"image\" itemscope=\"itemscope\" itemtype=\"https:\/\/schema.org\/ImageObject\"  ><div class='avia-image-container-inner'><div class='avia-image-overlay-wrap'><img decoding=\"async\" class='wp-image-6281 avia-img-lazy-loading-not-6281 avia_image' src=\"https:\/\/radiorevelacionfm.cl\/wp-content\/uploads\/2021\/07\/Foto-02-Corte-Coyhaique-1-1.jpg\" alt='' title='Foto 02 Corte Coyhaique (1) (1)' height=\"600\" width=\"900\"  itemprop=\"thumbnailUrl\" srcset=\"https:\/\/radiorevelacionfm.cl\/wp-content\/uploads\/2021\/07\/Foto-02-Corte-Coyhaique-1-1.jpg 900w, https:\/\/radiorevelacionfm.cl\/wp-content\/uploads\/2021\/07\/Foto-02-Corte-Coyhaique-1-1-300x200.jpg 300w, https:\/\/radiorevelacionfm.cl\/wp-content\/uploads\/2021\/07\/Foto-02-Corte-Coyhaique-1-1-768x512.jpg 768w, https:\/\/radiorevelacionfm.cl\/wp-content\/uploads\/2021\/07\/Foto-02-Corte-Coyhaique-1-1-705x470.jpg 705w, https:\/\/radiorevelacionfm.cl\/wp-content\/uploads\/2021\/07\/Foto-02-Corte-Coyhaique-1-1-600x400.jpg 600w\" sizes=\"(max-width: 900px) 100vw, 900px\" \/><\/div><\/div><\/div><\/div><div class=\"flex_column av_one_full  flex_column_div av-zero-column-padding first  avia-builder-el-2  el_after_av_one_full  el_before_av_one_full  column-top-margin\" style='border-radius:0px; '><section class=\"av_textblock_section \"  itemscope=\"itemscope\" itemtype=\"https:\/\/schema.org\/BlogPosting\" itemprop=\"blogPost\" ><div class='avia_textblock  '   itemprop=\"text\" ><p style=\"text-align: center;\"><strong><span style=\"font-size: 18pt;\">Corte de Coyhaique declara admisible querella de cap\u00edtulos contra Jueza Garant\u00eda <\/span><\/strong><\/p>\n<div id=\"gtx-trans\" style=\"position: absolute; left: -50px; top: 4.31534px;\">\n<div class=\"gtx-trans-icon\"><\/div>\n<\/div>\n<\/div><\/section><\/div><div class=\"flex_column av_one_full  flex_column_div av-zero-column-padding first  avia-builder-el-4  el_after_av_one_full  el_before_av_hr  column-top-margin\" style='border-radius:0px; '><section class=\"av_textblock_section \"  itemscope=\"itemscope\" itemtype=\"https:\/\/schema.org\/BlogPosting\" itemprop=\"blogPost\" ><div class='avia_textblock  '   itemprop=\"text\" ><p class=\"v1MsoNormal\" style=\"text-align: justify;\">La Corte de Apelaciones de Coyhaique declar\u00f3 admisible la querella de cap\u00edtulos presentada por el Ministerio P\u00fablico, en contra de la jueza titular del Juzgado de Garant\u00eda de Coyhaique Cecilia Eliana Urbina Pinto, por dos cap\u00edtulos infraccionales, quedando suspendida de sus funciones.<\/p>\n<p class=\"v1MsoNormal\" style=\"text-align: justify;\">En el fallo, la Sala \u00danica del tribunal de alzada \u2013integrada por los ministros Sergio Mora Vallejos, Jos\u00e9 Ignacio Mora Trujillo y el abogado (i) Marcos Gallegos Rodr\u00edguez\u2013 consider\u00f3 que los hechos que ameritaron este antejuicio no son acusaciones ligeras ni sin fundamento, pero que en caso alguno lesionan la presunci\u00f3n de inocencia que le asiste conforme a derecho a la magistrada.<\/p>\n<p class=\"v1MsoNormal\" style=\"text-align: justify;\">Respecto del primer cap\u00edtulo el fallo sostiene que: \u00ab(&#8230;) de acuerdo al est\u00e1ndar advertido para este especial procedimiento de antejuicio, tienen m\u00e9rito bastante para declarar su admisibilidad, desde que existen interceptaciones telef\u00f3nicas y declaraciones de testigos, de las que la propia querella da cuenta en forma extractada, y as\u00ed es posible encontrarlas a fojas 15, 18, 25 a 28, 29 a 34, 308 a 318, 404 a 412, 428 a 438 y 857 a 858, de la carpeta de investigaci\u00f3n fiscal acompa\u00f1ada, los que ameritan estimar que existen elementos b\u00e1sicos del tipo penal de revelaci\u00f3n de secreto del art\u00edculo 38, de la Ley 20.000\u00bb.<\/p>\n<p class=\"v1MsoNormal\" style=\"text-align: justify;\">Agrega la resoluci\u00f3n que \u00ab(&#8230;) en lo que respecta al segundo cap\u00edtulo de la querella, sobre el delito de prevaricaci\u00f3n del art\u00edculo 224, N.\u00ba 7 del C\u00f3digo Penal, esto es, cuando con manifiesta implicancia, que le sea conocida y sin haberla hecho saber previamente a las partes, fallaren en una causa criminal, en que habr\u00eda incurrido la Juez en cuesti\u00f3n, respecto de la sentencia condenatoria dictada el 28 de enero de 2020, por dicha juez, as\u00ed como de la resoluci\u00f3n de la misma, que declar\u00f3 la prescripci\u00f3n de la multa que impuso a otro de los hijos de su c\u00f3nyuge, de fecha 6 de agosto de 2020, todas del RIT 212-2020, del Juzgado de Garant\u00eda de esta ciudad, cabe se\u00f1alar que estos constituyen elementos que revisten seriedad para iniciar un proceso criminal en contra de la capitulada\u00bb.<\/p>\n<p class=\"v1MsoNormal\" style=\"text-align: justify;\">Agrega que: \u00ab(&#8230;) no obstante lo ya se\u00f1alado en los motivos precedentes conviene tener presente, nuevamente, que la decisi\u00f3n que se adoptar\u00e1 en lo resolutivo, en ning\u00fan caso, dice relaci\u00f3n con una cabal constataci\u00f3n de los il\u00edcitos que constituyen los cap\u00edtulos de la querella, ni de la irrefutable participaci\u00f3n de la capitulada en \u00e9stos, sino solo que alcanzan para considerar que los hechos por los cuales se busca procesar a la mencionada Juez de estos autos, no son acusaciones ligeras ni sin fundamentos, sino m\u00e1s bien se cuenta con evidencias serias sobre las infracciones que ameritaron este antejuicio y que, en caso alguno, lesionan la presunci\u00f3n de inocencia que le asiste conforme a derecho\u00bb.<\/p>\n<p class=\"v1MsoNormal\" style=\"text-align: justify;\">\u00abPor tanto, se resuelve que:\u00a0SE DECLARA ADMISIBLE la querella de cap\u00edtulos interpuesta por el Fiscal Regional de Ays\u00e9n, Carlos Palma Guerra, en contra de la Juez Titular del Juzgado de Garant\u00eda de Coyhaique, Cecilia Eliana Urbina Pinto, en sus dos cap\u00edtulos infraccionales, quedando \u00e9sta suspendida de sus funciones, una vez ejecutoriada la presente sentencia\u00bb.<\/p>\n<\/div><\/section><\/div><div  style='height:50px' class='hr hr-invisible   avia-builder-el-6  el_after_av_one_full  el_before_av_social_share '><span class='hr-inner ' ><span class='hr-inner-style'><\/span><\/span><\/div><\/p>\n<div  class='av-social-sharing-box  avia-builder-el-7  el_after_av_hr  el_before_av_hr  '><div class='av-share-box'><h5 class='av-share-link-description av-no-toc '>Compartir esta noticia<\/h5><ul class='av-share-box-list noLightbox'><li class='av-share-link av-social-link-facebook' ><a target=\"_blank\" aria-label=\"Compartir en Facebook\" href='https:\/\/www.facebook.com\/sharer.php?u=https:\/\/radiorevelacionfm.cl\/?p=8763&#038;t=Corte%20de%20Coyhaique%20declara%20admisible%20querella%20de%20Cap%C3%ADtulos%20contra%20Jueza%20Garant%C3%ADa' aria-hidden='false' data-av_icon='\ue8f3' data-av_iconfont='entypo-fontello' title='' data-avia-related-tooltip='Compartir en Facebook' rel=\"noopener\"><span class='avia_hidden_link_text'>Compartir en Facebook<\/span><\/a><\/li><li class='av-share-link av-social-link-twitter' ><a target=\"_blank\" aria-label=\"Compartir en Twitter\" href='https:\/\/twitter.com\/share?text=Corte%20de%20Coyhaique%20declara%20admisible%20querella%20de%20Cap%C3%ADtulos%20contra%20Jueza%20Garant%C3%ADa&#038;url=https:\/\/radiorevelacionfm.cl\/?p=8763' aria-hidden='false' data-av_icon='\ue8f1' data-av_iconfont='entypo-fontello' title='' data-avia-related-tooltip='Compartir en Twitter' rel=\"noopener\"><span class='avia_hidden_link_text'>Compartir en Twitter<\/span><\/a><\/li><li class='av-share-link av-social-link-whatsapp' ><a target=\"_blank\" aria-label=\"Compartir en Whatsapp\" href='https:\/\/api.whatsapp.com\/send?text=https:\/\/radiorevelacionfm.cl\/?p=8763' aria-hidden='false' data-av_icon='\uf232' data-av_iconfont='entypo-fontello' title='' data-avia-related-tooltip='Compartir en Whatsapp' rel=\"noopener\"><span class='avia_hidden_link_text'>Compartir en Whatsapp<\/span><\/a><\/li><li class='av-share-link av-social-link-linkedin' ><a target=\"_blank\" aria-label=\"Compartir en LinkedIn\" href='https:\/\/linkedin.com\/shareArticle?mini=true&#038;title=Corte%20de%20Coyhaique%20declara%20admisible%20querella%20de%20Cap%C3%ADtulos%20contra%20Jueza%20Garant%C3%ADa&#038;url=https:\/\/radiorevelacionfm.cl\/?p=8763' aria-hidden='false' data-av_icon='\ue8fc' data-av_iconfont='entypo-fontello' title='' data-avia-related-tooltip='Compartir en LinkedIn' rel=\"noopener\"><span class='avia_hidden_link_text'>Compartir en LinkedIn<\/span><\/a><\/li><li class='av-share-link av-social-link-mail' ><a  aria-label=\"Compartir por correo\" href='mailto:?subject=Corte%20de%20Coyhaique%20declara%20admisible%20querella%20de%20Cap%C3%ADtulos%20contra%20Jueza%20Garant%C3%ADa&#038;body=https:\/\/radiorevelacionfm.cl\/?p=8763' aria-hidden='false' data-av_icon='\ue805' data-av_iconfont='entypo-fontello' title='' data-avia-related-tooltip='Compartir por correo'><span class='avia_hidden_link_text'>Compartir por correo<\/span><\/a><\/li><\/ul><\/div><\/div>\n<div  style='height:50px' class='hr hr-invisible   avia-builder-el-8  el_after_av_social_share  el_before_av_comments_list '><span class='hr-inner ' ><span class='hr-inner-style'><\/span><\/span><\/div>\n<div  class='av-buildercomment  av-blog-meta-html-info-disabled av-blog-meta-tag-disabled  '><\/div>\n","protected":false},"excerpt":{"rendered":"","protected":false},"author":1,"featured_media":6281,"comment_status":"open","ping_status":"open","sticky":false,"template":"","format":"standard","meta":{"footnotes":""},"categories":[55],"tags":[],"class_list":["post-8763","post","type-post","status-publish","format-standard","has-post-thumbnail","hentry","category-justicia"],"jetpack_featured_media_url":"https:\/\/radiorevelacionfm.cl\/wp-content\/uploads\/2021\/07\/Foto-02-Corte-Coyhaique-1-1.jpg","_links":{"self":[{"href":"https:\/\/radiorevelacionfm.cl\/index.php?rest_route=\/wp\/v2\/posts\/8763","targetHints":{"allow":["GET"]}}],"collection":[{"href":"https:\/\/radiorevelacionfm.cl\/index.php?rest_route=\/wp\/v2\/posts"}],"about":[{"href":"https:\/\/radiorevelacionfm.cl\/index.php?rest_route=\/wp\/v2\/types\/post"}],"author":[{"embeddable":true,"href":"https:\/\/radiorevelacionfm.cl\/index.php?rest_route=\/wp\/v2\/users\/1"}],"replies":[{"embeddable":true,"href":"https:\/\/radiorevelacionfm.cl\/index.php?rest_route=%2Fwp%2Fv2%2Fcomments&post=8763"}],"version-history":[{"count":1,"href":"https:\/\/radiorevelacionfm.cl\/index.php?rest_route=\/wp\/v2\/posts\/8763\/revisions"}],"predecessor-version":[{"id":8764,"href":"https:\/\/radiorevelacionfm.cl\/index.php?rest_route=\/wp\/v2\/posts\/8763\/revisions\/8764"}],"wp:featuredmedia":[{"embeddable":true,"href":"https:\/\/radiorevelacionfm.cl\/index.php?rest_route=\/wp\/v2\/media\/6281"}],"wp:attachment":[{"href":"https:\/\/radiorevelacionfm.cl\/index.php?rest_route=%2Fwp%2Fv2%2Fmedia&parent=8763"}],"wp:term":[{"taxonomy":"category","embeddable":true,"href":"https:\/\/radiorevelacionfm.cl\/index.php?rest_route=%2Fwp%2Fv2%2Fcategories&post=8763"},{"taxonomy":"post_tag","embeddable":true,"href":"https:\/\/radiorevelacionfm.cl\/index.php?rest_route=%2Fwp%2Fv2%2Ftags&post=8763"}],"curies":[{"name":"wp","href":"https:\/\/api.w.org\/{rel}","templated":true}]}}