{"id":8760,"date":"2021-09-16T09:33:21","date_gmt":"2021-09-16T12:33:21","guid":{"rendered":"https:\/\/radiorevelacionfm.cl\/?p=8760"},"modified":"2021-09-16T09:33:21","modified_gmt":"2021-09-16T12:33:21","slug":"llaman-a-empleadores-a-cumplir-con-el-feriado-obligatorio-e-irrenunciable-de-los-trabajadores-del-comercio-este-18-y-19","status":"publish","type":"post","link":"https:\/\/radiorevelacionfm.cl\/?p=8760","title":{"rendered":"Llaman a empleadores a cumplir con el feriado obligatorio e irrenunciable de los trabajadores del comercio este 18 y 19"},"content":{"rendered":"<div class=\"flex_column av_one_full  flex_column_div av-zero-column-padding first  avia-builder-el-0  el_before_av_one_full  avia-builder-el-first  \" style='border-radius:0px; '><div  class='avia-image-container  av-styling-    avia-builder-el-1  avia-builder-el-no-sibling  avia-align-center '  itemprop=\"image\" itemscope=\"itemscope\" itemtype=\"https:\/\/schema.org\/ImageObject\"  ><div class='avia-image-container-inner'><div class='avia-image-overlay-wrap'><img decoding=\"async\" class='wp-image-8761 avia-img-lazy-loading-not-8761 avia_image' src=\"https:\/\/radiorevelacionfm.cl\/wp-content\/uploads\/2021\/09\/feriadoirrenunciablecomercio-1-1_optimized.jpeg\" alt='' title='feriadoirrenunciablecomercio-(1)-(1)_optimized' height=\"600\" width=\"800\"  itemprop=\"thumbnailUrl\" srcset=\"https:\/\/radiorevelacionfm.cl\/wp-content\/uploads\/2021\/09\/feriadoirrenunciablecomercio-1-1_optimized.jpeg 800w, https:\/\/radiorevelacionfm.cl\/wp-content\/uploads\/2021\/09\/feriadoirrenunciablecomercio-1-1_optimized-300x225.jpeg 300w, https:\/\/radiorevelacionfm.cl\/wp-content\/uploads\/2021\/09\/feriadoirrenunciablecomercio-1-1_optimized-768x576.jpeg 768w, https:\/\/radiorevelacionfm.cl\/wp-content\/uploads\/2021\/09\/feriadoirrenunciablecomercio-1-1_optimized-705x529.jpeg 705w, https:\/\/radiorevelacionfm.cl\/wp-content\/uploads\/2021\/09\/feriadoirrenunciablecomercio-1-1_optimized-600x450.jpeg 600w\" sizes=\"(max-width: 800px) 100vw, 800px\" \/><\/div><\/div><\/div><\/div><div class=\"flex_column av_one_full  flex_column_div av-zero-column-padding first  avia-builder-el-2  el_after_av_one_full  el_before_av_one_full  column-top-margin\" style='border-radius:0px; '><section class=\"av_textblock_section \"  itemscope=\"itemscope\" itemtype=\"https:\/\/schema.org\/BlogPosting\" itemprop=\"blogPost\" ><div class='avia_textblock  '   itemprop=\"text\" ><p style=\"text-align: center;\"><strong><span style=\"font-size: 18pt;\">Llaman a empleadores a cumplir con el feriado obligatorio e irrenunciable de los trabajadores del comercio este 18 y 19 <\/span><\/strong><\/p>\n<div id=\"gtx-trans\" style=\"position: absolute; left: -50px; top: 4.31534px;\">\n<div class=\"gtx-trans-icon\"><\/div>\n<\/div>\n<\/div><\/section><\/div><div class=\"flex_column av_one_full  flex_column_div av-zero-column-padding first  avia-builder-el-4  el_after_av_one_full  el_before_av_hr  column-top-margin\" style='border-radius:0px; '><section class=\"av_textblock_section \"  itemscope=\"itemscope\" itemtype=\"https:\/\/schema.org\/BlogPosting\" itemprop=\"blogPost\" ><div class='avia_textblock  '   itemprop=\"text\" ><p class=\"v1MsoNormal\" style=\"text-align: justify;\"><span lang=\"ES\">Un llamado a los empleadores del comercio a respetar el feriado obligatorio e irrenunciable de sus trabajadores este 18 y 19 de septiembre hizo la Seremi del Trabajo y Previsi\u00f3n Social de Ays\u00e9n, Andrea Ponce y el Director Regional(s) del Trabajo, Christian Aros.<\/span><\/p>\n<p class=\"v1MsoNormal\" style=\"text-align: justify;\"><span lang=\"ES\">Son considerados como trabajadores del comercio todos aquellos que laboran en un establecimiento de tal naturaleza y cuyas funciones se relacionen con el expendio o venta directa al p\u00fablico de las mercader\u00edas o productos que en ellos se ofrecen.<\/span><\/p>\n<p class=\"v1MsoNormal\" style=\"text-align: justify;\"><span lang=\"ES\">Con respecto a los detalles en cuanto a horarios, la Seremi Andrea Ponce coment\u00f3, \u00abLos horarios son los siguientes: parte el viernes 17 de septiembre a las 21 horas y termina el feriado irrenunciable el d\u00eda lunes 20 de septiembre, a las 6 de la ma\u00f1ana. Atenci\u00f3n empleadores, los trabajadores deben estar saliendo de sus lugares de trabajo a las 21 horas, por lo tanto, organice el trabajo para que se cumple lo que la ley est\u00e1 pidiendo\u00bb.<\/span><\/p>\n<p class=\"v1MsoNormal\" style=\"text-align: justify;\"><span lang=\"ES\">Sobre los trabajadores del comercio que no est\u00e1n incluidos en este feriado, \u00abSe except\u00faan de este descanso, por ejemplo, los trabajadores de pubs, discoteques, o tambi\u00e9n de tiendas que operen dentro de las estaciones de combustible. Ellos tienen un r\u00e9gimen especial de descanso. Si siguen trabajando con el mismo empleador y trabajaron durante el 2020, este 2021 descansan\u00bb.\u00a0<\/span><\/p>\n<p class=\"v1MsoNormal\" style=\"text-align: justify;\">El detalle de las excepciones al feriado obligatorio e irrenunciable son quienes se desempe\u00f1an en: restaurantes; establecimientos de entretenimiento, tales como cines, espect\u00e1culos en vivo, discotecas, pub, cabaret; locales comerciales en los aer\u00f3dromos civiles p\u00fablicos y aeropuertos; casinos de juegos y otros lugares de juegos legalmente autorizados; expendio de combustibles, farmacias de urgencia y farmacias que deban cumplir turnos fijados por la autoridad sanitaria. Tambi\u00e9n est\u00e1n exceptuados los dependientes de las llamadas \u00abtiendas de conveniencia\u00bb adosadas a los servicentros si venden alimentos preparados all\u00ed mismo.<\/p>\n<p class=\"v1MsoNormal\" style=\"text-align: justify;\"><span lang=\"ES\">Se aclara que el viernes 17 de septiembre es feriado, sin embargo, no es feriado obligatorio ni irrenunciable para los trabajadores del comercio. Adem\u00e1s, los locales comerciales atendidos por sus propios due\u00f1os y\/o familiares directos pueden abrir este 18 y 19 de septiembre, debido a que no existe relaci\u00f3n laboral en este caso.<\/span><\/p>\n<p class=\"v1MsoNormal\" style=\"text-align: justify;\"><b><u><span lang=\"ES\">Orientaciones, Denuncias y Multas<\/span><\/u><\/b><\/p>\n<p class=\"v1MsoNormal\" style=\"text-align: justify;\"><span lang=\"ES\">Las autoridades recordaron que hay multas asociadas al no cumplimiento del feriado irrenunciable, \u00abA los empleadores recordarles que, por cada trabajador afectado, es decir, que preste servicios no debiendo trabajar durante este feriado irrenunciable, las multas que se aplicar\u00e1n van de 5 a 10 Unidades Tributarias Mensuales (UTM) por trabajador, dependiendo del tama\u00f1o de la empresa\u00bb, especific\u00f3 el Director Regional(s) del Trabajo.<\/span><\/p>\n<p class=\"v1MsoNormal\" style=\"text-align: justify;\"><span lang=\"ES\">\u00abA los trabajadores afectados, es decir, que no debiendo estar trabajando, laboren durante este feriado irrenunciable, pueden hacer sus denuncias en nuestra l\u00ednea 600 o en nuestra p\u00e1gina web\u00bb, inform\u00f3 Aros, siendo el portal <\/span><span lang=\"ES\"><a href=\"http:\/\/www.direcciondeltrabajo.cl\/\" target=\"_blank\" rel=\"noopener noreferrer\">www.direcciondeltrabajo.cl<\/a><\/span><span lang=\"ES\">\u00a0y el tel\u00e9fono 600 450 4000 los habilitados para recibir denuncias.<\/span><\/p>\n<p class=\"v1MsoNormal\" style=\"text-align: justify;\"><span lang=\"ES\">\u00abPor \u00faltimo, queremos pedirle a toda la comunidad a que nos ayude a respetar este feriado irrenunciable para los trabajadores y trabajadoras del sector comercio, adelantando sus compras. Y recordemos que seguimos en pandemia y que debemos seguir cuid\u00e1ndonos entre todos\u00bb, solicit\u00f3 la Seremi Andrea Ponce.<\/span><\/p>\n<p class=\"v1MsoNormal\" style=\"text-align: justify;\">El a\u00f1o pasado en todo el pa\u00eds 15 empresas fueron multadas por no respetar el feriado, por un total de 20 millones de pesos, ninguna de ellas era de la Regi\u00f3n de Ays\u00e9n.<\/p>\n<\/div><\/section><\/div><div  style='height:50px' class='hr hr-invisible   avia-builder-el-6  el_after_av_one_full  el_before_av_social_share '><span class='hr-inner ' ><span class='hr-inner-style'><\/span><\/span><\/div><\/p>\n<div  class='av-social-sharing-box  avia-builder-el-7  el_after_av_hr  el_before_av_hr  '><div class='av-share-box'><h5 class='av-share-link-description av-no-toc '>Compartir esta noticia<\/h5><ul class='av-share-box-list noLightbox'><li class='av-share-link av-social-link-facebook' ><a target=\"_blank\" aria-label=\"Compartir en Facebook\" href='https:\/\/www.facebook.com\/sharer.php?u=https:\/\/radiorevelacionfm.cl\/?p=8760&#038;t=Llaman%20a%20empleadores%20a%20cumplir%20con%20el%20feriado%20obligatorio%20e%20irrenunciable%20de%20los%20trabajadores%20del%20comercio%20este%2018%20y%2019' aria-hidden='false' data-av_icon='\ue8f3' data-av_iconfont='entypo-fontello' title='' data-avia-related-tooltip='Compartir en Facebook' rel=\"noopener\"><span class='avia_hidden_link_text'>Compartir en Facebook<\/span><\/a><\/li><li class='av-share-link av-social-link-twitter' ><a target=\"_blank\" aria-label=\"Compartir en Twitter\" href='https:\/\/twitter.com\/share?text=Llaman%20a%20empleadores%20a%20cumplir%20con%20el%20feriado%20obligatorio%20e%20irrenunciable%20de%20los%20trabajadores%20del%20comercio%20este%2018%20y%2019&#038;url=https:\/\/radiorevelacionfm.cl\/?p=8760' aria-hidden='false' data-av_icon='\ue8f1' data-av_iconfont='entypo-fontello' title='' data-avia-related-tooltip='Compartir en Twitter' rel=\"noopener\"><span class='avia_hidden_link_text'>Compartir en Twitter<\/span><\/a><\/li><li class='av-share-link av-social-link-whatsapp' ><a target=\"_blank\" aria-label=\"Compartir en Whatsapp\" href='https:\/\/api.whatsapp.com\/send?text=https:\/\/radiorevelacionfm.cl\/?p=8760' aria-hidden='false' data-av_icon='\uf232' data-av_iconfont='entypo-fontello' title='' data-avia-related-tooltip='Compartir en Whatsapp' rel=\"noopener\"><span class='avia_hidden_link_text'>Compartir en Whatsapp<\/span><\/a><\/li><li class='av-share-link av-social-link-linkedin' ><a target=\"_blank\" aria-label=\"Compartir en LinkedIn\" href='https:\/\/linkedin.com\/shareArticle?mini=true&#038;title=Llaman%20a%20empleadores%20a%20cumplir%20con%20el%20feriado%20obligatorio%20e%20irrenunciable%20de%20los%20trabajadores%20del%20comercio%20este%2018%20y%2019&#038;url=https:\/\/radiorevelacionfm.cl\/?p=8760' aria-hidden='false' data-av_icon='\ue8fc' data-av_iconfont='entypo-fontello' title='' data-avia-related-tooltip='Compartir en LinkedIn' rel=\"noopener\"><span class='avia_hidden_link_text'>Compartir en LinkedIn<\/span><\/a><\/li><li class='av-share-link av-social-link-mail' ><a  aria-label=\"Compartir por correo\" href='mailto:?subject=Llaman%20a%20empleadores%20a%20cumplir%20con%20el%20feriado%20obligatorio%20e%20irrenunciable%20de%20los%20trabajadores%20del%20comercio%20este%2018%20y%2019&#038;body=https:\/\/radiorevelacionfm.cl\/?p=8760' aria-hidden='false' data-av_icon='\ue805' data-av_iconfont='entypo-fontello' title='' data-avia-related-tooltip='Compartir por correo'><span class='avia_hidden_link_text'>Compartir por correo<\/span><\/a><\/li><\/ul><\/div><\/div>\n<div  style='height:50px' class='hr hr-invisible   avia-builder-el-8  el_after_av_social_share  el_before_av_comments_list '><span class='hr-inner ' ><span class='hr-inner-style'><\/span><\/span><\/div>\n<div  class='av-buildercomment  av-blog-meta-html-info-disabled av-blog-meta-tag-disabled  '><\/div>\n","protected":false},"excerpt":{"rendered":"","protected":false},"author":1,"featured_media":8761,"comment_status":"open","ping_status":"open","sticky":false,"template":"","format":"standard","meta":{"footnotes":""},"categories":[56],"tags":[],"class_list":["post-8760","post","type-post","status-publish","format-standard","has-post-thumbnail","hentry","category-trabajo"],"jetpack_featured_media_url":"https:\/\/radiorevelacionfm.cl\/wp-content\/uploads\/2021\/09\/feriadoirrenunciablecomercio-1-1_optimized.jpeg","_links":{"self":[{"href":"https:\/\/radiorevelacionfm.cl\/index.php?rest_route=\/wp\/v2\/posts\/8760","targetHints":{"allow":["GET"]}}],"collection":[{"href":"https:\/\/radiorevelacionfm.cl\/index.php?rest_route=\/wp\/v2\/posts"}],"about":[{"href":"https:\/\/radiorevelacionfm.cl\/index.php?rest_route=\/wp\/v2\/types\/post"}],"author":[{"embeddable":true,"href":"https:\/\/radiorevelacionfm.cl\/index.php?rest_route=\/wp\/v2\/users\/1"}],"replies":[{"embeddable":true,"href":"https:\/\/radiorevelacionfm.cl\/index.php?rest_route=%2Fwp%2Fv2%2Fcomments&post=8760"}],"version-history":[{"count":1,"href":"https:\/\/radiorevelacionfm.cl\/index.php?rest_route=\/wp\/v2\/posts\/8760\/revisions"}],"predecessor-version":[{"id":8762,"href":"https:\/\/radiorevelacionfm.cl\/index.php?rest_route=\/wp\/v2\/posts\/8760\/revisions\/8762"}],"wp:featuredmedia":[{"embeddable":true,"href":"https:\/\/radiorevelacionfm.cl\/index.php?rest_route=\/wp\/v2\/media\/8761"}],"wp:attachment":[{"href":"https:\/\/radiorevelacionfm.cl\/index.php?rest_route=%2Fwp%2Fv2%2Fmedia&parent=8760"}],"wp:term":[{"taxonomy":"category","embeddable":true,"href":"https:\/\/radiorevelacionfm.cl\/index.php?rest_route=%2Fwp%2Fv2%2Fcategories&post=8760"},{"taxonomy":"post_tag","embeddable":true,"href":"https:\/\/radiorevelacionfm.cl\/index.php?rest_route=%2Fwp%2Fv2%2Ftags&post=8760"}],"curies":[{"name":"wp","href":"https:\/\/api.w.org\/{rel}","templated":true}]}}