{"id":8753,"date":"2021-09-15T18:31:06","date_gmt":"2021-09-15T21:31:06","guid":{"rendered":"https:\/\/radiorevelacionfm.cl\/?p=8753"},"modified":"2021-09-15T18:31:06","modified_gmt":"2021-09-15T21:31:06","slug":"webinar-reunio-a-empresas-regionales-interesadas-en-el-programa-ponle-energia-a-tu-pyme","status":"publish","type":"post","link":"https:\/\/radiorevelacionfm.cl\/?p=8753","title":{"rendered":"Webinar reuni\u00f3 a empresas regionales interesadas en el programa \u201cPonle energ\u00eda a tu Pyme\u201d"},"content":{"rendered":"<div class=\"flex_column av_one_full  flex_column_div av-zero-column-padding first  avia-builder-el-0  el_before_av_one_full  avia-builder-el-first  \" style='border-radius:0px; '><div  class='avia-image-container  av-styling-    avia-builder-el-1  avia-builder-el-no-sibling  avia-align-center '  itemprop=\"image\" itemscope=\"itemscope\" itemtype=\"https:\/\/schema.org\/ImageObject\"  ><div class='avia-image-container-inner'><div class='avia-image-overlay-wrap'><img decoding=\"async\" class='wp-image-8754 avia-img-lazy-loading-not-8754 avia_image' src=\"https:\/\/radiorevelacionfm.cl\/wp-content\/uploads\/2021\/09\/provisionescoyhaique-1_optimized.jpeg\" alt='' title='provisionescoyhaique--(1)_optimized' height=\"600\" width=\"900\"  itemprop=\"thumbnailUrl\" srcset=\"https:\/\/radiorevelacionfm.cl\/wp-content\/uploads\/2021\/09\/provisionescoyhaique-1_optimized.jpeg 900w, https:\/\/radiorevelacionfm.cl\/wp-content\/uploads\/2021\/09\/provisionescoyhaique-1_optimized-300x200.jpeg 300w, https:\/\/radiorevelacionfm.cl\/wp-content\/uploads\/2021\/09\/provisionescoyhaique-1_optimized-768x512.jpeg 768w, https:\/\/radiorevelacionfm.cl\/wp-content\/uploads\/2021\/09\/provisionescoyhaique-1_optimized-705x470.jpeg 705w, https:\/\/radiorevelacionfm.cl\/wp-content\/uploads\/2021\/09\/provisionescoyhaique-1_optimized-600x400.jpeg 600w\" sizes=\"(max-width: 900px) 100vw, 900px\" \/><\/div><\/div><\/div><\/div><div class=\"flex_column av_one_full  flex_column_div av-zero-column-padding first  avia-builder-el-2  el_after_av_one_full  el_before_av_one_full  column-top-margin\" style='border-radius:0px; '><section class=\"av_textblock_section \"  itemscope=\"itemscope\" itemtype=\"https:\/\/schema.org\/BlogPosting\" itemprop=\"blogPost\" ><div class='avia_textblock  '   itemprop=\"text\" ><p style=\"text-align: center;\"><strong><span style=\"font-size: 18pt;\">Webinar reuni\u00f3 a empresas regionales interesadas en el programa \u201cPonle energ\u00eda a tu Pyme\u201d<\/span><\/strong><\/p>\n<div id=\"gtx-trans\" style=\"position: absolute; left: -50px; top: 4.31534px;\">\n<div class=\"gtx-trans-icon\"><\/div>\n<\/div>\n<\/div><\/section><\/div><div class=\"flex_column av_one_full  flex_column_div av-zero-column-padding first  avia-builder-el-4  el_after_av_one_full  el_before_av_hr  column-top-margin\" style='border-radius:0px; '><section class=\"av_textblock_section \"  itemscope=\"itemscope\" itemtype=\"https:\/\/schema.org\/BlogPosting\" itemprop=\"blogPost\" ><div class='avia_textblock  '   itemprop=\"text\" ><p style=\"text-align: justify;\">Micro, peque\u00f1os y medianos empresarios de la regi\u00f3n de Ays\u00e9n interesados en postular al programa \u201cPonle Energ\u00eda a Tu Pyme\u201d, se reunieron en un webinar informativo organizado por la Seremi de Energ\u00eda de Ays\u00e9n y la Agencia de Sostenibilidad Energ\u00e9tica.<\/p>\n<p style=\"text-align: justify;\">La actividad encabezada por el Seremi de Energ\u00eda de Ays\u00e9n, Juan Luis Amen\u00e1bar, y el Seremi de Econom\u00eda, Carlos Pacheco, tuvo como objetivo responder las inquietudes de los participantes y entregar la informaci\u00f3n necesaria sobre la segunda versi\u00f3n de este Programa, que este a\u00f1o cuenta un fondo de $3.800 millones de pesos para beneficiar directamente a m\u00e1s de 700 MiPyMEs a nivel nacional, a trav\u00e9s de la implementaci\u00f3n de proyectos de eficiencia energ\u00e9tica, energ\u00edas renovables y electromovilidad.<\/p>\n<p style=\"text-align: justify;\">Al respecto el Seremi Amen\u00e1bar indic\u00f3 que \u201csabemos que este periodo de pandemia ha sido particularmente dif\u00edcil para las MiPyMEs de nuestro pa\u00eds. Por ello, como sector Energ\u00eda hemos querido apoyarlas a trav\u00e9s de este Programa, para que puedan implementar proyectos que les permitan reducir sus costos energ\u00e9ticos y ser m\u00e1s eficientes. Estamos muy contentos con los resultados de este webinar, y esperamos seguir motivando a las empresas regionales para que postulen a esta importante iniciativa\u201d.<\/p>\n<p style=\"text-align: justify;\">Por su parte el Seremi Pacheco se\u00f1al\u00f3 que \u201ctodos los ministerios nos hemos unido para que en esta reactivaci\u00f3n econ\u00f3mica no quede nadie fuera, independiente del rubro al que pertenezcan nuestras micro, peque\u00f1as y medianas empresas. En esa l\u00ednea, este Programa es de gran importancia ya que va en apoyo directo de las Pymes de nuestra regi\u00f3n, permiti\u00e9ndoles acceder a energ\u00edas limpias lo que es fundamental si queremos ayudar a nuestro planeta, bajar nuestra huella de carbono y preservar esta hermosa regi\u00f3n para nuestros hijos\u201d.<\/p>\n<p style=\"text-align: justify;\">La versi\u00f3n 2020 de este Programa benefici\u00f3 a 11 empresas de la regi\u00f3n de Ays\u00e9n, las que se adjudicaron fondos por m\u00e1s de $38 millones, y pertenecieron a diferentes sectores, como turismo, hoteler\u00eda, comercio, industria alimenticia, y empresas de servicios. Dichos proyectos representaron una capacidad instalada total de 44,73 Kw en energ\u00edas renovables, junto a una reducci\u00f3n de emisiones de 24,10 tCO\u2082 Eq \/a\u00f1o. Hay que destacar que en esta edici\u00f3n 2021, los postulantes regionales podr\u00e1n acceder a un copago acumulable especial por tratarse de una zona extrema (10% extra), pudiendo alcanzar en nuestra regi\u00f3n a un cofinanciamiento de hasta un 92% en el caso de las micro empresas, si la titular del proyecto o Pyme es una mujer.<\/p>\n<p style=\"text-align: justify;\">Para mayor informaci\u00f3n sobre el programa \u201cPonle Energ\u00eda a tu Pyme\u201d, tales como montos de cofinanciamiento, bases del concurso, y consultas en general sobre la postulaci\u00f3n, se puede visitar la p\u00e1gina www.ponleenergia.cl o contactar a la Seremi de Energ\u00eda de Ays\u00e9n, ubicada en calle Baquedano #310 interior, tel\u00e9fono 223656656 &#8211; anexo 564, y seguir las cuentas en redes sociales: @EnergiaAysen en Twitter, Energ\u00eda Ays\u00e9n en Facebook,@energiaaysen en Instagram.<\/p>\n<\/div><\/section><\/div><div  style='height:50px' class='hr hr-invisible   avia-builder-el-6  el_after_av_one_full  el_before_av_social_share '><span class='hr-inner ' ><span class='hr-inner-style'><\/span><\/span><\/div><\/p>\n<div  class='av-social-sharing-box  avia-builder-el-7  el_after_av_hr  el_before_av_hr  '><div class='av-share-box'><h5 class='av-share-link-description av-no-toc '>Compartir esta noticia<\/h5><ul class='av-share-box-list noLightbox'><li class='av-share-link av-social-link-facebook' ><a target=\"_blank\" aria-label=\"Compartir en Facebook\" href='https:\/\/www.facebook.com\/sharer.php?u=https:\/\/radiorevelacionfm.cl\/?p=8753&#038;t=Webinar%20reuni%C3%B3%20a%20empresas%20regionales%20interesadas%20en%20el%20programa%20%E2%80%9CPonle%20energ%C3%ADa%20a%20tu%20Pyme%E2%80%9D' aria-hidden='false' data-av_icon='\ue8f3' data-av_iconfont='entypo-fontello' title='' data-avia-related-tooltip='Compartir en Facebook' rel=\"noopener\"><span class='avia_hidden_link_text'>Compartir en Facebook<\/span><\/a><\/li><li class='av-share-link av-social-link-twitter' ><a target=\"_blank\" aria-label=\"Compartir en Twitter\" href='https:\/\/twitter.com\/share?text=Webinar%20reuni%C3%B3%20a%20empresas%20regionales%20interesadas%20en%20el%20programa%20%E2%80%9CPonle%20energ%C3%ADa%20a%20tu%20Pyme%E2%80%9D&#038;url=https:\/\/radiorevelacionfm.cl\/?p=8753' aria-hidden='false' data-av_icon='\ue8f1' data-av_iconfont='entypo-fontello' title='' data-avia-related-tooltip='Compartir en Twitter' rel=\"noopener\"><span class='avia_hidden_link_text'>Compartir en Twitter<\/span><\/a><\/li><li class='av-share-link av-social-link-whatsapp' ><a target=\"_blank\" aria-label=\"Compartir en Whatsapp\" href='https:\/\/api.whatsapp.com\/send?text=https:\/\/radiorevelacionfm.cl\/?p=8753' aria-hidden='false' data-av_icon='\uf232' data-av_iconfont='entypo-fontello' title='' data-avia-related-tooltip='Compartir en Whatsapp' rel=\"noopener\"><span class='avia_hidden_link_text'>Compartir en Whatsapp<\/span><\/a><\/li><li class='av-share-link av-social-link-linkedin' ><a target=\"_blank\" aria-label=\"Compartir en LinkedIn\" href='https:\/\/linkedin.com\/shareArticle?mini=true&#038;title=Webinar%20reuni%C3%B3%20a%20empresas%20regionales%20interesadas%20en%20el%20programa%20%E2%80%9CPonle%20energ%C3%ADa%20a%20tu%20Pyme%E2%80%9D&#038;url=https:\/\/radiorevelacionfm.cl\/?p=8753' aria-hidden='false' data-av_icon='\ue8fc' data-av_iconfont='entypo-fontello' title='' data-avia-related-tooltip='Compartir en LinkedIn' rel=\"noopener\"><span class='avia_hidden_link_text'>Compartir en LinkedIn<\/span><\/a><\/li><li class='av-share-link av-social-link-mail' ><a  aria-label=\"Compartir por correo\" href='mailto:?subject=Webinar%20reuni%C3%B3%20a%20empresas%20regionales%20interesadas%20en%20el%20programa%20%E2%80%9CPonle%20energ%C3%ADa%20a%20tu%20Pyme%E2%80%9D&#038;body=https:\/\/radiorevelacionfm.cl\/?p=8753' aria-hidden='false' data-av_icon='\ue805' data-av_iconfont='entypo-fontello' title='' data-avia-related-tooltip='Compartir por correo'><span class='avia_hidden_link_text'>Compartir por correo<\/span><\/a><\/li><\/ul><\/div><\/div>\n<div  style='height:50px' class='hr hr-invisible   avia-builder-el-8  el_after_av_social_share  el_before_av_comments_list '><span class='hr-inner ' ><span class='hr-inner-style'><\/span><\/span><\/div>\n<div  class='av-buildercomment  av-blog-meta-html-info-disabled av-blog-meta-tag-disabled  '><\/div>\n","protected":false},"excerpt":{"rendered":"","protected":false},"author":1,"featured_media":8754,"comment_status":"open","ping_status":"open","sticky":false,"template":"","format":"standard","meta":{"footnotes":""},"categories":[38],"tags":[],"class_list":["post-8753","post","type-post","status-publish","format-standard","has-post-thumbnail","hentry","category-regional"],"jetpack_featured_media_url":"https:\/\/radiorevelacionfm.cl\/wp-content\/uploads\/2021\/09\/provisionescoyhaique-1_optimized.jpeg","_links":{"self":[{"href":"https:\/\/radiorevelacionfm.cl\/index.php?rest_route=\/wp\/v2\/posts\/8753","targetHints":{"allow":["GET"]}}],"collection":[{"href":"https:\/\/radiorevelacionfm.cl\/index.php?rest_route=\/wp\/v2\/posts"}],"about":[{"href":"https:\/\/radiorevelacionfm.cl\/index.php?rest_route=\/wp\/v2\/types\/post"}],"author":[{"embeddable":true,"href":"https:\/\/radiorevelacionfm.cl\/index.php?rest_route=\/wp\/v2\/users\/1"}],"replies":[{"embeddable":true,"href":"https:\/\/radiorevelacionfm.cl\/index.php?rest_route=%2Fwp%2Fv2%2Fcomments&post=8753"}],"version-history":[{"count":1,"href":"https:\/\/radiorevelacionfm.cl\/index.php?rest_route=\/wp\/v2\/posts\/8753\/revisions"}],"predecessor-version":[{"id":8755,"href":"https:\/\/radiorevelacionfm.cl\/index.php?rest_route=\/wp\/v2\/posts\/8753\/revisions\/8755"}],"wp:featuredmedia":[{"embeddable":true,"href":"https:\/\/radiorevelacionfm.cl\/index.php?rest_route=\/wp\/v2\/media\/8754"}],"wp:attachment":[{"href":"https:\/\/radiorevelacionfm.cl\/index.php?rest_route=%2Fwp%2Fv2%2Fmedia&parent=8753"}],"wp:term":[{"taxonomy":"category","embeddable":true,"href":"https:\/\/radiorevelacionfm.cl\/index.php?rest_route=%2Fwp%2Fv2%2Fcategories&post=8753"},{"taxonomy":"post_tag","embeddable":true,"href":"https:\/\/radiorevelacionfm.cl\/index.php?rest_route=%2Fwp%2Fv2%2Ftags&post=8753"}],"curies":[{"name":"wp","href":"https:\/\/api.w.org\/{rel}","templated":true}]}}