{"id":8750,"date":"2021-09-15T18:15:06","date_gmt":"2021-09-15T21:15:06","guid":{"rendered":"https:\/\/radiorevelacionfm.cl\/?p=8750"},"modified":"2021-09-15T18:15:06","modified_gmt":"2021-09-15T21:15:06","slug":"puerto-cisnes-registra-incremento-de-casos-covid-19-asociados-a-probable-variante-delta","status":"publish","type":"post","link":"https:\/\/radiorevelacionfm.cl\/?p=8750","title":{"rendered":"Puerto Cisnes registra incremento de casos COVID-19 asociados a probable variante Delta"},"content":{"rendered":"<div class=\"flex_column av_one_full  flex_column_div av-zero-column-padding first  avia-builder-el-0  el_before_av_one_full  avia-builder-el-first  \" style='border-radius:0px; '><div  class='avia-image-container  av-styling-    avia-builder-el-1  avia-builder-el-no-sibling  avia-align-center '  itemprop=\"image\" itemscope=\"itemscope\" itemtype=\"https:\/\/schema.org\/ImageObject\"  ><div class='avia-image-container-inner'><div class='avia-image-overlay-wrap'><img decoding=\"async\" class='wp-image-8751 avia-img-lazy-loading-not-8751 avia_image' src=\"https:\/\/radiorevelacionfm.cl\/wp-content\/uploads\/2021\/09\/LAB-HRC-01-1-1.jpg\" alt='' title='LAB-HRC-01 (1) (1)' height=\"600\" width=\"837\"  itemprop=\"thumbnailUrl\" srcset=\"https:\/\/radiorevelacionfm.cl\/wp-content\/uploads\/2021\/09\/LAB-HRC-01-1-1.jpg 837w, https:\/\/radiorevelacionfm.cl\/wp-content\/uploads\/2021\/09\/LAB-HRC-01-1-1-300x215.jpg 300w, https:\/\/radiorevelacionfm.cl\/wp-content\/uploads\/2021\/09\/LAB-HRC-01-1-1-768x551.jpg 768w, https:\/\/radiorevelacionfm.cl\/wp-content\/uploads\/2021\/09\/LAB-HRC-01-1-1-260x185.jpg 260w, https:\/\/radiorevelacionfm.cl\/wp-content\/uploads\/2021\/09\/LAB-HRC-01-1-1-705x505.jpg 705w, https:\/\/radiorevelacionfm.cl\/wp-content\/uploads\/2021\/09\/LAB-HRC-01-1-1-600x430.jpg 600w\" sizes=\"(max-width: 837px) 100vw, 837px\" \/><\/div><\/div><\/div><\/div><div class=\"flex_column av_one_full  flex_column_div av-zero-column-padding first  avia-builder-el-2  el_after_av_one_full  el_before_av_one_full  column-top-margin\" style='border-radius:0px; '><section class=\"av_textblock_section \"  itemscope=\"itemscope\" itemtype=\"https:\/\/schema.org\/BlogPosting\" itemprop=\"blogPost\" ><div class='avia_textblock  '   itemprop=\"text\" ><p style=\"text-align: center;\"><strong><span style=\"font-size: 18pt;\">Puerto Cisnes registra incremento de casos COVID-19 asociados a probable variante Delta<\/span><\/strong><\/p>\n<div id=\"gtx-trans\" style=\"position: absolute; left: -50px; top: 4.31534px;\">\n<div class=\"gtx-trans-icon\"><\/div>\n<\/div>\n<\/div><\/section><\/div><div class=\"flex_column av_one_full  flex_column_div av-zero-column-padding first  avia-builder-el-4  el_after_av_one_full  el_before_av_hr  column-top-margin\" style='border-radius:0px; '><section class=\"av_textblock_section \"  itemscope=\"itemscope\" itemtype=\"https:\/\/schema.org\/BlogPosting\" itemprop=\"blogPost\" ><div class='avia_textblock  '   itemprop=\"text\" ><p style=\"text-align: justify;\">En base a los \u00faltimos resultados que arroj\u00f3 el laboratorio del Hospital Regional Coyhaique, hasta este momento se han notificado en la localidad de Puerto Cisnes un total de 12 casos confirmados por PCR o test de ant\u00edgeno, adem\u00e1s de 06 casos probables, con un total de 18 casos; brote por COVID-19 que tiene la particularidad que presenta un total de 08 casos probables de variante Delta.<\/p>\n<p style=\"text-align: justify;\">La informaci\u00f3n la dio a conocer la Seremi de Salud (s), Ver\u00f3nica Godoy Molina, quien adem\u00e1s hizo un llamado a la comunidad a extremar las medidas de autocuidado para el control de los contagios. \u201cEsta ma\u00f1ana el laboratorio de biolog\u00eda molecular del Hospital Regional Coyhaique report\u00f3 la existencia de 08 casos probables de variante Delta, que corresponde a 03 ni\u00f1os y 05 adultos. El cuadro cl\u00ednico presentado por los casos corresponde a enfermedad respiratoria leve. Todos ellos cumpliendo su asilamiento en su domicilio. Es por esta raz\u00f3n, que hacemos un llamado a la comunidad de Cisnes para que durante los pr\u00f3ximos d\u00edas extremen las medidas preventivas frente al COVID-19, que se re\u00fanan ojal\u00e1 solo con su grupo familiar cercano para no facilitar la propagaci\u00f3n del coronavirus, ya que de no existir la responsabilidad individual para mantener las medidas de autocuidado, podr\u00eda existir un aumento de casos en la comuna de Cisnes, generando incluso modificaciones en el plan Paso a Paso para esta comuna\u201d.<\/p>\n<p style=\"text-align: justify;\">En el caso de los casos reportados, el promedio de edad es de 30 a\u00f1os, con un rango de 2 a 63 a\u00f1os, donde hasta este momento no se registran personas hospitalizadas.<\/p>\n<p style=\"text-align: justify;\"><strong>Recomendaciones<\/strong><\/p>\n<p style=\"text-align: justify;\">&#8211; Debido a que la localidad se encuentra en fase 4 del Plan Paso a Paso, se solicita a la comunidad concurrir tempranamente a evaluaci\u00f3n m\u00e9dica a hospital local, frente a s\u00edntomas sugerentes de COVID 19.<\/p>\n<p style=\"text-align: justify;\">&#8211; Para el fin de semana de Fiestas Patrias se solicita a la comunidad limitar los festejos a grupos peque\u00f1os, familiares y aplicando todas las medidas de prevenci\u00f3n.<\/p>\n<p style=\"text-align: justify;\">&#8211; Las personas con sintomatolog\u00eda respiratoria abstenerse de participar en reuniones sociales.<\/p>\n<\/div><\/section><\/div><div  style='height:50px' class='hr hr-invisible   avia-builder-el-6  el_after_av_one_full  el_before_av_social_share '><span class='hr-inner ' ><span class='hr-inner-style'><\/span><\/span><\/div><\/p>\n<div  class='av-social-sharing-box  avia-builder-el-7  el_after_av_hr  el_before_av_hr  '><div class='av-share-box'><h5 class='av-share-link-description av-no-toc '>Compartir esta noticia<\/h5><ul class='av-share-box-list noLightbox'><li class='av-share-link av-social-link-facebook' ><a target=\"_blank\" aria-label=\"Compartir en Facebook\" href='https:\/\/www.facebook.com\/sharer.php?u=https:\/\/radiorevelacionfm.cl\/?p=8750&#038;t=Puerto%20Cisnes%20registra%20incremento%20de%20casos%20COVID-19%20asociados%20a%20probable%20variante%20Delta' aria-hidden='false' data-av_icon='\ue8f3' data-av_iconfont='entypo-fontello' title='' data-avia-related-tooltip='Compartir en Facebook' rel=\"noopener\"><span class='avia_hidden_link_text'>Compartir en Facebook<\/span><\/a><\/li><li class='av-share-link av-social-link-twitter' ><a target=\"_blank\" aria-label=\"Compartir en Twitter\" href='https:\/\/twitter.com\/share?text=Puerto%20Cisnes%20registra%20incremento%20de%20casos%20COVID-19%20asociados%20a%20probable%20variante%20Delta&#038;url=https:\/\/radiorevelacionfm.cl\/?p=8750' aria-hidden='false' data-av_icon='\ue8f1' data-av_iconfont='entypo-fontello' title='' data-avia-related-tooltip='Compartir en Twitter' rel=\"noopener\"><span class='avia_hidden_link_text'>Compartir en Twitter<\/span><\/a><\/li><li class='av-share-link av-social-link-whatsapp' ><a target=\"_blank\" aria-label=\"Compartir en Whatsapp\" href='https:\/\/api.whatsapp.com\/send?text=https:\/\/radiorevelacionfm.cl\/?p=8750' aria-hidden='false' data-av_icon='\uf232' data-av_iconfont='entypo-fontello' title='' data-avia-related-tooltip='Compartir en Whatsapp' rel=\"noopener\"><span class='avia_hidden_link_text'>Compartir en Whatsapp<\/span><\/a><\/li><li class='av-share-link av-social-link-linkedin' ><a target=\"_blank\" aria-label=\"Compartir en LinkedIn\" href='https:\/\/linkedin.com\/shareArticle?mini=true&#038;title=Puerto%20Cisnes%20registra%20incremento%20de%20casos%20COVID-19%20asociados%20a%20probable%20variante%20Delta&#038;url=https:\/\/radiorevelacionfm.cl\/?p=8750' aria-hidden='false' data-av_icon='\ue8fc' data-av_iconfont='entypo-fontello' title='' data-avia-related-tooltip='Compartir en LinkedIn' rel=\"noopener\"><span class='avia_hidden_link_text'>Compartir en LinkedIn<\/span><\/a><\/li><li class='av-share-link av-social-link-mail' ><a  aria-label=\"Compartir por correo\" href='mailto:?subject=Puerto%20Cisnes%20registra%20incremento%20de%20casos%20COVID-19%20asociados%20a%20probable%20variante%20Delta&#038;body=https:\/\/radiorevelacionfm.cl\/?p=8750' aria-hidden='false' data-av_icon='\ue805' data-av_iconfont='entypo-fontello' title='' data-avia-related-tooltip='Compartir por correo'><span class='avia_hidden_link_text'>Compartir por correo<\/span><\/a><\/li><\/ul><\/div><\/div>\n<div  style='height:50px' class='hr hr-invisible   avia-builder-el-8  el_after_av_social_share  el_before_av_comments_list '><span class='hr-inner ' ><span class='hr-inner-style'><\/span><\/span><\/div>\n<div  class='av-buildercomment  av-blog-meta-html-info-disabled av-blog-meta-tag-disabled  '><\/div>\n","protected":false},"excerpt":{"rendered":"","protected":false},"author":1,"featured_media":8751,"comment_status":"open","ping_status":"open","sticky":false,"template":"","format":"standard","meta":{"footnotes":""},"categories":[46],"tags":[],"class_list":["post-8750","post","type-post","status-publish","format-standard","has-post-thumbnail","hentry","category-salud"],"jetpack_featured_media_url":"https:\/\/radiorevelacionfm.cl\/wp-content\/uploads\/2021\/09\/LAB-HRC-01-1-1.jpg","_links":{"self":[{"href":"https:\/\/radiorevelacionfm.cl\/index.php?rest_route=\/wp\/v2\/posts\/8750","targetHints":{"allow":["GET"]}}],"collection":[{"href":"https:\/\/radiorevelacionfm.cl\/index.php?rest_route=\/wp\/v2\/posts"}],"about":[{"href":"https:\/\/radiorevelacionfm.cl\/index.php?rest_route=\/wp\/v2\/types\/post"}],"author":[{"embeddable":true,"href":"https:\/\/radiorevelacionfm.cl\/index.php?rest_route=\/wp\/v2\/users\/1"}],"replies":[{"embeddable":true,"href":"https:\/\/radiorevelacionfm.cl\/index.php?rest_route=%2Fwp%2Fv2%2Fcomments&post=8750"}],"version-history":[{"count":1,"href":"https:\/\/radiorevelacionfm.cl\/index.php?rest_route=\/wp\/v2\/posts\/8750\/revisions"}],"predecessor-version":[{"id":8752,"href":"https:\/\/radiorevelacionfm.cl\/index.php?rest_route=\/wp\/v2\/posts\/8750\/revisions\/8752"}],"wp:featuredmedia":[{"embeddable":true,"href":"https:\/\/radiorevelacionfm.cl\/index.php?rest_route=\/wp\/v2\/media\/8751"}],"wp:attachment":[{"href":"https:\/\/radiorevelacionfm.cl\/index.php?rest_route=%2Fwp%2Fv2%2Fmedia&parent=8750"}],"wp:term":[{"taxonomy":"category","embeddable":true,"href":"https:\/\/radiorevelacionfm.cl\/index.php?rest_route=%2Fwp%2Fv2%2Fcategories&post=8750"},{"taxonomy":"post_tag","embeddable":true,"href":"https:\/\/radiorevelacionfm.cl\/index.php?rest_route=%2Fwp%2Fv2%2Ftags&post=8750"}],"curies":[{"name":"wp","href":"https:\/\/api.w.org\/{rel}","templated":true}]}}