{"id":8747,"date":"2021-09-15T15:03:36","date_gmt":"2021-09-15T18:03:36","guid":{"rendered":"https:\/\/radiorevelacionfm.cl\/?p=8747"},"modified":"2021-09-15T15:03:36","modified_gmt":"2021-09-15T18:03:36","slug":"karina-acevedo-en-visita-a-lago-verde-hay-que-darle-mas-atribuciones-y-herramientas-al-servel","status":"publish","type":"post","link":"https:\/\/radiorevelacionfm.cl\/?p=8747","title":{"rendered":"Karina Acevedo en visita a Lago Verde \u201cHay que darle m\u00e1s atribuciones y herramientas al Servel\u201d"},"content":{"rendered":"<div class=\"flex_column av_one_full  flex_column_div av-zero-column-padding first  avia-builder-el-0  el_before_av_one_full  avia-builder-el-first  \" style='border-radius:0px; '><div  class='avia-image-container  av-styling-    avia-builder-el-1  avia-builder-el-no-sibling  avia-align-center '  itemprop=\"image\" itemscope=\"itemscope\" itemtype=\"https:\/\/schema.org\/ImageObject\"  ><div class='avia-image-container-inner'><div class='avia-image-overlay-wrap'><img decoding=\"async\" class='wp-image-8748 avia-img-lazy-loading-not-8748 avia_image' src=\"https:\/\/radiorevelacionfm.cl\/wp-content\/uploads\/2021\/09\/k-a-lv2_optimized.jpg\" alt='' title='k-a-lv2_optimized' height=\"622\" width=\"1280\"  itemprop=\"thumbnailUrl\" srcset=\"https:\/\/radiorevelacionfm.cl\/wp-content\/uploads\/2021\/09\/k-a-lv2_optimized.jpg 1280w, https:\/\/radiorevelacionfm.cl\/wp-content\/uploads\/2021\/09\/k-a-lv2_optimized-300x146.jpg 300w, https:\/\/radiorevelacionfm.cl\/wp-content\/uploads\/2021\/09\/k-a-lv2_optimized-1030x501.jpg 1030w, https:\/\/radiorevelacionfm.cl\/wp-content\/uploads\/2021\/09\/k-a-lv2_optimized-768x373.jpg 768w, https:\/\/radiorevelacionfm.cl\/wp-content\/uploads\/2021\/09\/k-a-lv2_optimized-705x343.jpg 705w, https:\/\/radiorevelacionfm.cl\/wp-content\/uploads\/2021\/09\/k-a-lv2_optimized-600x292.jpg 600w\" sizes=\"(max-width: 1280px) 100vw, 1280px\" \/><\/div><\/div><\/div><\/div><div class=\"flex_column av_one_full  flex_column_div av-zero-column-padding first  avia-builder-el-2  el_after_av_one_full  el_before_av_one_full  column-top-margin\" style='border-radius:0px; '><section class=\"av_textblock_section \"  itemscope=\"itemscope\" itemtype=\"https:\/\/schema.org\/BlogPosting\" itemprop=\"blogPost\" ><div class='avia_textblock  '   itemprop=\"text\" ><p style=\"text-align: center;\"><strong><span style=\"font-size: 18pt;\">Karina Acevedo en visita a Lago Verde \u201cHay que darle m\u00e1s atribuciones y herramientas al Servel\u201d<\/span><\/strong><\/p>\n<div id=\"gtx-trans\" style=\"position: absolute; left: -50px; top: 4.31534px;\">\n<div class=\"gtx-trans-icon\"><\/div>\n<\/div>\n<\/div><\/section><\/div><div class=\"flex_column av_one_full  flex_column_div av-zero-column-padding first  avia-builder-el-4  el_after_av_one_full  el_before_av_hr  column-top-margin\" style='border-radius:0px; '><section class=\"av_textblock_section \"  itemscope=\"itemscope\" itemtype=\"https:\/\/schema.org\/BlogPosting\" itemprop=\"blogPost\" ><div class='avia_textblock  '   itemprop=\"text\" ><p style=\"text-align: justify;\">En un despliegue territorial que la llev\u00f3 hasta la comuna de Lago Verde y algunas localidades de Cisnes, Karina Acevedo, candidata a diputada por la Regi\u00f3n de Ays\u00e9n pudo conocer diferentes inquietudes de la ciudadan\u00eda, alguna de ellas se arrastran por d\u00e9cadas. En ese sentido la postulante al congreso por el distrito N\u00b0 27 reconoci\u00f3 que una de las principales preocupaciones es \u201cel abultamiento de los padrones electorales\u201d situaci\u00f3n que ha llevado en que algunas comunas incluso existan m\u00e1s votantes que residentes seg\u00fan las cifras oficiales comparadas del Registro Electoral e INE respectivamente, \u201cuna situaci\u00f3n que se puede revertir otorgando reales facultades y herramientas al Servel, adem\u00e1s de establecer severas sanciones para quienes infrinjan la ley.\u201d<\/p>\n<p style=\"text-align: justify;\">Karina Acevedo, candidata a diputada que realiz\u00f3 una serie de visitas a familias y dirigentes en Villa Amengual Lago Verde y el sector Valle Figueroa, adem\u00e1s de las localidades de Las Juntas y Cisnes, agradeci\u00f3 el recibimiento y la posibilidad establecer una dialogo abierto y franco en cada uno de los hogares. \u201cHay una factor com\u00fan que es preocupante y que me lo encomiendan como tarea para un 2022 en el parlamento: es lo que sucede con nuestro registro electoral, con el Servel y las fiscalizaciones, c\u00f3mo prevenimos tener registros electorales con padrones de votantes mucho m\u00e1s abultados incluso que el total de habitantes de algunas comunas. Esa es una tarea que se debe abordar legislativamente y a la cual se debe dar respuesta, la gente no se siente no representada y est\u00e1 defraudada\u201d.<\/p>\n<p style=\"text-align: justify;\">En esa misma l\u00ednea, la postulante a la C\u00e1mara Baja al distrito N\u00b0 27 correspondiente a la Regi\u00f3n de Ays\u00e9n enfatiz\u00f3 que \u201casum\u00ed un compromiso que de ser diputada deberemos dar respuesta a esta demanda y mejorar las condiciones de fiscalizaci\u00f3n y atribuciones que tiene actualmente el Servel, ver cu\u00e1ntos son los verdaderos votantes en cada una de las comunas. La ciudadan\u00eda lo que busca es que finalmente gobierne y est\u00e9 a cargo de los destinos de sus territorios las personas que ellos han decidido y no personas que practican el turismo electoral. La herramientas del Servel no son suficientes, necesitan mayores atribuciones para fiscalizar, con eso sin duda tendremos familias felices, pueblos m\u00e1s contentos y por sobre todo fortaleceremos nuestra democracia, a eso debemos abocarnos como parlamentarios\u201d.<\/p>\n<p style=\"text-align: justify;\">Cabe destacar que dos de los casos m\u00e1s emblem\u00e1ticos correspondiente al abultamiento de padrones son los que se dan en las comunas de Lago Verde y R\u00edo Ib\u00e1\u00f1ez, donde seg\u00fan datos estad\u00edsticos del Censo 2017 existe una poblaci\u00f3n total de 852 y 2.066 habitantes respectivamente, no obstante seg\u00fan datos oficiales del Servel arrojan que en la \u00faltima elecci\u00f3n municipal votaron 904 y 1.627 personas, es decir un 6% m\u00e1s del total de habitantes y en el segundo caso, m\u00e1s de un 78% la poblaci\u00f3n seg\u00fan el \u00faltimo Censo, muy por encima de la participaci\u00f3n promedio nacional que apenas super\u00f3 el 40% y que l\u00f3gicamente no considera a ni\u00f1os, ni\u00f1as y adolescentes.<\/p>\n<\/div><\/section><\/div><div  style='height:50px' class='hr hr-invisible   avia-builder-el-6  el_after_av_one_full  el_before_av_social_share '><span class='hr-inner ' ><span class='hr-inner-style'><\/span><\/span><\/div><\/p>\n<div  class='av-social-sharing-box  avia-builder-el-7  el_after_av_hr  el_before_av_hr  '><div class='av-share-box'><h5 class='av-share-link-description av-no-toc '>Compartir esta noticia<\/h5><ul class='av-share-box-list noLightbox'><li class='av-share-link av-social-link-facebook' ><a target=\"_blank\" aria-label=\"Compartir en Facebook\" href='https:\/\/www.facebook.com\/sharer.php?u=https:\/\/radiorevelacionfm.cl\/?p=8747&#038;t=Karina%20Acevedo%20en%20visita%20a%20Lago%20Verde%20%E2%80%9CHay%20que%20darle%20m%C3%A1s%20atribuciones%20y%20herramientas%20al%20Servel%E2%80%9D' aria-hidden='false' data-av_icon='\ue8f3' data-av_iconfont='entypo-fontello' title='' data-avia-related-tooltip='Compartir en Facebook' rel=\"noopener\"><span class='avia_hidden_link_text'>Compartir en Facebook<\/span><\/a><\/li><li class='av-share-link av-social-link-twitter' ><a target=\"_blank\" aria-label=\"Compartir en Twitter\" href='https:\/\/twitter.com\/share?text=Karina%20Acevedo%20en%20visita%20a%20Lago%20Verde%20%E2%80%9CHay%20que%20darle%20m%C3%A1s%20atribuciones%20y%20herramientas%20al%20Servel%E2%80%9D&#038;url=https:\/\/radiorevelacionfm.cl\/?p=8747' aria-hidden='false' data-av_icon='\ue8f1' data-av_iconfont='entypo-fontello' title='' data-avia-related-tooltip='Compartir en Twitter' rel=\"noopener\"><span class='avia_hidden_link_text'>Compartir en Twitter<\/span><\/a><\/li><li class='av-share-link av-social-link-whatsapp' ><a target=\"_blank\" aria-label=\"Compartir en Whatsapp\" href='https:\/\/api.whatsapp.com\/send?text=https:\/\/radiorevelacionfm.cl\/?p=8747' aria-hidden='false' data-av_icon='\uf232' data-av_iconfont='entypo-fontello' title='' data-avia-related-tooltip='Compartir en Whatsapp' rel=\"noopener\"><span class='avia_hidden_link_text'>Compartir en Whatsapp<\/span><\/a><\/li><li class='av-share-link av-social-link-linkedin' ><a target=\"_blank\" aria-label=\"Compartir en LinkedIn\" href='https:\/\/linkedin.com\/shareArticle?mini=true&#038;title=Karina%20Acevedo%20en%20visita%20a%20Lago%20Verde%20%E2%80%9CHay%20que%20darle%20m%C3%A1s%20atribuciones%20y%20herramientas%20al%20Servel%E2%80%9D&#038;url=https:\/\/radiorevelacionfm.cl\/?p=8747' aria-hidden='false' data-av_icon='\ue8fc' data-av_iconfont='entypo-fontello' title='' data-avia-related-tooltip='Compartir en LinkedIn' rel=\"noopener\"><span class='avia_hidden_link_text'>Compartir en LinkedIn<\/span><\/a><\/li><li class='av-share-link av-social-link-mail' ><a  aria-label=\"Compartir por correo\" href='mailto:?subject=Karina%20Acevedo%20en%20visita%20a%20Lago%20Verde%20%E2%80%9CHay%20que%20darle%20m%C3%A1s%20atribuciones%20y%20herramientas%20al%20Servel%E2%80%9D&#038;body=https:\/\/radiorevelacionfm.cl\/?p=8747' aria-hidden='false' data-av_icon='\ue805' data-av_iconfont='entypo-fontello' title='' data-avia-related-tooltip='Compartir por correo'><span class='avia_hidden_link_text'>Compartir por correo<\/span><\/a><\/li><\/ul><\/div><\/div>\n<div  style='height:50px' class='hr hr-invisible   avia-builder-el-8  el_after_av_social_share  el_before_av_comments_list '><span class='hr-inner ' ><span class='hr-inner-style'><\/span><\/span><\/div>\n<div  class='av-buildercomment  av-blog-meta-html-info-disabled av-blog-meta-tag-disabled  '><\/div>\n","protected":false},"excerpt":{"rendered":"","protected":false},"author":1,"featured_media":8748,"comment_status":"open","ping_status":"open","sticky":false,"template":"","format":"standard","meta":{"footnotes":""},"categories":[35],"tags":[],"class_list":["post-8747","post","type-post","status-publish","format-standard","has-post-thumbnail","hentry","category-politica"],"jetpack_featured_media_url":"https:\/\/radiorevelacionfm.cl\/wp-content\/uploads\/2021\/09\/k-a-lv2_optimized.jpg","_links":{"self":[{"href":"https:\/\/radiorevelacionfm.cl\/index.php?rest_route=\/wp\/v2\/posts\/8747","targetHints":{"allow":["GET"]}}],"collection":[{"href":"https:\/\/radiorevelacionfm.cl\/index.php?rest_route=\/wp\/v2\/posts"}],"about":[{"href":"https:\/\/radiorevelacionfm.cl\/index.php?rest_route=\/wp\/v2\/types\/post"}],"author":[{"embeddable":true,"href":"https:\/\/radiorevelacionfm.cl\/index.php?rest_route=\/wp\/v2\/users\/1"}],"replies":[{"embeddable":true,"href":"https:\/\/radiorevelacionfm.cl\/index.php?rest_route=%2Fwp%2Fv2%2Fcomments&post=8747"}],"version-history":[{"count":1,"href":"https:\/\/radiorevelacionfm.cl\/index.php?rest_route=\/wp\/v2\/posts\/8747\/revisions"}],"predecessor-version":[{"id":8749,"href":"https:\/\/radiorevelacionfm.cl\/index.php?rest_route=\/wp\/v2\/posts\/8747\/revisions\/8749"}],"wp:featuredmedia":[{"embeddable":true,"href":"https:\/\/radiorevelacionfm.cl\/index.php?rest_route=\/wp\/v2\/media\/8748"}],"wp:attachment":[{"href":"https:\/\/radiorevelacionfm.cl\/index.php?rest_route=%2Fwp%2Fv2%2Fmedia&parent=8747"}],"wp:term":[{"taxonomy":"category","embeddable":true,"href":"https:\/\/radiorevelacionfm.cl\/index.php?rest_route=%2Fwp%2Fv2%2Fcategories&post=8747"},{"taxonomy":"post_tag","embeddable":true,"href":"https:\/\/radiorevelacionfm.cl\/index.php?rest_route=%2Fwp%2Fv2%2Ftags&post=8747"}],"curies":[{"name":"wp","href":"https:\/\/api.w.org\/{rel}","templated":true}]}}