{"id":8744,"date":"2021-09-15T11:36:07","date_gmt":"2021-09-15T14:36:07","guid":{"rendered":"https:\/\/radiorevelacionfm.cl\/?p=8744"},"modified":"2021-09-15T11:36:07","modified_gmt":"2021-09-15T14:36:07","slug":"en-puerto-aysen-despliegan-rondas-de-vigilancia-para-la-prevencion-de-delitos","status":"publish","type":"post","link":"https:\/\/radiorevelacionfm.cl\/?p=8744","title":{"rendered":"En Puerto Ays\u00e9n despliegan rondas de vigilancia para la prevenci\u00f3n de delitos"},"content":{"rendered":"<div class=\"flex_column av_one_full  flex_column_div av-zero-column-padding first  avia-builder-el-0  el_before_av_one_full  avia-builder-el-first  \" style='border-radius:0px; '><div  class='avia-image-container  av-styling-    avia-builder-el-1  avia-builder-el-no-sibling  avia-align-center '  itemprop=\"image\" itemscope=\"itemscope\" itemtype=\"https:\/\/schema.org\/ImageObject\"  ><div class='avia-image-container-inner'><div class='avia-image-overlay-wrap'><img decoding=\"async\" class='wp-image-8745 avia-img-lazy-loading-not-8745 avia_image' src=\"https:\/\/radiorevelacionfm.cl\/wp-content\/uploads\/2021\/09\/img-fiscalizaMuniPolicias2-1-1.jpeg\" alt='' title='img-fiscalizaMuniPolicias2 (1) (1)' height=\"600\" width=\"800\"  itemprop=\"thumbnailUrl\" srcset=\"https:\/\/radiorevelacionfm.cl\/wp-content\/uploads\/2021\/09\/img-fiscalizaMuniPolicias2-1-1.jpeg 800w, https:\/\/radiorevelacionfm.cl\/wp-content\/uploads\/2021\/09\/img-fiscalizaMuniPolicias2-1-1-300x225.jpeg 300w, https:\/\/radiorevelacionfm.cl\/wp-content\/uploads\/2021\/09\/img-fiscalizaMuniPolicias2-1-1-768x576.jpeg 768w, https:\/\/radiorevelacionfm.cl\/wp-content\/uploads\/2021\/09\/img-fiscalizaMuniPolicias2-1-1-705x529.jpeg 705w, https:\/\/radiorevelacionfm.cl\/wp-content\/uploads\/2021\/09\/img-fiscalizaMuniPolicias2-1-1-600x450.jpeg 600w\" sizes=\"(max-width: 800px) 100vw, 800px\" \/><\/div><\/div><\/div><\/div><div class=\"flex_column av_one_full  flex_column_div av-zero-column-padding first  avia-builder-el-2  el_after_av_one_full  el_before_av_one_full  column-top-margin\" style='border-radius:0px; '><section class=\"av_textblock_section \"  itemscope=\"itemscope\" itemtype=\"https:\/\/schema.org\/BlogPosting\" itemprop=\"blogPost\" ><div class='avia_textblock  '   itemprop=\"text\" ><p style=\"text-align: center;\"><strong><span style=\"font-size: 18pt;\">En Puerto Ays\u00e9n despliegan rondas de vigilancia para la prevenci\u00f3n de delitos <\/span><\/strong><\/p>\n<div id=\"gtx-trans\" style=\"position: absolute; left: -50px; top: 4.31534px;\">\n<div class=\"gtx-trans-icon\"><\/div>\n<\/div>\n<\/div><\/section><\/div><div class=\"flex_column av_one_full  flex_column_div av-zero-column-padding first  avia-builder-el-4  el_after_av_one_full  el_before_av_hr  column-top-margin\" style='border-radius:0px; '><section class=\"av_textblock_section \"  itemscope=\"itemscope\" itemtype=\"https:\/\/schema.org\/BlogPosting\" itemprop=\"blogPost\" ><div class='avia_textblock  '   itemprop=\"text\" ><p style=\"text-align: justify;\">Durante la madrugada del jueves 15 y con la colaboraci\u00f3n de distintas instituciones, la Ilustre Municipalidad de Ays\u00e9n impuls\u00f3 la vigilancia de diversos sectores rurales de la comuna para prevenir la ocurrencia de delitos de alta connotaci\u00f3n p\u00fablica, enfocados principalmente al abigeato. Una situaci\u00f3n recurrente acaecida durante Fiestas Patrias y que, durante la \u00faltima sesi\u00f3n del \u00f3rgano de coordinaci\u00f3n, fue ampliamente tratada a solicitud de los vecinos mediante el nuevo mecanismo establecido para su participaci\u00f3n en las \u201caudiencias p\u00fablicas\u201d.<\/p>\n<p style=\"text-align: justify;\">Al respecto, el jefe de gabinete de la Casa Edilicia de Ays\u00e9n, Marco Co\u00f1uecar, destac\u00f3 que \u201cHemos comenzado estas jornadas desde la ma\u00f1ana con controles carreteros, agradecer a Carabineros de Chile, a la PDI, al SAG. Realizamos un recorrido por la comuna, hoy siendo ya las 3 de la ma\u00f1ana continuamos en labores preventivas, creo que es importante destacar el trabajo que hacen nuestras polic\u00edas, el poder estar las 24 horas trabajando con la comunidad. Esta fue una solicitud que nos realizaron los vecinos de diferentes sectores, estuvimos en Valle Verde, en el Km 18, Pangal, Lago Riesco y diversos puntos. La idea es seguir as\u00ed, darle la tranquilidad a los vecinos de que las polic\u00edas est\u00e1n trabajando y que todos estamos en la prevenci\u00f3n del delito.\u201d<\/p>\n<p style=\"text-align: justify;\">Finalmente, el personero municipal, agradeci\u00f3 los esfuerzos mancomunados que permiten integrar a nuevos actores a estas rondas preventivas. Enfatizando que este esfuerzo se desarrolla en base a lo expuesto por los distintos dirigentes sociales a trav\u00e9s del sistema de \u201caudiencias p\u00fablicas\u201d implementado por la actual administraci\u00f3n municipal, \u201cla pr\u00f3xima semana estaremos en Villa Ma\u00f1ihuales tambi\u00e9n con audiencias y la idea es poder recorrer todo el territorio para escuchar a los vecinos y cumplir como hoy lo estamos haciendo con este patrullaje preventivo\u201d puntualiz\u00f3 Co\u00f1uecar.<\/p>\n<\/div><\/section><\/div><div  style='height:50px' class='hr hr-invisible   avia-builder-el-6  el_after_av_one_full  el_before_av_social_share '><span class='hr-inner ' ><span class='hr-inner-style'><\/span><\/span><\/div><\/p>\n<div  class='av-social-sharing-box  avia-builder-el-7  el_after_av_hr  el_before_av_hr  '><div class='av-share-box'><h5 class='av-share-link-description av-no-toc '>Compartir esta noticia<\/h5><ul class='av-share-box-list noLightbox'><li class='av-share-link av-social-link-facebook' ><a target=\"_blank\" aria-label=\"Compartir en Facebook\" href='https:\/\/www.facebook.com\/sharer.php?u=https:\/\/radiorevelacionfm.cl\/?p=8744&#038;t=En%20Puerto%20Ays%C3%A9n%20despliegan%20rondas%20de%20vigilancia%20para%20la%20prevenci%C3%B3n%20de%20delitos' aria-hidden='false' data-av_icon='\ue8f3' data-av_iconfont='entypo-fontello' title='' data-avia-related-tooltip='Compartir en Facebook' rel=\"noopener\"><span class='avia_hidden_link_text'>Compartir en Facebook<\/span><\/a><\/li><li class='av-share-link av-social-link-twitter' ><a target=\"_blank\" aria-label=\"Compartir en Twitter\" href='https:\/\/twitter.com\/share?text=En%20Puerto%20Ays%C3%A9n%20despliegan%20rondas%20de%20vigilancia%20para%20la%20prevenci%C3%B3n%20de%20delitos&#038;url=https:\/\/radiorevelacionfm.cl\/?p=8744' aria-hidden='false' data-av_icon='\ue8f1' data-av_iconfont='entypo-fontello' title='' data-avia-related-tooltip='Compartir en Twitter' rel=\"noopener\"><span class='avia_hidden_link_text'>Compartir en Twitter<\/span><\/a><\/li><li class='av-share-link av-social-link-whatsapp' ><a target=\"_blank\" aria-label=\"Compartir en Whatsapp\" href='https:\/\/api.whatsapp.com\/send?text=https:\/\/radiorevelacionfm.cl\/?p=8744' aria-hidden='false' data-av_icon='\uf232' data-av_iconfont='entypo-fontello' title='' data-avia-related-tooltip='Compartir en Whatsapp' rel=\"noopener\"><span class='avia_hidden_link_text'>Compartir en Whatsapp<\/span><\/a><\/li><li class='av-share-link av-social-link-linkedin' ><a target=\"_blank\" aria-label=\"Compartir en LinkedIn\" href='https:\/\/linkedin.com\/shareArticle?mini=true&#038;title=En%20Puerto%20Ays%C3%A9n%20despliegan%20rondas%20de%20vigilancia%20para%20la%20prevenci%C3%B3n%20de%20delitos&#038;url=https:\/\/radiorevelacionfm.cl\/?p=8744' aria-hidden='false' data-av_icon='\ue8fc' data-av_iconfont='entypo-fontello' title='' data-avia-related-tooltip='Compartir en LinkedIn' rel=\"noopener\"><span class='avia_hidden_link_text'>Compartir en LinkedIn<\/span><\/a><\/li><li class='av-share-link av-social-link-mail' ><a  aria-label=\"Compartir por correo\" href='mailto:?subject=En%20Puerto%20Ays%C3%A9n%20despliegan%20rondas%20de%20vigilancia%20para%20la%20prevenci%C3%B3n%20de%20delitos&#038;body=https:\/\/radiorevelacionfm.cl\/?p=8744' aria-hidden='false' data-av_icon='\ue805' data-av_iconfont='entypo-fontello' title='' data-avia-related-tooltip='Compartir por correo'><span class='avia_hidden_link_text'>Compartir por correo<\/span><\/a><\/li><\/ul><\/div><\/div>\n<div  style='height:50px' class='hr hr-invisible   avia-builder-el-8  el_after_av_social_share  el_before_av_comments_list '><span class='hr-inner ' ><span class='hr-inner-style'><\/span><\/span><\/div>\n<div  class='av-buildercomment  av-blog-meta-html-info-disabled av-blog-meta-tag-disabled  '><\/div>\n","protected":false},"excerpt":{"rendered":"","protected":false},"author":1,"featured_media":8745,"comment_status":"open","ping_status":"open","sticky":false,"template":"","format":"standard","meta":{"footnotes":""},"categories":[38],"tags":[],"class_list":["post-8744","post","type-post","status-publish","format-standard","has-post-thumbnail","hentry","category-regional"],"jetpack_featured_media_url":"https:\/\/radiorevelacionfm.cl\/wp-content\/uploads\/2021\/09\/img-fiscalizaMuniPolicias2-1-1.jpeg","_links":{"self":[{"href":"https:\/\/radiorevelacionfm.cl\/index.php?rest_route=\/wp\/v2\/posts\/8744","targetHints":{"allow":["GET"]}}],"collection":[{"href":"https:\/\/radiorevelacionfm.cl\/index.php?rest_route=\/wp\/v2\/posts"}],"about":[{"href":"https:\/\/radiorevelacionfm.cl\/index.php?rest_route=\/wp\/v2\/types\/post"}],"author":[{"embeddable":true,"href":"https:\/\/radiorevelacionfm.cl\/index.php?rest_route=\/wp\/v2\/users\/1"}],"replies":[{"embeddable":true,"href":"https:\/\/radiorevelacionfm.cl\/index.php?rest_route=%2Fwp%2Fv2%2Fcomments&post=8744"}],"version-history":[{"count":1,"href":"https:\/\/radiorevelacionfm.cl\/index.php?rest_route=\/wp\/v2\/posts\/8744\/revisions"}],"predecessor-version":[{"id":8746,"href":"https:\/\/radiorevelacionfm.cl\/index.php?rest_route=\/wp\/v2\/posts\/8744\/revisions\/8746"}],"wp:featuredmedia":[{"embeddable":true,"href":"https:\/\/radiorevelacionfm.cl\/index.php?rest_route=\/wp\/v2\/media\/8745"}],"wp:attachment":[{"href":"https:\/\/radiorevelacionfm.cl\/index.php?rest_route=%2Fwp%2Fv2%2Fmedia&parent=8744"}],"wp:term":[{"taxonomy":"category","embeddable":true,"href":"https:\/\/radiorevelacionfm.cl\/index.php?rest_route=%2Fwp%2Fv2%2Fcategories&post=8744"},{"taxonomy":"post_tag","embeddable":true,"href":"https:\/\/radiorevelacionfm.cl\/index.php?rest_route=%2Fwp%2Fv2%2Ftags&post=8744"}],"curies":[{"name":"wp","href":"https:\/\/api.w.org\/{rel}","templated":true}]}}