{"id":8738,"date":"2021-09-15T11:18:41","date_gmt":"2021-09-15T14:18:41","guid":{"rendered":"https:\/\/radiorevelacionfm.cl\/?p=8738"},"modified":"2021-09-15T11:28:00","modified_gmt":"2021-09-15T14:28:00","slug":"calisto-pide-potenciar-programas-de-agua-potable-rural-y-garantizar-el-acceso-a-este-recurso","status":"publish","type":"post","link":"https:\/\/radiorevelacionfm.cl\/?p=8738","title":{"rendered":"Calisto pide potenciar programas de agua potable rural y garantizar el acceso a este recurso"},"content":{"rendered":"<div class=\"flex_column av_one_full  flex_column_div av-zero-column-padding first  avia-builder-el-0  el_before_av_one_full  avia-builder-el-first  \" style='border-radius:0px; '><div  class='avia-image-container  av-styling-    avia-builder-el-1  avia-builder-el-no-sibling  avia-align-center '  itemprop=\"image\" itemscope=\"itemscope\" itemtype=\"https:\/\/schema.org\/ImageObject\"  ><div class='avia-image-container-inner'><div class='avia-image-overlay-wrap'><img decoding=\"async\" class='wp-image-8742 avia-img-lazy-loading-not-8742 avia_image' src=\"https:\/\/radiorevelacionfm.cl\/wp-content\/uploads\/2021\/09\/BAJADA-IBANEZ-1-1-1.jpg\" alt='' title='BAJADA IBA\u00d1EZ 1 (1) (1)' height=\"600\" width=\"1103\"  itemprop=\"thumbnailUrl\" srcset=\"https:\/\/radiorevelacionfm.cl\/wp-content\/uploads\/2021\/09\/BAJADA-IBANEZ-1-1-1.jpg 1103w, https:\/\/radiorevelacionfm.cl\/wp-content\/uploads\/2021\/09\/BAJADA-IBANEZ-1-1-1-300x163.jpg 300w, https:\/\/radiorevelacionfm.cl\/wp-content\/uploads\/2021\/09\/BAJADA-IBANEZ-1-1-1-1030x560.jpg 1030w, https:\/\/radiorevelacionfm.cl\/wp-content\/uploads\/2021\/09\/BAJADA-IBANEZ-1-1-1-768x418.jpg 768w, https:\/\/radiorevelacionfm.cl\/wp-content\/uploads\/2021\/09\/BAJADA-IBANEZ-1-1-1-705x383.jpg 705w, https:\/\/radiorevelacionfm.cl\/wp-content\/uploads\/2021\/09\/BAJADA-IBANEZ-1-1-1-600x326.jpg 600w\" sizes=\"(max-width: 1103px) 100vw, 1103px\" \/><\/div><\/div><\/div><\/div><div class=\"flex_column av_one_full  flex_column_div av-zero-column-padding first  avia-builder-el-2  el_after_av_one_full  el_before_av_one_full  column-top-margin\" style='border-radius:0px; '><section class=\"av_textblock_section \"  itemscope=\"itemscope\" itemtype=\"https:\/\/schema.org\/BlogPosting\" itemprop=\"blogPost\" ><div class='avia_textblock  '   itemprop=\"text\" ><p style=\"text-align: center;\"><strong><span style=\"font-size: 18pt;\">Calisto pide potenciar programas de agua potable rural y garantizar el acceso a este recurso<\/span><\/strong><\/p>\n<div id=\"gtx-trans\" style=\"position: absolute; left: -50px; top: 4.31534px;\">\n<div class=\"gtx-trans-icon\"><\/div>\n<\/div>\n<\/div><\/section><\/div><\/p>\n<div class=\"flex_column av_one_full  flex_column_div av-zero-column-padding first  avia-builder-el-4  el_after_av_one_full  el_before_av_hr  column-top-margin\" style='border-radius:0px; '><section class=\"av_textblock_section \"  itemscope=\"itemscope\" itemtype=\"https:\/\/schema.org\/BlogPosting\" itemprop=\"blogPost\" ><div class='avia_textblock  '   itemprop=\"text\" ><p style=\"font-weight: 400; text-align: justify;\">En el marco del trabajo en terreno que realiz\u00f3 en la comuna de R\u00edo Ib\u00e1\u00f1ez, el diputado Miguel \u00c1ngel Calisto se reuni\u00f3 con el Comit\u00e9 de Agua Potable Rural del sector bajada Ib\u00e1\u00f1ez, instancia en la que resalt\u00f3 la importancia de potenciar este tipo de programas para garantizar el acceso a este vital elemento.<\/p>\n<p style=\"font-weight: 400; text-align: justify;\">Calisto asegur\u00f3 que \u201cparticipamos una reuni\u00f3n con el Comit\u00e9 de Agua Potable de bajada Ib\u00e1\u00f1ez, quienes comentaron de los serios problemas que est\u00e1n teniendo por la escasez de agua. Hay muchos vecinos que se est\u00e1n quedando sin este vital elemento porque las napas se est\u00e1n secando, por eso se agruparon para poder optar este tipo de proyectos\u201d.<\/p>\n<p style=\"font-weight: 400; text-align: justify;\">Seg\u00fan el legislador, \u201ces fundamental garantizar este recurso, por eso hay que avanzar de forma \u00e1gil con estas iniciativas, porque vivir sin agua potable es complejo, m\u00e1s a\u00fan si la sequ\u00eda est\u00e1 empezando a afectar las napas y los vecinos no pueden sacar agua de los pozos. Son 54 familias que requieren una soluci\u00f3n pronta, por lo que hacemos el llamado a la Direcci\u00f3n de Obras Hidr\u00e1ulicas a agilizar este tipo de iniciativas\u201d.<\/p>\n<p style=\"font-weight: 400; text-align: justify;\">Seg\u00fan Eric Maureira, Presidente de la organizaci\u00f3n, \u201csomos 54 vecinos, y esto va a crecer m\u00e1s porque hay algunos que no participaron en la reuni\u00f3n pero se van a ir incorporando de a poco. El tema h\u00eddrico en todo el mundo est\u00e1 complicado. Estamos con una escasez de agua, la mayor\u00eda de los vecinos desde bajada Ib\u00e1\u00f1ez hasta Puerto Ib\u00e1\u00f1ez se surten de pozos, y las napas est\u00e1n fallando. Estamos organiz\u00e1ndonos como comit\u00e9 de agua para poder postular al programa APR\u201d.<\/p>\n<p style=\"font-weight: 400; text-align: justify;\">\u201cHay algunos vecinos con estanque, que acarrean el recurso y se surten, pero hay otros que est\u00e1n con poca agua, por eso hay que prevenir. El agua potable cambia la calidad de vida de las personas, entonces hemos optado por esto y queremos empezar a trabajar ya, porque estos son proyectos no a corto plazo, son a mediano y largo plazo\u201d, indic\u00f3.<\/p>\n<p style=\"font-weight: 400; text-align: justify;\">Finalmente, el dirigente se\u00f1al\u00f3 que \u201cla reuni\u00f3n con el Diputado estuvo fant\u00e1stica. Surgieron muchas preguntas, porque siempre cuando hay una autoridad nacional se aprovecha de plantear inquietudes. Adem\u00e1s, \u00e9l nos hizo un puente para poder citar a la Direcci\u00f3n de Obras Hidr\u00e1ulicas, quienes finalmente se excusaron, pero estamos viendo a futuro poder reunirnos con ellos\u201d.<\/p>\n<\/div><\/section><\/div>\n<div  style='height:50px' class='hr hr-invisible   avia-builder-el-6  el_after_av_one_full  el_before_av_social_share '><span class='hr-inner ' ><span class='hr-inner-style'><\/span><\/span><\/div>\n<div  class='av-social-sharing-box  avia-builder-el-7  el_after_av_hr  el_before_av_hr  '><div class='av-share-box'><h5 class='av-share-link-description av-no-toc '>Compartir esta noticia<\/h5><ul class='av-share-box-list noLightbox'><li class='av-share-link av-social-link-facebook' ><a target=\"_blank\" aria-label=\"Compartir en Facebook\" href='https:\/\/www.facebook.com\/sharer.php?u=https:\/\/radiorevelacionfm.cl\/?p=8738&#038;t=Calisto%20pide%20potenciar%20programas%20de%20agua%20potable%20rural%20y%20garantizar%20el%20acceso%20a%20este%20recurso' aria-hidden='false' data-av_icon='\ue8f3' data-av_iconfont='entypo-fontello' title='' data-avia-related-tooltip='Compartir en Facebook' rel=\"noopener\"><span class='avia_hidden_link_text'>Compartir en Facebook<\/span><\/a><\/li><li class='av-share-link av-social-link-twitter' ><a target=\"_blank\" aria-label=\"Compartir en Twitter\" href='https:\/\/twitter.com\/share?text=Calisto%20pide%20potenciar%20programas%20de%20agua%20potable%20rural%20y%20garantizar%20el%20acceso%20a%20este%20recurso&#038;url=https:\/\/radiorevelacionfm.cl\/?p=8738' aria-hidden='false' data-av_icon='\ue8f1' data-av_iconfont='entypo-fontello' title='' data-avia-related-tooltip='Compartir en Twitter' rel=\"noopener\"><span class='avia_hidden_link_text'>Compartir en Twitter<\/span><\/a><\/li><li class='av-share-link av-social-link-whatsapp' ><a target=\"_blank\" aria-label=\"Compartir en Whatsapp\" href='https:\/\/api.whatsapp.com\/send?text=https:\/\/radiorevelacionfm.cl\/?p=8738' aria-hidden='false' data-av_icon='\uf232' data-av_iconfont='entypo-fontello' title='' data-avia-related-tooltip='Compartir en Whatsapp' rel=\"noopener\"><span class='avia_hidden_link_text'>Compartir en Whatsapp<\/span><\/a><\/li><li class='av-share-link av-social-link-linkedin' ><a target=\"_blank\" aria-label=\"Compartir en LinkedIn\" href='https:\/\/linkedin.com\/shareArticle?mini=true&#038;title=Calisto%20pide%20potenciar%20programas%20de%20agua%20potable%20rural%20y%20garantizar%20el%20acceso%20a%20este%20recurso&#038;url=https:\/\/radiorevelacionfm.cl\/?p=8738' aria-hidden='false' data-av_icon='\ue8fc' data-av_iconfont='entypo-fontello' title='' data-avia-related-tooltip='Compartir en LinkedIn' rel=\"noopener\"><span class='avia_hidden_link_text'>Compartir en LinkedIn<\/span><\/a><\/li><li class='av-share-link av-social-link-mail' ><a  aria-label=\"Compartir por correo\" href='mailto:?subject=Calisto%20pide%20potenciar%20programas%20de%20agua%20potable%20rural%20y%20garantizar%20el%20acceso%20a%20este%20recurso&#038;body=https:\/\/radiorevelacionfm.cl\/?p=8738' aria-hidden='false' data-av_icon='\ue805' data-av_iconfont='entypo-fontello' title='' data-avia-related-tooltip='Compartir por correo'><span class='avia_hidden_link_text'>Compartir por correo<\/span><\/a><\/li><\/ul><\/div><\/div>\n<div  style='height:50px' class='hr hr-invisible   avia-builder-el-8  el_after_av_social_share  el_before_av_comments_list '><span class='hr-inner ' ><span class='hr-inner-style'><\/span><\/span><\/div>\n<div  class='av-buildercomment  av-blog-meta-html-info-disabled av-blog-meta-tag-disabled  '><\/div>\n","protected":false},"excerpt":{"rendered":"","protected":false},"author":1,"featured_media":8742,"comment_status":"open","ping_status":"open","sticky":false,"template":"","format":"standard","meta":{"footnotes":""},"categories":[35],"tags":[],"class_list":["post-8738","post","type-post","status-publish","format-standard","has-post-thumbnail","hentry","category-politica"],"jetpack_featured_media_url":"https:\/\/radiorevelacionfm.cl\/wp-content\/uploads\/2021\/09\/BAJADA-IBANEZ-1-1-1.jpg","_links":{"self":[{"href":"https:\/\/radiorevelacionfm.cl\/index.php?rest_route=\/wp\/v2\/posts\/8738","targetHints":{"allow":["GET"]}}],"collection":[{"href":"https:\/\/radiorevelacionfm.cl\/index.php?rest_route=\/wp\/v2\/posts"}],"about":[{"href":"https:\/\/radiorevelacionfm.cl\/index.php?rest_route=\/wp\/v2\/types\/post"}],"author":[{"embeddable":true,"href":"https:\/\/radiorevelacionfm.cl\/index.php?rest_route=\/wp\/v2\/users\/1"}],"replies":[{"embeddable":true,"href":"https:\/\/radiorevelacionfm.cl\/index.php?rest_route=%2Fwp%2Fv2%2Fcomments&post=8738"}],"version-history":[{"count":2,"href":"https:\/\/radiorevelacionfm.cl\/index.php?rest_route=\/wp\/v2\/posts\/8738\/revisions"}],"predecessor-version":[{"id":8743,"href":"https:\/\/radiorevelacionfm.cl\/index.php?rest_route=\/wp\/v2\/posts\/8738\/revisions\/8743"}],"wp:featuredmedia":[{"embeddable":true,"href":"https:\/\/radiorevelacionfm.cl\/index.php?rest_route=\/wp\/v2\/media\/8742"}],"wp:attachment":[{"href":"https:\/\/radiorevelacionfm.cl\/index.php?rest_route=%2Fwp%2Fv2%2Fmedia&parent=8738"}],"wp:term":[{"taxonomy":"category","embeddable":true,"href":"https:\/\/radiorevelacionfm.cl\/index.php?rest_route=%2Fwp%2Fv2%2Fcategories&post=8738"},{"taxonomy":"post_tag","embeddable":true,"href":"https:\/\/radiorevelacionfm.cl\/index.php?rest_route=%2Fwp%2Fv2%2Ftags&post=8738"}],"curies":[{"name":"wp","href":"https:\/\/api.w.org\/{rel}","templated":true}]}}