{"id":8735,"date":"2021-09-15T10:37:22","date_gmt":"2021-09-15T13:37:22","guid":{"rendered":"https:\/\/radiorevelacionfm.cl\/?p=8735"},"modified":"2021-09-15T10:37:22","modified_gmt":"2021-09-15T13:37:22","slug":"jovenes-trabajan-en-la-segunda-edicion-de-la-revista-somos-cultura-aysen","status":"publish","type":"post","link":"https:\/\/radiorevelacionfm.cl\/?p=8735","title":{"rendered":"J\u00f3venes trabajan en la segunda edici\u00f3n de la revista \u201cSomos Cultura Ays\u00e9n\u201d"},"content":{"rendered":"<div class=\"flex_column av_one_full  flex_column_div av-zero-column-padding first  avia-builder-el-0  el_before_av_one_full  avia-builder-el-first  \" style='border-radius:0px; '><div  class='avia-image-container  av-styling-    avia-builder-el-1  avia-builder-el-no-sibling  avia-align-center '  itemprop=\"image\" itemscope=\"itemscope\" itemtype=\"https:\/\/schema.org\/ImageObject\"  ><div class='avia-image-container-inner'><div class='avia-image-overlay-wrap'><img decoding=\"async\" class='wp-image-8736 avia-img-lazy-loading-not-8736 avia_image' src=\"https:\/\/radiorevelacionfm.cl\/wp-content\/uploads\/2021\/09\/libro-foto-3p-1_optimized.jpg\" alt='' title='libro-foto-3p-(1)_optimized' height=\"600\" width=\"1229\"  itemprop=\"thumbnailUrl\" srcset=\"https:\/\/radiorevelacionfm.cl\/wp-content\/uploads\/2021\/09\/libro-foto-3p-1_optimized.jpg 1229w, https:\/\/radiorevelacionfm.cl\/wp-content\/uploads\/2021\/09\/libro-foto-3p-1_optimized-300x146.jpg 300w, https:\/\/radiorevelacionfm.cl\/wp-content\/uploads\/2021\/09\/libro-foto-3p-1_optimized-1030x503.jpg 1030w, https:\/\/radiorevelacionfm.cl\/wp-content\/uploads\/2021\/09\/libro-foto-3p-1_optimized-768x375.jpg 768w, https:\/\/radiorevelacionfm.cl\/wp-content\/uploads\/2021\/09\/libro-foto-3p-1_optimized-705x344.jpg 705w, https:\/\/radiorevelacionfm.cl\/wp-content\/uploads\/2021\/09\/libro-foto-3p-1_optimized-600x293.jpg 600w\" sizes=\"(max-width: 1229px) 100vw, 1229px\" \/><\/div><\/div><\/div><\/div><div class=\"flex_column av_one_full  flex_column_div av-zero-column-padding first  avia-builder-el-2  el_after_av_one_full  el_before_av_one_full  column-top-margin\" style='border-radius:0px; '><section class=\"av_textblock_section \"  itemscope=\"itemscope\" itemtype=\"https:\/\/schema.org\/BlogPosting\" itemprop=\"blogPost\" ><div class='avia_textblock  '   itemprop=\"text\" ><p style=\"text-align: center;\"><strong><span style=\"font-size: 18pt;\">J\u00f3venes trabajan en la segunda edici\u00f3n de la revista \u201cSomos Cultura Ays\u00e9n\u201d<\/span><\/strong><\/p>\n<div id=\"gtx-trans\" style=\"position: absolute; left: -50px; top: 4.31534px;\">\n<div class=\"gtx-trans-icon\"><\/div>\n<\/div>\n<\/div><\/section><\/div><div class=\"flex_column av_one_full  flex_column_div av-zero-column-padding first  avia-builder-el-4  el_after_av_one_full  el_before_av_hr  column-top-margin\" style='border-radius:0px; '><section class=\"av_textblock_section \"  itemscope=\"itemscope\" itemtype=\"https:\/\/schema.org\/BlogPosting\" itemprop=\"blogPost\" ><div class='avia_textblock  '   itemprop=\"text\" ><p style=\"text-align: justify;\">La agrupaci\u00f3n cultural \u201cAmigos del Museo\u201d de Coyhaique, con el apoyo del Instituto Nacional de la Juventud (INJUV), se encuentra trabajando en la segunda edici\u00f3n de la revista Somos Cultura Ays\u00e9n: Una revista creada por j\u00f3venes de Ays\u00e9n, la iniciativa es\u00a0financiada por el fondo concursable Participa 2021 de INJUV.<\/p>\n<p style=\"text-align: justify;\">El proyecto est\u00e1 enfocado en rescatar el patrimonio cultural y natural de la regi\u00f3n de Ays\u00e9n y los j\u00f3venes est\u00e1n encargados de la recopilaci\u00f3n de informaci\u00f3n y sistematizaci\u00f3n, todo esto cumpliendo a cabalidad con los aforos y las medidas exigidas para este tipo de actividades por la autoridad sanitaria.<\/p>\n<p style=\"text-align: justify;\">\u201cEstamos muy contentos con los resultados que est\u00e1n obteniendo los j\u00f3venes, es una revista entretenida y did\u00e1ctica, para nosotros como INJUV es importante otorgar protagonismo a nuestra juventud regional. Los felicitamos y destacamos la importante labor que realizan en la dedicaci\u00f3n, creaci\u00f3n de contenidos y el tiempo dedicado\u201d, sostuvo la directora regional de INJUV Ays\u00e9n, Silvia Leiva Henr\u00edquez.<\/p>\n<p style=\"text-align: justify;\">En tanto, Mar\u00eda Jos\u00e9 Fern\u00e1ndez, miembro de la agrupaci\u00f3n y responsable del proyecto, destac\u00f3 la participaci\u00f3n de los j\u00f3venes y se\u00f1al\u00f3 que \u201cnuestro objetivo como agrupaci\u00f3n cultural es acercar a diversos p\u00fablicos al Museo Regional de Ays\u00e9n, pero sobretodo entusiasmar a la comunidad con nuestro patrimonio cultural y natural. Trabajar en la segunda edici\u00f3n de la revista, nos ha permitido comenzar a afianzar a un grupo de j\u00f3venes como embajadores de su patrimonio, desde sus localidades, y divulgadores de \u00e9ste a trav\u00e9s de la revista pensada para diversos grupos. Agradecemos el gran inter\u00e9s y motivaci\u00f3n que han demostrado los participantes y como agrupaci\u00f3n seguiremos trabajando en promover estos espacios porque consideramos que son un gran aporte especialmente para la comunidad juvenil regional\u201d.<\/p>\n<p style=\"text-align: justify;\">Ignacio Ramos, joven beneficiario indic\u00f3 que \u201cha sido una tremenda experiencia, he aprendido bastante y tambi\u00e9n he visto otras realidades con mis compa\u00f1eros, esta experiencia ha sido mi primer acercamiento a este tipo de trabajos, espero se sigan realizando este tipo de instancias ya que son un excelente aporte a la juventud regional\u201d.<\/p>\n<p style=\"text-align: justify;\">Por su parte Victoria Illesca, afirm\u00f3 que \u201cme ha encantado participar en la edici\u00f3n de la revista, me toc\u00f3 redactar un art\u00edculo y actualmente estamos trabajando en la portada, ha sido una experiencia s\u00faper bonita, ser\u00eda bueno que se repliquen este tipo de actividades porque estos espacios de participaci\u00f3n no existen com\u00fanmente\u201d.<\/p>\n<p style=\"text-align: justify;\">En su segundo n\u00famero la revista \u201cSomos Cultura Ays\u00e9n\u201d abarca diversos contenidos dirigidos a todo p\u00fablico, bajo la l\u00f3gica de que pueda ser disfrutada por ni\u00f1os y adultos, con m\u00e1s o menos conocimiento en materias como Historia de Ays\u00e9n, lugares para potenciar distintos tipos de turismo en la regi\u00f3n, flora y fauna nativa, tradiciones, entre otros.<\/p>\n<\/div><\/section><\/div><div  style='height:50px' class='hr hr-invisible   avia-builder-el-6  el_after_av_one_full  el_before_av_social_share '><span class='hr-inner ' ><span class='hr-inner-style'><\/span><\/span><\/div><\/p>\n<div  class='av-social-sharing-box  avia-builder-el-7  el_after_av_hr  el_before_av_hr  '><div class='av-share-box'><h5 class='av-share-link-description av-no-toc '>Compartir esta noticia<\/h5><ul class='av-share-box-list noLightbox'><li class='av-share-link av-social-link-facebook' ><a target=\"_blank\" aria-label=\"Compartir en Facebook\" href='https:\/\/www.facebook.com\/sharer.php?u=https:\/\/radiorevelacionfm.cl\/?p=8735&#038;t=J%C3%B3venes%20trabajan%20en%20la%20segunda%20edici%C3%B3n%20de%20la%20revista%20%E2%80%9CSomos%20Cultura%20Ays%C3%A9n%E2%80%9D' aria-hidden='false' data-av_icon='\ue8f3' data-av_iconfont='entypo-fontello' title='' data-avia-related-tooltip='Compartir en Facebook' rel=\"noopener\"><span class='avia_hidden_link_text'>Compartir en Facebook<\/span><\/a><\/li><li class='av-share-link av-social-link-twitter' ><a target=\"_blank\" aria-label=\"Compartir en Twitter\" href='https:\/\/twitter.com\/share?text=J%C3%B3venes%20trabajan%20en%20la%20segunda%20edici%C3%B3n%20de%20la%20revista%20%E2%80%9CSomos%20Cultura%20Ays%C3%A9n%E2%80%9D&#038;url=https:\/\/radiorevelacionfm.cl\/?p=8735' aria-hidden='false' data-av_icon='\ue8f1' data-av_iconfont='entypo-fontello' title='' data-avia-related-tooltip='Compartir en Twitter' rel=\"noopener\"><span class='avia_hidden_link_text'>Compartir en Twitter<\/span><\/a><\/li><li class='av-share-link av-social-link-whatsapp' ><a target=\"_blank\" aria-label=\"Compartir en Whatsapp\" href='https:\/\/api.whatsapp.com\/send?text=https:\/\/radiorevelacionfm.cl\/?p=8735' aria-hidden='false' data-av_icon='\uf232' data-av_iconfont='entypo-fontello' title='' data-avia-related-tooltip='Compartir en Whatsapp' rel=\"noopener\"><span class='avia_hidden_link_text'>Compartir en Whatsapp<\/span><\/a><\/li><li class='av-share-link av-social-link-linkedin' ><a target=\"_blank\" aria-label=\"Compartir en LinkedIn\" href='https:\/\/linkedin.com\/shareArticle?mini=true&#038;title=J%C3%B3venes%20trabajan%20en%20la%20segunda%20edici%C3%B3n%20de%20la%20revista%20%E2%80%9CSomos%20Cultura%20Ays%C3%A9n%E2%80%9D&#038;url=https:\/\/radiorevelacionfm.cl\/?p=8735' aria-hidden='false' data-av_icon='\ue8fc' data-av_iconfont='entypo-fontello' title='' data-avia-related-tooltip='Compartir en LinkedIn' rel=\"noopener\"><span class='avia_hidden_link_text'>Compartir en LinkedIn<\/span><\/a><\/li><li class='av-share-link av-social-link-mail' ><a  aria-label=\"Compartir por correo\" href='mailto:?subject=J%C3%B3venes%20trabajan%20en%20la%20segunda%20edici%C3%B3n%20de%20la%20revista%20%E2%80%9CSomos%20Cultura%20Ays%C3%A9n%E2%80%9D&#038;body=https:\/\/radiorevelacionfm.cl\/?p=8735' aria-hidden='false' data-av_icon='\ue805' data-av_iconfont='entypo-fontello' title='' data-avia-related-tooltip='Compartir por correo'><span class='avia_hidden_link_text'>Compartir por correo<\/span><\/a><\/li><\/ul><\/div><\/div>\n<div  style='height:50px' class='hr hr-invisible   avia-builder-el-8  el_after_av_social_share  el_before_av_comments_list '><span class='hr-inner ' ><span class='hr-inner-style'><\/span><\/span><\/div>\n<div  class='av-buildercomment  av-blog-meta-html-info-disabled av-blog-meta-tag-disabled  '><\/div>\n","protected":false},"excerpt":{"rendered":"","protected":false},"author":1,"featured_media":8736,"comment_status":"open","ping_status":"open","sticky":false,"template":"","format":"standard","meta":{"footnotes":""},"categories":[38],"tags":[],"class_list":["post-8735","post","type-post","status-publish","format-standard","has-post-thumbnail","hentry","category-regional"],"jetpack_featured_media_url":"https:\/\/radiorevelacionfm.cl\/wp-content\/uploads\/2021\/09\/libro-foto-3p-1_optimized.jpg","_links":{"self":[{"href":"https:\/\/radiorevelacionfm.cl\/index.php?rest_route=\/wp\/v2\/posts\/8735","targetHints":{"allow":["GET"]}}],"collection":[{"href":"https:\/\/radiorevelacionfm.cl\/index.php?rest_route=\/wp\/v2\/posts"}],"about":[{"href":"https:\/\/radiorevelacionfm.cl\/index.php?rest_route=\/wp\/v2\/types\/post"}],"author":[{"embeddable":true,"href":"https:\/\/radiorevelacionfm.cl\/index.php?rest_route=\/wp\/v2\/users\/1"}],"replies":[{"embeddable":true,"href":"https:\/\/radiorevelacionfm.cl\/index.php?rest_route=%2Fwp%2Fv2%2Fcomments&post=8735"}],"version-history":[{"count":1,"href":"https:\/\/radiorevelacionfm.cl\/index.php?rest_route=\/wp\/v2\/posts\/8735\/revisions"}],"predecessor-version":[{"id":8737,"href":"https:\/\/radiorevelacionfm.cl\/index.php?rest_route=\/wp\/v2\/posts\/8735\/revisions\/8737"}],"wp:featuredmedia":[{"embeddable":true,"href":"https:\/\/radiorevelacionfm.cl\/index.php?rest_route=\/wp\/v2\/media\/8736"}],"wp:attachment":[{"href":"https:\/\/radiorevelacionfm.cl\/index.php?rest_route=%2Fwp%2Fv2%2Fmedia&parent=8735"}],"wp:term":[{"taxonomy":"category","embeddable":true,"href":"https:\/\/radiorevelacionfm.cl\/index.php?rest_route=%2Fwp%2Fv2%2Fcategories&post=8735"},{"taxonomy":"post_tag","embeddable":true,"href":"https:\/\/radiorevelacionfm.cl\/index.php?rest_route=%2Fwp%2Fv2%2Ftags&post=8735"}],"curies":[{"name":"wp","href":"https:\/\/api.w.org\/{rel}","templated":true}]}}