{"id":8732,"date":"2021-09-15T10:10:16","date_gmt":"2021-09-15T13:10:16","guid":{"rendered":"https:\/\/radiorevelacionfm.cl\/?p=8732"},"modified":"2021-09-15T10:10:16","modified_gmt":"2021-09-15T13:10:16","slug":"gobernadora-andrea-macias-es-nuestro-deber-hacer-todo-lo-posible-para-avanzar-en-autonomia-territorial-y-en-mayores-niveles-de-desarrollo","status":"publish","type":"post","link":"https:\/\/radiorevelacionfm.cl\/?p=8732","title":{"rendered":"Gobernadora Andrea Mac\u00edas: \u00abEs nuestro deber hacer todo lo posible para avanzar en autonom\u00eda territorial y en mayores niveles de desarrollo\u00bb"},"content":{"rendered":"<div class=\"flex_column av_one_full  flex_column_div av-zero-column-padding first  avia-builder-el-0  el_before_av_one_full  avia-builder-el-first  \" style='border-radius:0px; '><div  class='avia-image-container  av-styling-    avia-builder-el-1  avia-builder-el-no-sibling  avia-align-center '  itemprop=\"image\" itemscope=\"itemscope\" itemtype=\"https:\/\/schema.org\/ImageObject\"  ><div class='avia-image-container-inner'><div class='avia-image-overlay-wrap'><img decoding=\"async\" class='wp-image-8733 avia-img-lazy-loading-not-8733 avia_image' src=\"https:\/\/radiorevelacionfm.cl\/wp-content\/uploads\/2021\/09\/Gobernadora-2021-09-14-1-1.jpeg\" alt='' title='Gobernadora 2021-09-14 (1) (1)' height=\"600\" width=\"800\"  itemprop=\"thumbnailUrl\" srcset=\"https:\/\/radiorevelacionfm.cl\/wp-content\/uploads\/2021\/09\/Gobernadora-2021-09-14-1-1.jpeg 800w, https:\/\/radiorevelacionfm.cl\/wp-content\/uploads\/2021\/09\/Gobernadora-2021-09-14-1-1-300x225.jpeg 300w, https:\/\/radiorevelacionfm.cl\/wp-content\/uploads\/2021\/09\/Gobernadora-2021-09-14-1-1-768x576.jpeg 768w, https:\/\/radiorevelacionfm.cl\/wp-content\/uploads\/2021\/09\/Gobernadora-2021-09-14-1-1-705x529.jpeg 705w, https:\/\/radiorevelacionfm.cl\/wp-content\/uploads\/2021\/09\/Gobernadora-2021-09-14-1-1-600x450.jpeg 600w\" sizes=\"(max-width: 800px) 100vw, 800px\" \/><\/div><\/div><\/div><\/div><div class=\"flex_column av_one_full  flex_column_div av-zero-column-padding first  avia-builder-el-2  el_after_av_one_full  el_before_av_one_full  column-top-margin\" style='border-radius:0px; '><section class=\"av_textblock_section \"  itemscope=\"itemscope\" itemtype=\"https:\/\/schema.org\/BlogPosting\" itemprop=\"blogPost\" ><div class='avia_textblock  '   itemprop=\"text\" ><p style=\"text-align: center;\"><strong><span style=\"font-size: 18pt;\">Gobernadora Andrea Mac\u00edas: \u00abEs nuestro deber hacer todo lo posible para avanzar en autonom\u00eda territorial y en mayores niveles de desarrollo\u00bb<\/span><\/strong><\/p>\n<div id=\"gtx-trans\" style=\"position: absolute; left: -50px; top: 4.31534px;\">\n<div class=\"gtx-trans-icon\"><\/div>\n<\/div>\n<\/div><\/section><\/div><div class=\"flex_column av_one_full  flex_column_div av-zero-column-padding first  avia-builder-el-4  el_after_av_one_full  el_before_av_hr  column-top-margin\" style='border-radius:0px; '><section class=\"av_textblock_section \"  itemscope=\"itemscope\" itemtype=\"https:\/\/schema.org\/BlogPosting\" itemprop=\"blogPost\" ><div class='avia_textblock  '   itemprop=\"text\" ><p style=\"text-align: justify;\">Durante el primer Encuentro Nacional que reuni\u00f3 a autoridades regionales y sus equipos, se estableci\u00f3 una hoja de ruta de demandas urgentes que la Asociaci\u00f3n de Gobernadores Regionales llam\u00f3 la \u00abDeclaraci\u00f3n de Concepci\u00f3n\u00bb, manifiesto que expone las principales demandas en materia de descentralizaci\u00f3n, traspaso de competencias y recursos para cada uno de los Gobiernos Regionales.<\/p>\n<p style=\"text-align: justify;\">Dentro de los puntos subrayados en la Declaraci\u00f3n, se sostiene que \u00abSe ha constituido un nuevo poder, regional, inclusivo, participativo, con territorios y comunidades fuertes, que ha de resguardar el desarrollo de la sociedad, los territorios rurales y urbanos en armon\u00eda con el medio ambiente, protegiendo los recursos naturales que permitan el futuro de nuestra gente\u00bb.<\/p>\n<p style=\"text-align: justify;\">El manifiesto, firmado por los 16 Gobernadores Regionales, da \u00e9nfasis a las demandas desde los distintos territorios, entre ellos la supresi\u00f3n de la figura del delegado\/a presidencial, nuevos instrumentos como los planes regionales sectoriales de inversi\u00f3n liderados por los gobiernos regionales, as\u00ed como una nueva mirada en la evaluaci\u00f3n de la inversi\u00f3n p\u00fablica, que considere las particularidades de cada territorio.<\/p>\n<p style=\"text-align: justify;\">Estas urgencias fueron presentadas a 4 de los candidatos presidenciales el \u00faltimo d\u00eda del evento, firmando un acuerdo de ellos con el nuevo trato para las regiones del pa\u00eds. Los candidatos Gabriel Boric, Jos\u00e9 Antonio Kast, Sebasti\u00e1n Sichel y la candidata Yasna Provoste manifestaron su disposici\u00f3n a seguir trabajando en conjunto a las m\u00e1ximas autoridades regionales.<\/p>\n<p style=\"text-align: justify;\"><b>\u00abLas regiones son Chile\u00bb<\/b><\/p>\n<p style=\"text-align: justify;\">Para la m\u00e1xima autoridad de la regi\u00f3n de Ays\u00e9n, el encuentro signific\u00f3 un punta pi\u00e9 inicial para la constituci\u00f3n de un nuevo poder democr\u00e1tico:<\/p>\n<p style=\"text-align: justify;\">\u00abDebemos ser capaces de encauzar m\u00e1s y mejores procesos de participaci\u00f3n ciudadana, que ayuden a dar una mejor respuesta a las necesidades de los habitantes de los distintos territorios y sus comunidades. Pero para alcanzar estos mayores niveles de desarrollo, de inclusi\u00f3n, de cohesi\u00f3n social, de sustentabilidad, de justicia territorial, Chile requiere un proceso de descentralizaci\u00f3n efectiva y, en eso, la capacidad de di\u00e1logo y de la voluntad permanente de todos los actores, para contribuir as\u00ed a una mejor democracia, donde prevalezca el di\u00e1logo virtuoso entre los diversos niveles subnacionales y se fortalezcan estos de manera equilibrada y siempre de manera colaborativa\u00bb, afirm\u00f3 en sus palabras al cierre del evento.<\/p>\n<p style=\"text-align: justify;\">\u00abEl Estado debe hacerse cargo y debe mirar a los territorios en su justa medida, en el respeto de las condiciones y distinciones que cada territorio tiene, no solamente en zonas extremas. Este pa\u00eds tiene zonas extremas, territorios de rezago, de sacrificio, de las cuales tenemos que hacernos cargo y entender que este modelo, donde el crecimiento econ\u00f3mico prevalece sobre el desarrollo humano, no puede seguir existiendo. Los 16 gobernadores y gobernadoras regionales, reafirmamos nuestro compromiso con los territorios y sus comunidades, conscientes de que el verdadero desarrollo de nuestro pa\u00eds s\u00f3lo llegar\u00e1 de la mano de las regiones; desarrollo end\u00f3geno, descentralizado, desconcentrado\u00bb, afirm\u00f3 en la oportunidad la Gobernadora Mac\u00edas.<\/p>\n<p style=\"text-align: justify;\">Al cierre del encuentro en Concepci\u00f3n, se anunci\u00f3 que el pr\u00f3ximo 1, 2 y 3 de diciembre se reunir\u00e1 nuevamente la Asociaci\u00f3n de Gobernadores y Gobernadoras del pa\u00eds en la regi\u00f3n de Tarapac\u00e1.<\/p>\n<\/div><\/section><\/div><div  style='height:50px' class='hr hr-invisible   avia-builder-el-6  el_after_av_one_full  el_before_av_social_share '><span class='hr-inner ' ><span class='hr-inner-style'><\/span><\/span><\/div><\/p>\n<div  class='av-social-sharing-box  avia-builder-el-7  el_after_av_hr  el_before_av_hr  '><div class='av-share-box'><h5 class='av-share-link-description av-no-toc '>Compartir esta noticia<\/h5><ul class='av-share-box-list noLightbox'><li class='av-share-link av-social-link-facebook' ><a target=\"_blank\" aria-label=\"Compartir en Facebook\" href='https:\/\/www.facebook.com\/sharer.php?u=https:\/\/radiorevelacionfm.cl\/?p=8732&#038;t=Gobernadora%20Andrea%20Mac%C3%ADas%3A%20%C2%ABEs%20nuestro%20deber%20hacer%20todo%20lo%20posible%20para%20avanzar%20en%20autonom%C3%ADa%20territorial%20y%20en%20mayores%20niveles%20de%20desarrollo%C2%BB' aria-hidden='false' data-av_icon='\ue8f3' data-av_iconfont='entypo-fontello' title='' data-avia-related-tooltip='Compartir en Facebook' rel=\"noopener\"><span class='avia_hidden_link_text'>Compartir en Facebook<\/span><\/a><\/li><li class='av-share-link av-social-link-twitter' ><a target=\"_blank\" aria-label=\"Compartir en Twitter\" href='https:\/\/twitter.com\/share?text=Gobernadora%20Andrea%20Mac%C3%ADas%3A%20%C2%ABEs%20nuestro%20deber%20hacer%20todo%20lo%20posible%20para%20avanzar%20en%20autonom%C3%ADa%20territorial%20y%20en%20mayores%20niveles%20de%20desarrollo%C2%BB&#038;url=https:\/\/radiorevelacionfm.cl\/?p=8732' aria-hidden='false' data-av_icon='\ue8f1' data-av_iconfont='entypo-fontello' title='' data-avia-related-tooltip='Compartir en Twitter' rel=\"noopener\"><span class='avia_hidden_link_text'>Compartir en Twitter<\/span><\/a><\/li><li class='av-share-link av-social-link-whatsapp' ><a target=\"_blank\" aria-label=\"Compartir en Whatsapp\" href='https:\/\/api.whatsapp.com\/send?text=https:\/\/radiorevelacionfm.cl\/?p=8732' aria-hidden='false' data-av_icon='\uf232' data-av_iconfont='entypo-fontello' title='' data-avia-related-tooltip='Compartir en Whatsapp' rel=\"noopener\"><span class='avia_hidden_link_text'>Compartir en Whatsapp<\/span><\/a><\/li><li class='av-share-link av-social-link-linkedin' ><a target=\"_blank\" aria-label=\"Compartir en LinkedIn\" href='https:\/\/linkedin.com\/shareArticle?mini=true&#038;title=Gobernadora%20Andrea%20Mac%C3%ADas%3A%20%C2%ABEs%20nuestro%20deber%20hacer%20todo%20lo%20posible%20para%20avanzar%20en%20autonom%C3%ADa%20territorial%20y%20en%20mayores%20niveles%20de%20desarrollo%C2%BB&#038;url=https:\/\/radiorevelacionfm.cl\/?p=8732' aria-hidden='false' data-av_icon='\ue8fc' data-av_iconfont='entypo-fontello' title='' data-avia-related-tooltip='Compartir en LinkedIn' rel=\"noopener\"><span class='avia_hidden_link_text'>Compartir en LinkedIn<\/span><\/a><\/li><li class='av-share-link av-social-link-mail' ><a  aria-label=\"Compartir por correo\" href='mailto:?subject=Gobernadora%20Andrea%20Mac%C3%ADas%3A%20%C2%ABEs%20nuestro%20deber%20hacer%20todo%20lo%20posible%20para%20avanzar%20en%20autonom%C3%ADa%20territorial%20y%20en%20mayores%20niveles%20de%20desarrollo%C2%BB&#038;body=https:\/\/radiorevelacionfm.cl\/?p=8732' aria-hidden='false' data-av_icon='\ue805' data-av_iconfont='entypo-fontello' title='' data-avia-related-tooltip='Compartir por correo'><span class='avia_hidden_link_text'>Compartir por correo<\/span><\/a><\/li><\/ul><\/div><\/div>\n<div  style='height:50px' class='hr hr-invisible   avia-builder-el-8  el_after_av_social_share  el_before_av_comments_list '><span class='hr-inner ' ><span class='hr-inner-style'><\/span><\/span><\/div>\n<div  class='av-buildercomment  av-blog-meta-html-info-disabled av-blog-meta-tag-disabled  '><\/div>\n","protected":false},"excerpt":{"rendered":"","protected":false},"author":1,"featured_media":8733,"comment_status":"open","ping_status":"open","sticky":false,"template":"","format":"standard","meta":{"footnotes":""},"categories":[38],"tags":[],"class_list":["post-8732","post","type-post","status-publish","format-standard","has-post-thumbnail","hentry","category-regional"],"jetpack_featured_media_url":"https:\/\/radiorevelacionfm.cl\/wp-content\/uploads\/2021\/09\/Gobernadora-2021-09-14-1-1.jpeg","_links":{"self":[{"href":"https:\/\/radiorevelacionfm.cl\/index.php?rest_route=\/wp\/v2\/posts\/8732","targetHints":{"allow":["GET"]}}],"collection":[{"href":"https:\/\/radiorevelacionfm.cl\/index.php?rest_route=\/wp\/v2\/posts"}],"about":[{"href":"https:\/\/radiorevelacionfm.cl\/index.php?rest_route=\/wp\/v2\/types\/post"}],"author":[{"embeddable":true,"href":"https:\/\/radiorevelacionfm.cl\/index.php?rest_route=\/wp\/v2\/users\/1"}],"replies":[{"embeddable":true,"href":"https:\/\/radiorevelacionfm.cl\/index.php?rest_route=%2Fwp%2Fv2%2Fcomments&post=8732"}],"version-history":[{"count":1,"href":"https:\/\/radiorevelacionfm.cl\/index.php?rest_route=\/wp\/v2\/posts\/8732\/revisions"}],"predecessor-version":[{"id":8734,"href":"https:\/\/radiorevelacionfm.cl\/index.php?rest_route=\/wp\/v2\/posts\/8732\/revisions\/8734"}],"wp:featuredmedia":[{"embeddable":true,"href":"https:\/\/radiorevelacionfm.cl\/index.php?rest_route=\/wp\/v2\/media\/8733"}],"wp:attachment":[{"href":"https:\/\/radiorevelacionfm.cl\/index.php?rest_route=%2Fwp%2Fv2%2Fmedia&parent=8732"}],"wp:term":[{"taxonomy":"category","embeddable":true,"href":"https:\/\/radiorevelacionfm.cl\/index.php?rest_route=%2Fwp%2Fv2%2Fcategories&post=8732"},{"taxonomy":"post_tag","embeddable":true,"href":"https:\/\/radiorevelacionfm.cl\/index.php?rest_route=%2Fwp%2Fv2%2Ftags&post=8732"}],"curies":[{"name":"wp","href":"https:\/\/api.w.org\/{rel}","templated":true}]}}