{"id":8727,"date":"2021-09-15T09:51:51","date_gmt":"2021-09-15T12:51:51","guid":{"rendered":"https:\/\/radiorevelacionfm.cl\/?p=8727"},"modified":"2021-09-15T09:59:50","modified_gmt":"2021-09-15T12:59:50","slug":"diputado-alinco-llama-a-organizaciones-sociales-sector-publico-y-privado-a-trabajar-con-miras-al-centenario-de-coyhaique","status":"publish","type":"post","link":"https:\/\/radiorevelacionfm.cl\/?p=8727","title":{"rendered":"Diputado Alinco llama a organizaciones sociales, sector p\u00fablico y privado a trabajar con miras al centenario de Coyhaique"},"content":{"rendered":"<div class=\"flex_column av_one_full  flex_column_div av-zero-column-padding first  avia-builder-el-0  el_before_av_one_full  avia-builder-el-first  \" style='border-radius:0px; '><div  class='avia-image-container  av-styling-    avia-builder-el-1  avia-builder-el-no-sibling  avia-align-center '  itemprop=\"image\" itemscope=\"itemscope\" itemtype=\"https:\/\/schema.org\/ImageObject\"  ><div class='avia-image-container-inner'><div class='avia-image-overlay-wrap'><img decoding=\"async\" class='wp-image-8730 avia-img-lazy-loading-not-8730 avia_image' src=\"https:\/\/radiorevelacionfm.cl\/wp-content\/uploads\/2021\/09\/Diputado-Alinco-14-09a-1-1.jpg\" alt='' title='Diputado Alinco 14-09a (1) (1)' height=\"600\" width=\"796\"  itemprop=\"thumbnailUrl\" srcset=\"https:\/\/radiorevelacionfm.cl\/wp-content\/uploads\/2021\/09\/Diputado-Alinco-14-09a-1-1.jpg 796w, https:\/\/radiorevelacionfm.cl\/wp-content\/uploads\/2021\/09\/Diputado-Alinco-14-09a-1-1-300x226.jpg 300w, https:\/\/radiorevelacionfm.cl\/wp-content\/uploads\/2021\/09\/Diputado-Alinco-14-09a-1-1-768x579.jpg 768w, https:\/\/radiorevelacionfm.cl\/wp-content\/uploads\/2021\/09\/Diputado-Alinco-14-09a-1-1-705x531.jpg 705w, https:\/\/radiorevelacionfm.cl\/wp-content\/uploads\/2021\/09\/Diputado-Alinco-14-09a-1-1-600x452.jpg 600w\" sizes=\"(max-width: 796px) 100vw, 796px\" \/><\/div><\/div><\/div><\/div><div class=\"flex_column av_one_full  flex_column_div av-zero-column-padding first  avia-builder-el-2  el_after_av_one_full  el_before_av_one_full  column-top-margin\" style='border-radius:0px; '><section class=\"av_textblock_section \"  itemscope=\"itemscope\" itemtype=\"https:\/\/schema.org\/BlogPosting\" itemprop=\"blogPost\" ><div class='avia_textblock  '   itemprop=\"text\" ><p style=\"text-align: center;\"><span style=\"font-size: 18pt;\"><strong>Diputado Alinco llama a organizaciones sociales, sector p\u00fablico y privado a trabajar con miras al centenario de Coyhaique<\/strong><\/span><\/p>\n<div id=\"gtx-trans\" style=\"position: absolute; left: -50px; top: 4.31534px;\">\n<div class=\"gtx-trans-icon\"><\/div>\n<\/div>\n<\/div><\/section><\/div><\/p>\n<div class=\"flex_column av_one_full  flex_column_div av-zero-column-padding first  avia-builder-el-4  el_after_av_one_full  el_before_av_hr  column-top-margin\" style='border-radius:0px; '><section class=\"av_textblock_section \"  itemscope=\"itemscope\" itemtype=\"https:\/\/schema.org\/BlogPosting\" itemprop=\"blogPost\" ><div class='avia_textblock  '   itemprop=\"text\" ><p style=\"text-align: justify;\">Parlamentario har\u00e1 una propuesta oficial ante el Concejo Municipal y el Consejo Regional para que se desarrolle un trabajo transversal con fines a dejar obras trascendentales para la comunidad.<\/p>\n<p style=\"text-align: justify;\">\u201cPropongo convocar a las organizaciones sociales, al sector p\u00fablico y a los privados para trabajar con miras a la celebraci\u00f3n del centenario de Coyhaique\u201d, sostuvo el parlamentario Ren\u00e9 Alinco Bustos en un punto de prensa realizado este martes 14 de septiembre.<\/p>\n<p style=\"text-align: justify;\">En la misma l\u00ednea, el diputado aysenino indic\u00f3 que faltan pocos a\u00f1os para que la ciudad capital regional cumpla su primer centenario, una fecha trascendental para la comunidad que espera obras que catapulten a Coyhaique como coraz\u00f3n de la Patagonia, conjugando su tradicional estampa con espacios necesarios para los vecinos, privilegios de los que s\u00ed gozan habitantes de otras ciudades capitales en el pa\u00eds.<\/p>\n<p style=\"text-align: justify;\">La propuesta es simple dijo el parlamentario, generar unidad transversal a nivel de las autoridades con el fin de ir trabajando entre el Gobierno Regional, el Municipio de Coyhaique, Organizaciones de la Sociedad Civil, programando acciones participativas para conocer qu\u00e9 esperan los coyhaiquinos en el centenario de su ciudad.<\/p>\n<p style=\"text-align: justify;\">\u201cEsta mesa deber\u00e1 ser capaz de crear proyectos que nos permitan construir obras que est\u00e9n acorde a tan importante fecha\u201d, resalt\u00f3 Alinco Bustos, a\u00f1adiendo que entre las propuestas -muchas de ellas levantadas por la propia comunidad con la que ha tenido contacto-, resaltan, por ejemplo, concretar una doble v\u00eda Ays\u00e9n-Coyhaique, la construcci\u00f3n de un edificio consistorial que albergue a todas las oficinas de prestaciones sociales impidiendo el desplazamiento innecesario de los vecinos; quiz\u00e1s el contar con un estadio de f\u00fatbol norma FIFA ya que Coyhaique es la \u00fanica capital de regi\u00f3n que no tiene este importante espacio recreativo que permita recibir espect\u00e1culos deportivos; un polideportivo completo que incluya piscina ol\u00edmpica, as\u00ed, muchos otros proyectos que podr\u00edan quedar como un emblema del centenario.<\/p>\n<p style=\"text-align: justify;\">\u201cTodas las grandes ciudades cuando cumplen centenarios o bicentenarios construyen obras que las avalan, las desarrollan y quedan como s\u00edmbolos. Ha sucedido en Santiago y en otras partes del mundo tambi\u00e9n. Para los cien a\u00f1os de Coyhaique nos queda poco tiempo, y creo que es el momento de que tanto el mundo pol\u00edtico, el mundo empresarial, los trabajadores y trabajadoras tomemos esta demanda porque tenemos que dejarle algo a las futuras generaciones\u201d, coment\u00f3 Alinco Bustos, quien hizo hincapi\u00e9 en que una buena propuesta podr\u00eda generarse en dos meses de trabajo colaborativo y transversal.<\/p>\n<p style=\"text-align: justify;\">Igualmente, el congresista destac\u00f3 enf\u00e1ticamente que la propuesta tambi\u00e9n se orienta a que las posibles obras cuenten con un financiamiento extraordinario entregado por el Gobierno de Chile, ante lo cual sostuvo que la propuesta ser\u00e1 entregada a la Gobernadora Regional, Andrea Mac\u00edas Palma, a los consejeros regionales, al alcalde de la comuna, Carlos Gatica, a los concejales, autoridades de Gobierno y parlamentarios. \u201cHay que actuar a tiempo ya que pronto se empezar\u00e1 a discutir el presupuesto general\u201d, sentenci\u00f3.<\/p>\n<\/div><\/section><\/div>\n<div  style='height:50px' class='hr hr-invisible   avia-builder-el-6  el_after_av_one_full  el_before_av_social_share '><span class='hr-inner ' ><span class='hr-inner-style'><\/span><\/span><\/div>\n<div  class='av-social-sharing-box  avia-builder-el-7  el_after_av_hr  el_before_av_hr  '><div class='av-share-box'><h5 class='av-share-link-description av-no-toc '>Compartir esta noticia<\/h5><ul class='av-share-box-list noLightbox'><li class='av-share-link av-social-link-facebook' ><a target=\"_blank\" aria-label=\"Compartir en Facebook\" href='https:\/\/www.facebook.com\/sharer.php?u=https:\/\/radiorevelacionfm.cl\/?p=8727&#038;t=Diputado%20Alinco%20llama%20a%20organizaciones%20sociales%2C%20sector%20p%C3%BAblico%20y%20privado%20a%20trabajar%20con%20miras%20al%20centenario%20de%20Coyhaique' aria-hidden='false' data-av_icon='\ue8f3' data-av_iconfont='entypo-fontello' title='' data-avia-related-tooltip='Compartir en Facebook' rel=\"noopener\"><span class='avia_hidden_link_text'>Compartir en Facebook<\/span><\/a><\/li><li class='av-share-link av-social-link-twitter' ><a target=\"_blank\" aria-label=\"Compartir en Twitter\" href='https:\/\/twitter.com\/share?text=Diputado%20Alinco%20llama%20a%20organizaciones%20sociales%2C%20sector%20p%C3%BAblico%20y%20privado%20a%20trabajar%20con%20miras%20al%20centenario%20de%20Coyhaique&#038;url=https:\/\/radiorevelacionfm.cl\/?p=8727' aria-hidden='false' data-av_icon='\ue8f1' data-av_iconfont='entypo-fontello' title='' data-avia-related-tooltip='Compartir en Twitter' rel=\"noopener\"><span class='avia_hidden_link_text'>Compartir en Twitter<\/span><\/a><\/li><li class='av-share-link av-social-link-whatsapp' ><a target=\"_blank\" aria-label=\"Compartir en Whatsapp\" href='https:\/\/api.whatsapp.com\/send?text=https:\/\/radiorevelacionfm.cl\/?p=8727' aria-hidden='false' data-av_icon='\uf232' data-av_iconfont='entypo-fontello' title='' data-avia-related-tooltip='Compartir en Whatsapp' rel=\"noopener\"><span class='avia_hidden_link_text'>Compartir en Whatsapp<\/span><\/a><\/li><li class='av-share-link av-social-link-linkedin' ><a target=\"_blank\" aria-label=\"Compartir en LinkedIn\" href='https:\/\/linkedin.com\/shareArticle?mini=true&#038;title=Diputado%20Alinco%20llama%20a%20organizaciones%20sociales%2C%20sector%20p%C3%BAblico%20y%20privado%20a%20trabajar%20con%20miras%20al%20centenario%20de%20Coyhaique&#038;url=https:\/\/radiorevelacionfm.cl\/?p=8727' aria-hidden='false' data-av_icon='\ue8fc' data-av_iconfont='entypo-fontello' title='' data-avia-related-tooltip='Compartir en LinkedIn' rel=\"noopener\"><span class='avia_hidden_link_text'>Compartir en LinkedIn<\/span><\/a><\/li><li class='av-share-link av-social-link-mail' ><a  aria-label=\"Compartir por correo\" href='mailto:?subject=Diputado%20Alinco%20llama%20a%20organizaciones%20sociales%2C%20sector%20p%C3%BAblico%20y%20privado%20a%20trabajar%20con%20miras%20al%20centenario%20de%20Coyhaique&#038;body=https:\/\/radiorevelacionfm.cl\/?p=8727' aria-hidden='false' data-av_icon='\ue805' data-av_iconfont='entypo-fontello' title='' data-avia-related-tooltip='Compartir por correo'><span class='avia_hidden_link_text'>Compartir por correo<\/span><\/a><\/li><\/ul><\/div><\/div>\n<div  style='height:50px' class='hr hr-invisible   avia-builder-el-8  el_after_av_social_share  el_before_av_comments_list '><span class='hr-inner ' ><span class='hr-inner-style'><\/span><\/span><\/div>\n<div  class='av-buildercomment  av-blog-meta-html-info-disabled av-blog-meta-tag-disabled  '><\/div>\n","protected":false},"excerpt":{"rendered":"","protected":false},"author":1,"featured_media":8730,"comment_status":"open","ping_status":"open","sticky":false,"template":"","format":"standard","meta":{"footnotes":""},"categories":[35],"tags":[],"class_list":["post-8727","post","type-post","status-publish","format-standard","has-post-thumbnail","hentry","category-politica"],"jetpack_featured_media_url":"https:\/\/radiorevelacionfm.cl\/wp-content\/uploads\/2021\/09\/Diputado-Alinco-14-09a-1-1.jpg","_links":{"self":[{"href":"https:\/\/radiorevelacionfm.cl\/index.php?rest_route=\/wp\/v2\/posts\/8727","targetHints":{"allow":["GET"]}}],"collection":[{"href":"https:\/\/radiorevelacionfm.cl\/index.php?rest_route=\/wp\/v2\/posts"}],"about":[{"href":"https:\/\/radiorevelacionfm.cl\/index.php?rest_route=\/wp\/v2\/types\/post"}],"author":[{"embeddable":true,"href":"https:\/\/radiorevelacionfm.cl\/index.php?rest_route=\/wp\/v2\/users\/1"}],"replies":[{"embeddable":true,"href":"https:\/\/radiorevelacionfm.cl\/index.php?rest_route=%2Fwp%2Fv2%2Fcomments&post=8727"}],"version-history":[{"count":2,"href":"https:\/\/radiorevelacionfm.cl\/index.php?rest_route=\/wp\/v2\/posts\/8727\/revisions"}],"predecessor-version":[{"id":8731,"href":"https:\/\/radiorevelacionfm.cl\/index.php?rest_route=\/wp\/v2\/posts\/8727\/revisions\/8731"}],"wp:featuredmedia":[{"embeddable":true,"href":"https:\/\/radiorevelacionfm.cl\/index.php?rest_route=\/wp\/v2\/media\/8730"}],"wp:attachment":[{"href":"https:\/\/radiorevelacionfm.cl\/index.php?rest_route=%2Fwp%2Fv2%2Fmedia&parent=8727"}],"wp:term":[{"taxonomy":"category","embeddable":true,"href":"https:\/\/radiorevelacionfm.cl\/index.php?rest_route=%2Fwp%2Fv2%2Fcategories&post=8727"},{"taxonomy":"post_tag","embeddable":true,"href":"https:\/\/radiorevelacionfm.cl\/index.php?rest_route=%2Fwp%2Fv2%2Ftags&post=8727"}],"curies":[{"name":"wp","href":"https:\/\/api.w.org\/{rel}","templated":true}]}}