{"id":8713,"date":"2021-09-14T18:28:27","date_gmt":"2021-09-14T21:28:27","guid":{"rendered":"https:\/\/radiorevelacionfm.cl\/?p=8713"},"modified":"2021-09-14T18:28:27","modified_gmt":"2021-09-14T21:28:27","slug":"aumentan-a-06-los-casos-probables-de-variante-delta-en-la-region","status":"publish","type":"post","link":"https:\/\/radiorevelacionfm.cl\/?p=8713","title":{"rendered":"Aumentan a 06 los casos probables de variante Delta en la regi\u00f3n"},"content":{"rendered":"<div class=\"flex_column av_one_full  flex_column_div av-zero-column-padding first  avia-builder-el-0  el_before_av_one_full  avia-builder-el-first  \" style='border-radius:0px; '><div  class='avia-image-container  av-styling-    avia-builder-el-1  avia-builder-el-no-sibling  avia-align-center '  itemprop=\"image\" itemscope=\"itemscope\" itemtype=\"https:\/\/schema.org\/ImageObject\"  ><div class='avia-image-container-inner'><div class='avia-image-overlay-wrap'><img decoding=\"async\" class='wp-image-8714 avia-img-lazy-loading-not-8714 avia_image' src=\"https:\/\/radiorevelacionfm.cl\/wp-content\/uploads\/2021\/09\/pcr-1024x600-1.jpg\" alt='' title='pcr-1024x600-1' height=\"600\" width=\"898\"  itemprop=\"thumbnailUrl\" srcset=\"https:\/\/radiorevelacionfm.cl\/wp-content\/uploads\/2021\/09\/pcr-1024x600-1.jpg 898w, https:\/\/radiorevelacionfm.cl\/wp-content\/uploads\/2021\/09\/pcr-1024x600-1-300x200.jpg 300w, https:\/\/radiorevelacionfm.cl\/wp-content\/uploads\/2021\/09\/pcr-1024x600-1-768x513.jpg 768w, https:\/\/radiorevelacionfm.cl\/wp-content\/uploads\/2021\/09\/pcr-1024x600-1-705x471.jpg 705w, https:\/\/radiorevelacionfm.cl\/wp-content\/uploads\/2021\/09\/pcr-1024x600-1-600x401.jpg 600w\" sizes=\"(max-width: 898px) 100vw, 898px\" \/><\/div><\/div><\/div><\/div><div class=\"flex_column av_one_full  flex_column_div av-zero-column-padding first  avia-builder-el-2  el_after_av_one_full  el_before_av_one_full  column-top-margin\" style='border-radius:0px; '><section class=\"av_textblock_section \"  itemscope=\"itemscope\" itemtype=\"https:\/\/schema.org\/BlogPosting\" itemprop=\"blogPost\" ><div class='avia_textblock  '   itemprop=\"text\" ><p style=\"text-align: center;\"><span style=\"font-size: 18pt;\"><strong>Aumentan a 06 los casos probables de variante Delta en la regi\u00f3n<\/strong><\/span><\/p>\n<div id=\"gtx-trans\" style=\"position: absolute; left: -50px; top: 4.31534px;\">\n<div class=\"gtx-trans-icon\"><\/div>\n<\/div>\n<\/div><\/section><\/div><div class=\"flex_column av_one_full  flex_column_div av-zero-column-padding first  avia-builder-el-4  el_after_av_one_full  el_before_av_hr  column-top-margin\" style='border-radius:0px; '><section class=\"av_textblock_section \"  itemscope=\"itemscope\" itemtype=\"https:\/\/schema.org\/BlogPosting\" itemprop=\"blogPost\" ><div class='avia_textblock  '   itemprop=\"text\" ><p style=\"text-align: justify;\">En el transcurso de las \u00faltimas horas, el laboratorio del Hospital Regional Coyhaique report\u00f3 04 nuevos casos probables de variante Delta en la regi\u00f3n de Ays\u00e9n, los cuales corresponden a residentes de la ciudad de Coyhaique, quienes seg\u00fan su entrevista epidemiol\u00f3gica, no registran viajes fuera de la regi\u00f3n, ni contacto con personas de otras zonas del pa\u00eds; situaci\u00f3n que plantea la necesidad que la comunidad extreme sus medidas de autocuidado durante las pr\u00f3ximas festividades, ya que existe la posibilidad que la variante Delta pueda generar un aumento de casos activos en la regi\u00f3n de Ays\u00e9n.<\/p>\n<p style=\"text-align: justify;\">La informaci\u00f3n la dio a conocer el Epidemi\u00f3logo de la Seremi de Salud, Marco Acu\u00f1a Briones, quien adem\u00e1s entreg\u00f3 m\u00e1s antecedentes al respecto. \u201cEsta ma\u00f1ana se han reportado cuatro nuevos casos probables de variante Delta en adultos residentes de la ciudad de Coyhaique, tres de ellos con nexo familiar; y en la cuarta persona, a\u00fan no se ha logrado establecer un nexo epidemiol\u00f3gico con un posible caso delta, con las cuatro personas se gestion\u00f3 su traslado a residencias sanitarias. Varios de ellos tiene dos dosis de vacunas y el cuadro cl\u00ednico presentado es un cuadro respiratorio leve, dolor de cabeza, algo de tos, congesti\u00f3n y dolor muscular.\u00a0 Este nuevo escenario en la regi\u00f3n, de contar con seis casos probables de variante delta (04 en Coyhaique y 02 en Ays\u00e9n), establece la necesidad que este fin de semana las familias traten de restringir sus actividades a grupos peque\u00f1os, en lugares que est\u00e9n bien ventilados, idealmente todos con sus vacunas para evitar la trasmisi\u00f3n de esta variante que es altamente contagiosa\u201d.<\/p>\n<p style=\"text-align: justify;\">Por su parte, la Seremi de Salud (s), Ver\u00f3nica Godoy Molina, hizo un llamado a la comunidad para que en estas pr\u00f3ximas festividades mantenga el distanciamiento social, reduciendo solo a los grupos familiares la cantidad de visitas en los domicilios particulares. \u201cRespecto de los \u00faltimos cuatro casos probables de variante Delta, reportados por el Hospital Regional Coyhaique, estamos a la espera del ISP para confirmar que se trate de la variante Delta; sin embargo, la investigaci\u00f3n epidemiol\u00f3gica nos esta hablando que estas personas no habr\u00edan viajado, ni tendr\u00edan contacto con personas provenientes del norte del pa\u00eds; situaci\u00f3n que plantea la hip\u00f3tesis que esta variante del COVID-19 ya se encontraba presente en la regi\u00f3n, por lo que en estas festividades del aniversario patrio, de no existir medidas b\u00e1sicas de autocuidado como el uso adecuado de mascarilla, el lavado constante de manos y compartir \u00fanicamente con los grupos familiares, podr\u00edan ocasionar un aumento el n\u00famero de contagios en la regi\u00f3n, por lo que el llamado a la ciudadan\u00eda es al autocuidado, a testearse oportunamente antes de reunirse con familiares y a consultar o cualquier s\u00edntoma asociado a coronavirus en los centros de salud, lo que nos permitir\u00e1 aislar tempranamente a los casos confirmados, porque de no cuidarnos y tener un aumento de casos, podr\u00edamos retroceder en las fases del plan Paso a Paso\u201d.<\/p>\n<p style=\"text-align: justify;\">Actualmente, la regi\u00f3n de Ays\u00e9n presenta 33 casos activos, 15 de los cuales corresponden a casos que se detectaron en las \u00faltimas 24 horas.<\/p>\n<\/div><\/section><\/div><div  style='height:50px' class='hr hr-invisible   avia-builder-el-6  el_after_av_one_full  el_before_av_social_share '><span class='hr-inner ' ><span class='hr-inner-style'><\/span><\/span><\/div><\/p>\n<div  class='av-social-sharing-box  avia-builder-el-7  el_after_av_hr  el_before_av_comments_list  '><div class='av-share-box'><h5 class='av-share-link-description av-no-toc '>Compartir esta noticia<\/h5><ul class='av-share-box-list noLightbox'><li class='av-share-link av-social-link-facebook' ><a target=\"_blank\" aria-label=\"Compartir en Facebook\" href='https:\/\/www.facebook.com\/sharer.php?u=https:\/\/radiorevelacionfm.cl\/?p=8713&#038;t=Aumentan%20a%2006%20los%20casos%20probables%20de%20variante%20Delta%20en%20la%20regi%C3%B3n' aria-hidden='false' data-av_icon='\ue8f3' data-av_iconfont='entypo-fontello' title='' data-avia-related-tooltip='Compartir en Facebook' rel=\"noopener\"><span class='avia_hidden_link_text'>Compartir en Facebook<\/span><\/a><\/li><li class='av-share-link av-social-link-twitter' ><a target=\"_blank\" aria-label=\"Compartir en Twitter\" href='https:\/\/twitter.com\/share?text=Aumentan%20a%2006%20los%20casos%20probables%20de%20variante%20Delta%20en%20la%20regi%C3%B3n&#038;url=https:\/\/radiorevelacionfm.cl\/?p=8713' aria-hidden='false' data-av_icon='\ue8f1' data-av_iconfont='entypo-fontello' title='' data-avia-related-tooltip='Compartir en Twitter' rel=\"noopener\"><span class='avia_hidden_link_text'>Compartir en Twitter<\/span><\/a><\/li><li class='av-share-link av-social-link-whatsapp' ><a target=\"_blank\" aria-label=\"Compartir en Whatsapp\" href='https:\/\/api.whatsapp.com\/send?text=https:\/\/radiorevelacionfm.cl\/?p=8713' aria-hidden='false' data-av_icon='\uf232' data-av_iconfont='entypo-fontello' title='' data-avia-related-tooltip='Compartir en Whatsapp' rel=\"noopener\"><span class='avia_hidden_link_text'>Compartir en Whatsapp<\/span><\/a><\/li><li class='av-share-link av-social-link-linkedin' ><a target=\"_blank\" aria-label=\"Compartir en LinkedIn\" href='https:\/\/linkedin.com\/shareArticle?mini=true&#038;title=Aumentan%20a%2006%20los%20casos%20probables%20de%20variante%20Delta%20en%20la%20regi%C3%B3n&#038;url=https:\/\/radiorevelacionfm.cl\/?p=8713' aria-hidden='false' data-av_icon='\ue8fc' data-av_iconfont='entypo-fontello' title='' data-avia-related-tooltip='Compartir en LinkedIn' rel=\"noopener\"><span class='avia_hidden_link_text'>Compartir en LinkedIn<\/span><\/a><\/li><li class='av-share-link av-social-link-mail' ><a  aria-label=\"Compartir por correo\" href='mailto:?subject=Aumentan%20a%2006%20los%20casos%20probables%20de%20variante%20Delta%20en%20la%20regi%C3%B3n&#038;body=https:\/\/radiorevelacionfm.cl\/?p=8713' aria-hidden='false' data-av_icon='\ue805' data-av_iconfont='entypo-fontello' title='' data-avia-related-tooltip='Compartir por correo'><span class='avia_hidden_link_text'>Compartir por correo<\/span><\/a><\/li><\/ul><\/div><\/div>\n<div  class='av-buildercomment  av-blog-meta-html-info-disabled av-blog-meta-tag-disabled  '><\/div>\n<div  style='height:50px' class='hr hr-invisible   avia-builder-el-9  el_after_av_comments_list  avia-builder-el-last '><span class='hr-inner ' ><span class='hr-inner-style'><\/span><\/span><\/div>\n","protected":false},"excerpt":{"rendered":"","protected":false},"author":1,"featured_media":8714,"comment_status":"open","ping_status":"open","sticky":false,"template":"","format":"standard","meta":{"footnotes":""},"categories":[46],"tags":[],"class_list":["post-8713","post","type-post","status-publish","format-standard","has-post-thumbnail","hentry","category-salud"],"jetpack_featured_media_url":"https:\/\/radiorevelacionfm.cl\/wp-content\/uploads\/2021\/09\/pcr-1024x600-1.jpg","_links":{"self":[{"href":"https:\/\/radiorevelacionfm.cl\/index.php?rest_route=\/wp\/v2\/posts\/8713","targetHints":{"allow":["GET"]}}],"collection":[{"href":"https:\/\/radiorevelacionfm.cl\/index.php?rest_route=\/wp\/v2\/posts"}],"about":[{"href":"https:\/\/radiorevelacionfm.cl\/index.php?rest_route=\/wp\/v2\/types\/post"}],"author":[{"embeddable":true,"href":"https:\/\/radiorevelacionfm.cl\/index.php?rest_route=\/wp\/v2\/users\/1"}],"replies":[{"embeddable":true,"href":"https:\/\/radiorevelacionfm.cl\/index.php?rest_route=%2Fwp%2Fv2%2Fcomments&post=8713"}],"version-history":[{"count":1,"href":"https:\/\/radiorevelacionfm.cl\/index.php?rest_route=\/wp\/v2\/posts\/8713\/revisions"}],"predecessor-version":[{"id":8715,"href":"https:\/\/radiorevelacionfm.cl\/index.php?rest_route=\/wp\/v2\/posts\/8713\/revisions\/8715"}],"wp:featuredmedia":[{"embeddable":true,"href":"https:\/\/radiorevelacionfm.cl\/index.php?rest_route=\/wp\/v2\/media\/8714"}],"wp:attachment":[{"href":"https:\/\/radiorevelacionfm.cl\/index.php?rest_route=%2Fwp%2Fv2%2Fmedia&parent=8713"}],"wp:term":[{"taxonomy":"category","embeddable":true,"href":"https:\/\/radiorevelacionfm.cl\/index.php?rest_route=%2Fwp%2Fv2%2Fcategories&post=8713"},{"taxonomy":"post_tag","embeddable":true,"href":"https:\/\/radiorevelacionfm.cl\/index.php?rest_route=%2Fwp%2Fv2%2Ftags&post=8713"}],"curies":[{"name":"wp","href":"https:\/\/api.w.org\/{rel}","templated":true}]}}