{"id":8709,"date":"2021-09-14T22:42:37","date_gmt":"2021-09-15T01:42:37","guid":{"rendered":"https:\/\/radiorevelacionfm.cl\/?p=8709"},"modified":"2021-09-14T22:52:22","modified_gmt":"2021-09-15T01:52:22","slug":"comite-hortofruticola-se-reune-con-delegado-presidencial-provincial-de-aysen","status":"publish","type":"post","link":"https:\/\/radiorevelacionfm.cl\/?p=8709","title":{"rendered":"Comit\u00e9 Hortofrut\u00edcola se re\u00fane con Delegado Presidencial Provincial de Ays\u00e9n"},"content":{"rendered":"<div class=\"flex_column av_one_full  flex_column_div av-zero-column-padding first  avia-builder-el-0  el_before_av_one_full  avia-builder-el-first  \" style='border-radius:0px; '><div  class='avia-image-container  av-styling-    avia-builder-el-1  avia-builder-el-no-sibling  avia-align-center '  itemprop=\"image\" itemscope=\"itemscope\" itemtype=\"https:\/\/schema.org\/ImageObject\"  ><div class='avia-image-container-inner'><div class='avia-image-overlay-wrap'><img decoding=\"async\" class='wp-image-8716 avia-img-lazy-loading-not-8716 avia_image' src=\"https:\/\/radiorevelacionfm.cl\/wp-content\/uploads\/2021\/09\/2-53-2-1-1.jpg\" alt='' title='2 (53) 2 (1) (1)' height=\"461\" width=\"900\"  itemprop=\"thumbnailUrl\" srcset=\"https:\/\/radiorevelacionfm.cl\/wp-content\/uploads\/2021\/09\/2-53-2-1-1.jpg 900w, https:\/\/radiorevelacionfm.cl\/wp-content\/uploads\/2021\/09\/2-53-2-1-1-300x154.jpg 300w, https:\/\/radiorevelacionfm.cl\/wp-content\/uploads\/2021\/09\/2-53-2-1-1-768x393.jpg 768w, https:\/\/radiorevelacionfm.cl\/wp-content\/uploads\/2021\/09\/2-53-2-1-1-705x361.jpg 705w, https:\/\/radiorevelacionfm.cl\/wp-content\/uploads\/2021\/09\/2-53-2-1-1-600x307.jpg 600w\" sizes=\"(max-width: 900px) 100vw, 900px\" \/><\/div><\/div><\/div><\/div><div class=\"flex_column av_one_full  flex_column_div av-zero-column-padding first  avia-builder-el-2  el_after_av_one_full  el_before_av_one_full  column-top-margin\" style='border-radius:0px; '><section class=\"av_textblock_section \"  itemscope=\"itemscope\" itemtype=\"https:\/\/schema.org\/BlogPosting\" itemprop=\"blogPost\" ><div class='avia_textblock  '   itemprop=\"text\" ><p style=\"text-align: center;\"><span style=\"font-size: 18pt;\"><strong>Comit\u00e9 Hortofrut\u00edcola se re\u00fane con Delegado Presidencial Provincial de Ays\u00e9n <\/strong><\/span><\/p>\n<div id=\"gtx-trans\" style=\"position: absolute; left: -50px; top: 4.31534px;\">\n<div class=\"gtx-trans-icon\"><\/div>\n<\/div>\n<\/div><\/section><\/div><\/p>\n<div class=\"flex_column av_one_full  flex_column_div av-zero-column-padding first  avia-builder-el-4  el_after_av_one_full  el_before_av_hr  column-top-margin\" style='border-radius:0px; '><section class=\"av_textblock_section \"  itemscope=\"itemscope\" itemtype=\"https:\/\/schema.org\/BlogPosting\" itemprop=\"blogPost\" ><div class='avia_textblock  '   itemprop=\"text\" ><p style=\"text-align: justify;\">Producto de la buena gesti\u00f3n del Gobierno del Presidente Sebasti\u00e1n Pi\u00f1era el proyecto Construcci\u00f3n y Equipamiento Feria Hort\u00edcola de Puerto Ays\u00e9n desde hace un tiempo cuenta con RS para su pronta ejecuci\u00f3n.<\/p>\n<p style=\"text-align: justify;\">Desde a\u00f1os que las integrantes de este importante comit\u00e9 campesino ha estado esperando la concreci\u00f3n de la construcci\u00f3n donde puedan estar de manera segura y tranquila para vender sus productos que son trabajados por las mismas productoras, conociendo el esfuerzo de ellas Manuel Ortiz en su tiempo como Gobernador Provincial se hizo parte de este anhelo y avanzaron significativamente en este proyecto junto al Seremi de Agricultura.<\/p>\n<p style=\"text-align: justify;\">La directiva de este comit\u00e9 sostuvo una reuni\u00f3n de trabajo con el DPP Ays\u00e9n para conocer en qu\u00e9 estado se encuentra el proyecto \u201ctuvimos una muy buena reuni\u00f3n con nuestro Delegado, donde nos dijo que estemos tranquilas que esto va adelante y ojal\u00e1 lo m\u00e1s pronto se hiciera la feria, falta la licitaci\u00f3n para que se inicie la construcci\u00f3n de nuestra feria campesina que es tan anhelada por nosotras y por el pueblo que quiere ir a comprar a alg\u00fan lugar digno\u201d dec\u00eda Teresa Osorio socia de la agrupaci\u00f3n.<\/p>\n<p style=\"text-align: justify;\">A su vez la dirigente agradeci\u00f3 el trabajo que ha realizado y sigue realizando el Delegado Presidencial \u201cagradecer porque \u00e9l se ha portado un siete con nosotras desde el primer d\u00eda cuando le pedimos horas nos recibe, muy bueno el trabajo que \u00e9l ha realizado, porque la feria estaba en que se hac\u00eda y no se hac\u00eda y ahora est\u00e1n saliendo todas las cosas\u201d.<\/p>\n<p style=\"text-align: justify;\">De lo que representa este proyecto el representante del Presidente de la Rep\u00fablica en la provincia se\u00f1alaba \u201ces un proyecto tremendamente significativo donde se vieron involucrados nuestras horticultoras, la Delegaci\u00f3n Presidencial Provincial de Ays\u00e9n y nuestro seremi de Agricultura, para que todos en conjunto podamos concretar este sue\u00f1o que por tantos a\u00f1os ha tenido esta agrupaci\u00f3n, sin embargo ha habido algunas situaciones que han ido demorando su ejecuci\u00f3n por lo cual nos reunimos hoy para entregarles todos los antecedentes, ahora esperamos que pronto est\u00e9 ya enviado desde la Gobernaci\u00f3n Regional el documento que permita a la Direcci\u00f3n de Arquitectura ser la unidad t\u00e9cnica para poder concretar lo m\u00e1s r\u00e1pido posible esta obra\u201d.<\/p>\n<\/div><\/section><\/div>\n<div  style='height:50px' class='hr hr-invisible   avia-builder-el-6  el_after_av_one_full  el_before_av_social_share '><span class='hr-inner ' ><span class='hr-inner-style'><\/span><\/span><\/div>\n<div  class='av-social-sharing-box  avia-builder-el-7  el_after_av_hr  el_before_av_hr  '><div class='av-share-box'><h5 class='av-share-link-description av-no-toc '>Compartir esta noticia<\/h5><ul class='av-share-box-list noLightbox'><li class='av-share-link av-social-link-facebook' ><a target=\"_blank\" aria-label=\"Compartir en Facebook\" href='https:\/\/www.facebook.com\/sharer.php?u=https:\/\/radiorevelacionfm.cl\/?p=8709&#038;t=Comit%C3%A9%20Hortofrut%C3%ADcola%20se%20re%C3%BAne%20con%20Delegado%20Presidencial%20Provincial%20de%20Ays%C3%A9n' aria-hidden='false' data-av_icon='\ue8f3' data-av_iconfont='entypo-fontello' title='' data-avia-related-tooltip='Compartir en Facebook' rel=\"noopener\"><span class='avia_hidden_link_text'>Compartir en Facebook<\/span><\/a><\/li><li class='av-share-link av-social-link-twitter' ><a target=\"_blank\" aria-label=\"Compartir en Twitter\" href='https:\/\/twitter.com\/share?text=Comit%C3%A9%20Hortofrut%C3%ADcola%20se%20re%C3%BAne%20con%20Delegado%20Presidencial%20Provincial%20de%20Ays%C3%A9n&#038;url=https:\/\/radiorevelacionfm.cl\/?p=8709' aria-hidden='false' data-av_icon='\ue8f1' data-av_iconfont='entypo-fontello' title='' data-avia-related-tooltip='Compartir en Twitter' rel=\"noopener\"><span class='avia_hidden_link_text'>Compartir en Twitter<\/span><\/a><\/li><li class='av-share-link av-social-link-whatsapp' ><a target=\"_blank\" aria-label=\"Compartir en Whatsapp\" href='https:\/\/api.whatsapp.com\/send?text=https:\/\/radiorevelacionfm.cl\/?p=8709' aria-hidden='false' data-av_icon='\uf232' data-av_iconfont='entypo-fontello' title='' data-avia-related-tooltip='Compartir en Whatsapp' rel=\"noopener\"><span class='avia_hidden_link_text'>Compartir en Whatsapp<\/span><\/a><\/li><li class='av-share-link av-social-link-linkedin' ><a target=\"_blank\" aria-label=\"Compartir en LinkedIn\" href='https:\/\/linkedin.com\/shareArticle?mini=true&#038;title=Comit%C3%A9%20Hortofrut%C3%ADcola%20se%20re%C3%BAne%20con%20Delegado%20Presidencial%20Provincial%20de%20Ays%C3%A9n&#038;url=https:\/\/radiorevelacionfm.cl\/?p=8709' aria-hidden='false' data-av_icon='\ue8fc' data-av_iconfont='entypo-fontello' title='' data-avia-related-tooltip='Compartir en LinkedIn' rel=\"noopener\"><span class='avia_hidden_link_text'>Compartir en LinkedIn<\/span><\/a><\/li><li class='av-share-link av-social-link-mail' ><a  aria-label=\"Compartir por correo\" href='mailto:?subject=Comit%C3%A9%20Hortofrut%C3%ADcola%20se%20re%C3%BAne%20con%20Delegado%20Presidencial%20Provincial%20de%20Ays%C3%A9n&#038;body=https:\/\/radiorevelacionfm.cl\/?p=8709' aria-hidden='false' data-av_icon='\ue805' data-av_iconfont='entypo-fontello' title='' data-avia-related-tooltip='Compartir por correo'><span class='avia_hidden_link_text'>Compartir por correo<\/span><\/a><\/li><\/ul><\/div><\/div>\n<div  style='height:50px' class='hr hr-invisible   avia-builder-el-8  el_after_av_social_share  el_before_av_comments_list '><span class='hr-inner ' ><span class='hr-inner-style'><\/span><\/span><\/div>\n<div  class='av-buildercomment  av-blog-meta-html-info-disabled av-blog-meta-tag-disabled  '><\/div>\n","protected":false},"excerpt":{"rendered":"","protected":false},"author":1,"featured_media":8716,"comment_status":"open","ping_status":"open","sticky":false,"template":"","format":"standard","meta":{"footnotes":""},"categories":[38],"tags":[],"class_list":["post-8709","post","type-post","status-publish","format-standard","has-post-thumbnail","hentry","category-regional"],"jetpack_featured_media_url":"https:\/\/radiorevelacionfm.cl\/wp-content\/uploads\/2021\/09\/2-53-2-1-1.jpg","_links":{"self":[{"href":"https:\/\/radiorevelacionfm.cl\/index.php?rest_route=\/wp\/v2\/posts\/8709","targetHints":{"allow":["GET"]}}],"collection":[{"href":"https:\/\/radiorevelacionfm.cl\/index.php?rest_route=\/wp\/v2\/posts"}],"about":[{"href":"https:\/\/radiorevelacionfm.cl\/index.php?rest_route=\/wp\/v2\/types\/post"}],"author":[{"embeddable":true,"href":"https:\/\/radiorevelacionfm.cl\/index.php?rest_route=\/wp\/v2\/users\/1"}],"replies":[{"embeddable":true,"href":"https:\/\/radiorevelacionfm.cl\/index.php?rest_route=%2Fwp%2Fv2%2Fcomments&post=8709"}],"version-history":[{"count":2,"href":"https:\/\/radiorevelacionfm.cl\/index.php?rest_route=\/wp\/v2\/posts\/8709\/revisions"}],"predecessor-version":[{"id":8717,"href":"https:\/\/radiorevelacionfm.cl\/index.php?rest_route=\/wp\/v2\/posts\/8709\/revisions\/8717"}],"wp:featuredmedia":[{"embeddable":true,"href":"https:\/\/radiorevelacionfm.cl\/index.php?rest_route=\/wp\/v2\/media\/8716"}],"wp:attachment":[{"href":"https:\/\/radiorevelacionfm.cl\/index.php?rest_route=%2Fwp%2Fv2%2Fmedia&parent=8709"}],"wp:term":[{"taxonomy":"category","embeddable":true,"href":"https:\/\/radiorevelacionfm.cl\/index.php?rest_route=%2Fwp%2Fv2%2Fcategories&post=8709"},{"taxonomy":"post_tag","embeddable":true,"href":"https:\/\/radiorevelacionfm.cl\/index.php?rest_route=%2Fwp%2Fv2%2Ftags&post=8709"}],"curies":[{"name":"wp","href":"https:\/\/api.w.org\/{rel}","templated":true}]}}