{"id":8706,"date":"2021-09-14T19:48:31","date_gmt":"2021-09-14T22:48:31","guid":{"rendered":"https:\/\/radiorevelacionfm.cl\/?p=8706"},"modified":"2021-09-14T19:48:31","modified_gmt":"2021-09-14T22:48:31","slug":"jovenes-ayseninos-adquieren-nuevas-competencias-a-traves-de-voluntariado-para-desarrollar-cambios-culturales","status":"publish","type":"post","link":"https:\/\/radiorevelacionfm.cl\/?p=8706","title":{"rendered":"J\u00f3venes ayseninos adquieren nuevas competencias a trav\u00e9s de Voluntariado para desarrollar cambios culturales"},"content":{"rendered":"<div class=\"flex_column av_one_full  flex_column_div av-zero-column-padding first  avia-builder-el-0  el_before_av_one_full  avia-builder-el-first  \" style='border-radius:0px; '><div  class='avia-image-container  av-styling-    avia-builder-el-1  avia-builder-el-no-sibling  avia-align-center '  itemprop=\"image\" itemscope=\"itemscope\" itemtype=\"https:\/\/schema.org\/ImageObject\"  ><div class='avia-image-container-inner'><div class='avia-image-overlay-wrap'><img decoding=\"async\" class='wp-image-8707 avia-img-lazy-loading-not-8707 avia_image' src=\"https:\/\/radiorevelacionfm.cl\/wp-content\/uploads\/2021\/09\/img-voluntariadoJP3-1-1.jpeg\" alt='' title='img-voluntariadoJP3 (1) (1)' height=\"600\" width=\"800\"  itemprop=\"thumbnailUrl\" srcset=\"https:\/\/radiorevelacionfm.cl\/wp-content\/uploads\/2021\/09\/img-voluntariadoJP3-1-1.jpeg 800w, https:\/\/radiorevelacionfm.cl\/wp-content\/uploads\/2021\/09\/img-voluntariadoJP3-1-1-300x225.jpeg 300w, https:\/\/radiorevelacionfm.cl\/wp-content\/uploads\/2021\/09\/img-voluntariadoJP3-1-1-768x576.jpeg 768w, https:\/\/radiorevelacionfm.cl\/wp-content\/uploads\/2021\/09\/img-voluntariadoJP3-1-1-705x529.jpeg 705w, https:\/\/radiorevelacionfm.cl\/wp-content\/uploads\/2021\/09\/img-voluntariadoJP3-1-1-600x450.jpeg 600w\" sizes=\"(max-width: 800px) 100vw, 800px\" \/><\/div><\/div><\/div><\/div><div class=\"flex_column av_one_full  flex_column_div av-zero-column-padding first  avia-builder-el-2  el_after_av_one_full  el_before_av_one_full  column-top-margin\" style='border-radius:0px; '><section class=\"av_textblock_section \"  itemscope=\"itemscope\" itemtype=\"https:\/\/schema.org\/BlogPosting\" itemprop=\"blogPost\" ><div class='avia_textblock  '   itemprop=\"text\" ><p style=\"text-align: center;\"><strong><span style=\"font-size: 18pt;\">J\u00f3venes ayseninos adquieren nuevas competencias a trav\u00e9s de Voluntariado para desarrollar cambios culturales<\/span><\/strong><\/p>\n<div id=\"gtx-trans\" style=\"position: absolute; left: -50px; top: 4.31534px;\">\n<div class=\"gtx-trans-icon\"><\/div>\n<\/div>\n<\/div><\/section><\/div><div class=\"flex_column av_one_full  flex_column_div av-zero-column-padding first  avia-builder-el-4  el_after_av_one_full  el_before_av_hr  column-top-margin\" style='border-radius:0px; '><section class=\"av_textblock_section \"  itemscope=\"itemscope\" itemtype=\"https:\/\/schema.org\/BlogPosting\" itemprop=\"blogPost\" ><div class='avia_textblock  '   itemprop=\"text\" ><p style=\"text-align: justify;\">La iniciativa piloto denominada \u201cVoluntariado de Juventudes para la Patagonia\u201d desarrollada por la Mesa de Prevenci\u00f3n en Violencia contra la Mujer, la Red Comunal de Infancia de Ays\u00e9n y el Instituto Nacional de Derechos Humanos (INDH) permiti\u00f3 la capacitaci\u00f3n y certificaci\u00f3n de 25 adolescentes de la ciudad porte\u00f1a en distintos aspectos en materia de g\u00e9nero, relaciones sociales y entornos participativos. Las instancias se efectuaron mediante plataformas telem\u00e1ticas y con la colaboraci\u00f3n de organizaciones como la Corporaci\u00f3n Opci\u00f3n, la Fundaci\u00f3n Katy Summer, Familia Alcaino, entre otras.<\/p>\n<p style=\"text-align: justify;\">Frente a esto, el director de Desarrollo Comunitario de la Ilustre Municipalidad de Ays\u00e9n, Mauricio Jaque Luego, manifest\u00f3 su alegr\u00eda tras el trabajo realizado. \u201cEl discurso que entreg\u00f3 una de las participantes fue contundente, lleno de ilusiones y nos hizo acordar de que nos hab\u00edamos comprometido con la Oficina de Asuntos Juveniles en esta administraci\u00f3n. Este director y bajo las instrucciones de nuestro se\u00f1or alcalde estamos en proceso de esa creaci\u00f3n para invitar a todos estos j\u00f3venes. La ceremonia de certificaci\u00f3n estuvo espectacular, importante y necesaria porque nosotros los adultos debemos hacernos cargo y hacer participe a los j\u00f3venes porque son el futuro\u201d.<\/p>\n<p style=\"text-align: justify;\">Mientras que, Joaqu\u00edn Bizama, encargado regional del INDH y representante de ambas mesas organizadoras, relev\u00f3 las coordinaciones generadas que permitieron poner acento en las necesidades que expres\u00f3 la juventud aysenina para su tratamiento en la ronda de jornadas \u201cporque son situaciones que les interesan en la comuna de Ays\u00e9n y tambi\u00e9n les pudieron entregar herramientas, desarrollar habilidades para preocuparse de aquellas personas m\u00e1s vulnerables. En ese sentido, la promoci\u00f3n y educaci\u00f3n en DDHH es la mejor herramienta para tener una ciudadan\u00eda empoderada y preocupada de la comuna y de la comunidad en la que vive\u201d.<\/p>\n<p style=\"text-align: justify;\">Por su parte, Sinda Haro, gestora territorial de la Oficina de Protecci\u00f3n de Derechos (OPD Ays\u00e9n) agradeci\u00f3 la participaci\u00f3n que permiti\u00f3 entregar la certificaci\u00f3n del voluntariado a 25 j\u00f3venes ayseninos en edades entre los 14 y 29 a\u00f1os. Destacando adem\u00e1s que tanto desde la OPD, el Centro de la Mujer y el INDH se encuentran dispuestos a realizar m\u00e1s actividades de esta \u00edndole con los ni\u00f1os y adolescentes de la comuna, incluyendo a las familias. Todo esto abordando el desaf\u00edo de la Casa Edilicia de contar con una Unidad destinada a la juventud.<\/p>\n<p style=\"text-align: justify;\">Finalmente, Danae Sandoval, una de las j\u00f3venes participantes de la instancia y encargada de dar un discurso en la jornada de certificaci\u00f3n se\u00f1al\u00f3 que \u201ces una experiencia s\u00faper enriquecedora, me enorgullece mucho el compromiso de querer trabajar con los j\u00f3venes, descubrir las necesidades y tambi\u00e9n decirlo a viva voz, de que lo que piensan los adultos no siempre es lo que quieren los j\u00f3venes. Entonces yo creo que instarlos a que podamos hablar y generar estos espacios es profundamente enriquecedor y se valora la verdad mucho\u201d puntualiz\u00f3 Sandoval.<\/p>\n<\/div><\/section><\/div><div  style='height:50px' class='hr hr-invisible   avia-builder-el-6  el_after_av_one_full  el_before_av_social_share '><span class='hr-inner ' ><span class='hr-inner-style'><\/span><\/span><\/div><\/p>\n<div  class='av-social-sharing-box  avia-builder-el-7  el_after_av_hr  el_before_av_hr  '><div class='av-share-box'><h5 class='av-share-link-description av-no-toc '>Compartir esta noticia<\/h5><ul class='av-share-box-list noLightbox'><li class='av-share-link av-social-link-facebook' ><a target=\"_blank\" aria-label=\"Compartir en Facebook\" href='https:\/\/www.facebook.com\/sharer.php?u=https:\/\/radiorevelacionfm.cl\/?p=8706&#038;t=J%C3%B3venes%20ayseninos%20adquieren%20nuevas%20competencias%20a%20trav%C3%A9s%20de%20Voluntariado%20para%20desarrollar%20cambios%20culturales' aria-hidden='false' data-av_icon='\ue8f3' data-av_iconfont='entypo-fontello' title='' data-avia-related-tooltip='Compartir en Facebook' rel=\"noopener\"><span class='avia_hidden_link_text'>Compartir en Facebook<\/span><\/a><\/li><li class='av-share-link av-social-link-twitter' ><a target=\"_blank\" aria-label=\"Compartir en Twitter\" href='https:\/\/twitter.com\/share?text=J%C3%B3venes%20ayseninos%20adquieren%20nuevas%20competencias%20a%20trav%C3%A9s%20de%20Voluntariado%20para%20desarrollar%20cambios%20culturales&#038;url=https:\/\/radiorevelacionfm.cl\/?p=8706' aria-hidden='false' data-av_icon='\ue8f1' data-av_iconfont='entypo-fontello' title='' data-avia-related-tooltip='Compartir en Twitter' rel=\"noopener\"><span class='avia_hidden_link_text'>Compartir en Twitter<\/span><\/a><\/li><li class='av-share-link av-social-link-whatsapp' ><a target=\"_blank\" aria-label=\"Compartir en Whatsapp\" href='https:\/\/api.whatsapp.com\/send?text=https:\/\/radiorevelacionfm.cl\/?p=8706' aria-hidden='false' data-av_icon='\uf232' data-av_iconfont='entypo-fontello' title='' data-avia-related-tooltip='Compartir en Whatsapp' rel=\"noopener\"><span class='avia_hidden_link_text'>Compartir en Whatsapp<\/span><\/a><\/li><li class='av-share-link av-social-link-linkedin' ><a target=\"_blank\" aria-label=\"Compartir en LinkedIn\" href='https:\/\/linkedin.com\/shareArticle?mini=true&#038;title=J%C3%B3venes%20ayseninos%20adquieren%20nuevas%20competencias%20a%20trav%C3%A9s%20de%20Voluntariado%20para%20desarrollar%20cambios%20culturales&#038;url=https:\/\/radiorevelacionfm.cl\/?p=8706' aria-hidden='false' data-av_icon='\ue8fc' data-av_iconfont='entypo-fontello' title='' data-avia-related-tooltip='Compartir en LinkedIn' rel=\"noopener\"><span class='avia_hidden_link_text'>Compartir en LinkedIn<\/span><\/a><\/li><li class='av-share-link av-social-link-mail' ><a  aria-label=\"Compartir por correo\" href='mailto:?subject=J%C3%B3venes%20ayseninos%20adquieren%20nuevas%20competencias%20a%20trav%C3%A9s%20de%20Voluntariado%20para%20desarrollar%20cambios%20culturales&#038;body=https:\/\/radiorevelacionfm.cl\/?p=8706' aria-hidden='false' data-av_icon='\ue805' data-av_iconfont='entypo-fontello' title='' data-avia-related-tooltip='Compartir por correo'><span class='avia_hidden_link_text'>Compartir por correo<\/span><\/a><\/li><\/ul><\/div><\/div>\n<div  style='height:50px' class='hr hr-invisible   avia-builder-el-8  el_after_av_social_share  el_before_av_comments_list '><span class='hr-inner ' ><span class='hr-inner-style'><\/span><\/span><\/div>\n<div  class='av-buildercomment  av-blog-meta-html-info-disabled av-blog-meta-tag-disabled  '><\/div>\n","protected":false},"excerpt":{"rendered":"","protected":false},"author":1,"featured_media":8707,"comment_status":"open","ping_status":"open","sticky":false,"template":"","format":"standard","meta":{"footnotes":""},"categories":[38],"tags":[],"class_list":["post-8706","post","type-post","status-publish","format-standard","has-post-thumbnail","hentry","category-regional"],"jetpack_featured_media_url":"https:\/\/radiorevelacionfm.cl\/wp-content\/uploads\/2021\/09\/img-voluntariadoJP3-1-1.jpeg","_links":{"self":[{"href":"https:\/\/radiorevelacionfm.cl\/index.php?rest_route=\/wp\/v2\/posts\/8706","targetHints":{"allow":["GET"]}}],"collection":[{"href":"https:\/\/radiorevelacionfm.cl\/index.php?rest_route=\/wp\/v2\/posts"}],"about":[{"href":"https:\/\/radiorevelacionfm.cl\/index.php?rest_route=\/wp\/v2\/types\/post"}],"author":[{"embeddable":true,"href":"https:\/\/radiorevelacionfm.cl\/index.php?rest_route=\/wp\/v2\/users\/1"}],"replies":[{"embeddable":true,"href":"https:\/\/radiorevelacionfm.cl\/index.php?rest_route=%2Fwp%2Fv2%2Fcomments&post=8706"}],"version-history":[{"count":1,"href":"https:\/\/radiorevelacionfm.cl\/index.php?rest_route=\/wp\/v2\/posts\/8706\/revisions"}],"predecessor-version":[{"id":8708,"href":"https:\/\/radiorevelacionfm.cl\/index.php?rest_route=\/wp\/v2\/posts\/8706\/revisions\/8708"}],"wp:featuredmedia":[{"embeddable":true,"href":"https:\/\/radiorevelacionfm.cl\/index.php?rest_route=\/wp\/v2\/media\/8707"}],"wp:attachment":[{"href":"https:\/\/radiorevelacionfm.cl\/index.php?rest_route=%2Fwp%2Fv2%2Fmedia&parent=8706"}],"wp:term":[{"taxonomy":"category","embeddable":true,"href":"https:\/\/radiorevelacionfm.cl\/index.php?rest_route=%2Fwp%2Fv2%2Fcategories&post=8706"},{"taxonomy":"post_tag","embeddable":true,"href":"https:\/\/radiorevelacionfm.cl\/index.php?rest_route=%2Fwp%2Fv2%2Ftags&post=8706"}],"curies":[{"name":"wp","href":"https:\/\/api.w.org\/{rel}","templated":true}]}}