{"id":8703,"date":"2021-09-14T17:39:54","date_gmt":"2021-09-14T20:39:54","guid":{"rendered":"https:\/\/radiorevelacionfm.cl\/?p=8703"},"modified":"2021-09-14T17:39:54","modified_gmt":"2021-09-14T20:39:54","slug":"sag-refuerza-fiscalizacion-de-carnes-y-alcoholes-por-fiestas-patrias","status":"publish","type":"post","link":"https:\/\/radiorevelacionfm.cl\/?p=8703","title":{"rendered":"SAG refuerza fiscalizaci\u00f3n de carnes y alcoholes por Fiestas Patrias"},"content":{"rendered":"<div class=\"flex_column av_one_full  flex_column_div av-zero-column-padding first  avia-builder-el-0  el_before_av_one_full  avia-builder-el-first  \" style='border-radius:0px; '><div  class='avia-image-container  av-styling-    avia-builder-el-1  avia-builder-el-no-sibling  avia-align-center '  itemprop=\"image\" itemscope=\"itemscope\" itemtype=\"https:\/\/schema.org\/ImageObject\"  ><div class='avia-image-container-inner'><div class='avia-image-overlay-wrap'><img decoding=\"async\" class='wp-image-8704 avia-img-lazy-loading-not-8704 avia_image' src=\"https:\/\/radiorevelacionfm.cl\/wp-content\/uploads\/2021\/09\/SAG-WA0040-1-1.jpg\" alt='' title='SAG-WA0040 (1) (1)' height=\"600\" width=\"899\"  itemprop=\"thumbnailUrl\" srcset=\"https:\/\/radiorevelacionfm.cl\/wp-content\/uploads\/2021\/09\/SAG-WA0040-1-1.jpg 899w, https:\/\/radiorevelacionfm.cl\/wp-content\/uploads\/2021\/09\/SAG-WA0040-1-1-300x200.jpg 300w, https:\/\/radiorevelacionfm.cl\/wp-content\/uploads\/2021\/09\/SAG-WA0040-1-1-768x513.jpg 768w, https:\/\/radiorevelacionfm.cl\/wp-content\/uploads\/2021\/09\/SAG-WA0040-1-1-705x471.jpg 705w, https:\/\/radiorevelacionfm.cl\/wp-content\/uploads\/2021\/09\/SAG-WA0040-1-1-600x400.jpg 600w\" sizes=\"(max-width: 899px) 100vw, 899px\" \/><\/div><\/div><\/div><\/div><div class=\"flex_column av_one_full  flex_column_div av-zero-column-padding first  avia-builder-el-2  el_after_av_one_full  el_before_av_one_full  column-top-margin\" style='border-radius:0px; '><section class=\"av_textblock_section \"  itemscope=\"itemscope\" itemtype=\"https:\/\/schema.org\/BlogPosting\" itemprop=\"blogPost\" ><div class='avia_textblock  '   itemprop=\"text\" ><p style=\"text-align: center;\"><strong><span style=\"font-size: 18pt;\">SAG refuerza fiscalizaci\u00f3n de carnes y alcoholes por Fiestas Patrias<\/span><\/strong><\/p>\n<div id=\"gtx-trans\" style=\"position: absolute; left: -50px; top: 4.31534px;\">\n<div class=\"gtx-trans-icon\"><\/div>\n<\/div>\n<\/div><\/section><\/div><div class=\"flex_column av_one_full  flex_column_div av-zero-column-padding first  avia-builder-el-4  el_after_av_one_full  el_before_av_hr  column-top-margin\" style='border-radius:0px; '><section class=\"av_textblock_section \"  itemscope=\"itemscope\" itemtype=\"https:\/\/schema.org\/BlogPosting\" itemprop=\"blogPost\" ><div class='avia_textblock  '   itemprop=\"text\" ><p style=\"font-weight: 400; text-align: justify;\">Diversas actividades de fiscalizaci\u00f3n est\u00e1n realizando funcionarios del Servicio Agr\u00edcola y Ganadero en conjunto con el intersector, en la Regi\u00f3n de Ays\u00e9n. Esta acci\u00f3n se ha enfocado a fiscalizar que se cumpla la\u00a0Ley de Alcoholes N\u00b0 18.455,\u00a0que fija normas sobre producci\u00f3n, elaboraci\u00f3n y comercializaci\u00f3n de bebidas alcoh\u00f3licas y fiscalizaci\u00f3n a la Ley de Carnes 19.162 y sus reglamentos entre ellos transporte de ganado. Dado el aumento en el consumo de estos productos (carnes y bebidas alcoh\u00f3licas) durante las celebraciones de Fiestas Patrias.<\/p>\n<p style=\"font-weight: 400; text-align: justify;\">Funcionarios SAG de las oficinas sectoriales de Puerto Ays\u00e9n, Coyhaique, Chile Chico y Cochrane han realizado fiscalizaciones en supermercados y carnicer\u00edas verificando esencialmente que la carne en venta, provenga de un matadero oficial autorizado y se exhiba la documentaci\u00f3n de origen (Certificado de Clasificaci\u00f3n de ganado y Tipificaci\u00f3n de sus carnes), adem\u00e1s de anunciar correctamente la categor\u00eda de carne en venta, rotulaci\u00f3n de cortes mayores y menores que corresponda, la rotulaci\u00f3n anunciada en vitrina.<\/p>\n<p style=\"font-weight: 400; text-align: justify;\">Si bien las fiscalizaciones se realizan de manera permanente, Jorge P\u00e9rez, director (s) regional\u00a0 SAG, indic\u00f3 que \u00e9stas \u201clas estamos reforzando en el mes de septiembre y aumentando las fiscalizaciones en la ley de alcoholes y ley de carnes, donde debemos verificar, bienestar animal en el transporte de ganado, uso del formulario de movimiento animal y trazabilidad. De esta manera entregamos seguridad y el derecho al consumidor de conocer el origen del producto que est\u00e1 comprando\u201d.<\/p>\n<p style=\"font-weight: 400; text-align: justify;\">Por otra parte, Cristian Lozano, jefe oficina sectorial Chile Chico, se refiri\u00f3 al trabajo en su sector, \u201cse ha realizado una activa labor de fiscalizaci\u00f3n de carretera con motivo de las fiestas patrias, haciendo \u00e9nfasis en educaci\u00f3n y normativa vigente de trazabilidad, y generar instancias para educar de buena manera para minimizar o evitar delito de abigeato, debido que producto de la celebraci\u00f3n de fiestas patrias suele aumentar el faenamiento animal ilegal.<\/p>\n<p style=\"font-weight: 400; text-align: justify;\">Resulta importante se\u00f1alar que las actividades de fiscalizaci\u00f3n se han desarrollado en conjunto con personal de Carabineros de Chile, PDI y Gobernaciones Provinciales, Seremi Agricultura, Seremi Salud, entre otros, donde cada una de las Instituciones abordan temas de fiscalizaci\u00f3n espec\u00edficos y tambi\u00e9n operativos conjuntos y\/o complementarios de los Servicios.<\/p>\n<\/div><\/section><\/div><div  style='height:50px' class='hr hr-invisible   avia-builder-el-6  el_after_av_one_full  el_before_av_social_share '><span class='hr-inner ' ><span class='hr-inner-style'><\/span><\/span><\/div><\/p>\n<div  class='av-social-sharing-box  avia-builder-el-7  el_after_av_hr  el_before_av_hr  '><div class='av-share-box'><h5 class='av-share-link-description av-no-toc '>Compartir esta noticia<\/h5><ul class='av-share-box-list noLightbox'><li class='av-share-link av-social-link-facebook' ><a target=\"_blank\" aria-label=\"Compartir en Facebook\" href='https:\/\/www.facebook.com\/sharer.php?u=https:\/\/radiorevelacionfm.cl\/?p=8703&#038;t=SAG%20refuerza%20fiscalizaci%C3%B3n%20de%20carnes%20y%20alcoholes%20por%20Fiestas%20Patrias' aria-hidden='false' data-av_icon='\ue8f3' data-av_iconfont='entypo-fontello' title='' data-avia-related-tooltip='Compartir en Facebook' rel=\"noopener\"><span class='avia_hidden_link_text'>Compartir en Facebook<\/span><\/a><\/li><li class='av-share-link av-social-link-twitter' ><a target=\"_blank\" aria-label=\"Compartir en Twitter\" href='https:\/\/twitter.com\/share?text=SAG%20refuerza%20fiscalizaci%C3%B3n%20de%20carnes%20y%20alcoholes%20por%20Fiestas%20Patrias&#038;url=https:\/\/radiorevelacionfm.cl\/?p=8703' aria-hidden='false' data-av_icon='\ue8f1' data-av_iconfont='entypo-fontello' title='' data-avia-related-tooltip='Compartir en Twitter' rel=\"noopener\"><span class='avia_hidden_link_text'>Compartir en Twitter<\/span><\/a><\/li><li class='av-share-link av-social-link-whatsapp' ><a target=\"_blank\" aria-label=\"Compartir en Whatsapp\" href='https:\/\/api.whatsapp.com\/send?text=https:\/\/radiorevelacionfm.cl\/?p=8703' aria-hidden='false' data-av_icon='\uf232' data-av_iconfont='entypo-fontello' title='' data-avia-related-tooltip='Compartir en Whatsapp' rel=\"noopener\"><span class='avia_hidden_link_text'>Compartir en Whatsapp<\/span><\/a><\/li><li class='av-share-link av-social-link-linkedin' ><a target=\"_blank\" aria-label=\"Compartir en LinkedIn\" href='https:\/\/linkedin.com\/shareArticle?mini=true&#038;title=SAG%20refuerza%20fiscalizaci%C3%B3n%20de%20carnes%20y%20alcoholes%20por%20Fiestas%20Patrias&#038;url=https:\/\/radiorevelacionfm.cl\/?p=8703' aria-hidden='false' data-av_icon='\ue8fc' data-av_iconfont='entypo-fontello' title='' data-avia-related-tooltip='Compartir en LinkedIn' rel=\"noopener\"><span class='avia_hidden_link_text'>Compartir en LinkedIn<\/span><\/a><\/li><li class='av-share-link av-social-link-mail' ><a  aria-label=\"Compartir por correo\" href='mailto:?subject=SAG%20refuerza%20fiscalizaci%C3%B3n%20de%20carnes%20y%20alcoholes%20por%20Fiestas%20Patrias&#038;body=https:\/\/radiorevelacionfm.cl\/?p=8703' aria-hidden='false' data-av_icon='\ue805' data-av_iconfont='entypo-fontello' title='' data-avia-related-tooltip='Compartir por correo'><span class='avia_hidden_link_text'>Compartir por correo<\/span><\/a><\/li><\/ul><\/div><\/div>\n<div  style='height:50px' class='hr hr-invisible   avia-builder-el-8  el_after_av_social_share  el_before_av_comments_list '><span class='hr-inner ' ><span class='hr-inner-style'><\/span><\/span><\/div>\n<div  class='av-buildercomment  av-blog-meta-html-info-disabled av-blog-meta-tag-disabled  '><\/div>\n","protected":false},"excerpt":{"rendered":"","protected":false},"author":1,"featured_media":8704,"comment_status":"open","ping_status":"open","sticky":false,"template":"","format":"standard","meta":{"footnotes":""},"categories":[58],"tags":[],"class_list":["post-8703","post","type-post","status-publish","format-standard","has-post-thumbnail","hentry","category-agricultura"],"jetpack_featured_media_url":"https:\/\/radiorevelacionfm.cl\/wp-content\/uploads\/2021\/09\/SAG-WA0040-1-1.jpg","_links":{"self":[{"href":"https:\/\/radiorevelacionfm.cl\/index.php?rest_route=\/wp\/v2\/posts\/8703","targetHints":{"allow":["GET"]}}],"collection":[{"href":"https:\/\/radiorevelacionfm.cl\/index.php?rest_route=\/wp\/v2\/posts"}],"about":[{"href":"https:\/\/radiorevelacionfm.cl\/index.php?rest_route=\/wp\/v2\/types\/post"}],"author":[{"embeddable":true,"href":"https:\/\/radiorevelacionfm.cl\/index.php?rest_route=\/wp\/v2\/users\/1"}],"replies":[{"embeddable":true,"href":"https:\/\/radiorevelacionfm.cl\/index.php?rest_route=%2Fwp%2Fv2%2Fcomments&post=8703"}],"version-history":[{"count":1,"href":"https:\/\/radiorevelacionfm.cl\/index.php?rest_route=\/wp\/v2\/posts\/8703\/revisions"}],"predecessor-version":[{"id":8705,"href":"https:\/\/radiorevelacionfm.cl\/index.php?rest_route=\/wp\/v2\/posts\/8703\/revisions\/8705"}],"wp:featuredmedia":[{"embeddable":true,"href":"https:\/\/radiorevelacionfm.cl\/index.php?rest_route=\/wp\/v2\/media\/8704"}],"wp:attachment":[{"href":"https:\/\/radiorevelacionfm.cl\/index.php?rest_route=%2Fwp%2Fv2%2Fmedia&parent=8703"}],"wp:term":[{"taxonomy":"category","embeddable":true,"href":"https:\/\/radiorevelacionfm.cl\/index.php?rest_route=%2Fwp%2Fv2%2Fcategories&post=8703"},{"taxonomy":"post_tag","embeddable":true,"href":"https:\/\/radiorevelacionfm.cl\/index.php?rest_route=%2Fwp%2Fv2%2Ftags&post=8703"}],"curies":[{"name":"wp","href":"https:\/\/api.w.org\/{rel}","templated":true}]}}