{"id":8700,"date":"2021-09-14T18:09:24","date_gmt":"2021-09-14T21:09:24","guid":{"rendered":"https:\/\/radiorevelacionfm.cl\/?p=8700"},"modified":"2021-09-14T18:09:24","modified_gmt":"2021-09-14T21:09:24","slug":"desde-puyuhuapi-lanzan-llamado-al-programa-reactivate-barrios-comerciales-de-sercotec","status":"publish","type":"post","link":"https:\/\/radiorevelacionfm.cl\/?p=8700","title":{"rendered":"Desde Puyuhuapi lanzan llamado al programa React\u00edvate Barrios Comerciales de Sercotec"},"content":{"rendered":"<div class=\"flex_column av_one_full  flex_column_div av-zero-column-padding first  avia-builder-el-0  el_before_av_one_full  avia-builder-el-first  \" style='border-radius:0px; '><div  class='avia-image-container  av-styling-    avia-builder-el-1  avia-builder-el-no-sibling  avia-align-center '  itemprop=\"image\" itemscope=\"itemscope\" itemtype=\"https:\/\/schema.org\/ImageObject\"  ><div class='avia-image-container-inner'><div class='avia-image-overlay-wrap'><img decoding=\"async\" class='wp-image-8701 avia-img-lazy-loading-not-8701 avia_image' src=\"https:\/\/radiorevelacionfm.cl\/wp-content\/uploads\/2021\/09\/LANZAMIENTO-BARRIOS-COMERCIALES-DESDE-PUYUHUAPI-0-1-1.jpg\" alt='' title='LANZAMIENTO BARRIOS COMERCIALES DESDE PUYUHUAPI (0) (1) (1)' height=\"600\" width=\"1017\"  itemprop=\"thumbnailUrl\" srcset=\"https:\/\/radiorevelacionfm.cl\/wp-content\/uploads\/2021\/09\/LANZAMIENTO-BARRIOS-COMERCIALES-DESDE-PUYUHUAPI-0-1-1.jpg 1017w, https:\/\/radiorevelacionfm.cl\/wp-content\/uploads\/2021\/09\/LANZAMIENTO-BARRIOS-COMERCIALES-DESDE-PUYUHUAPI-0-1-1-300x177.jpg 300w, https:\/\/radiorevelacionfm.cl\/wp-content\/uploads\/2021\/09\/LANZAMIENTO-BARRIOS-COMERCIALES-DESDE-PUYUHUAPI-0-1-1-768x453.jpg 768w, https:\/\/radiorevelacionfm.cl\/wp-content\/uploads\/2021\/09\/LANZAMIENTO-BARRIOS-COMERCIALES-DESDE-PUYUHUAPI-0-1-1-705x416.jpg 705w, https:\/\/radiorevelacionfm.cl\/wp-content\/uploads\/2021\/09\/LANZAMIENTO-BARRIOS-COMERCIALES-DESDE-PUYUHUAPI-0-1-1-600x354.jpg 600w\" sizes=\"(max-width: 1017px) 100vw, 1017px\" \/><\/div><\/div><\/div><\/div><div class=\"flex_column av_one_full  flex_column_div av-zero-column-padding first  avia-builder-el-2  el_after_av_one_full  el_before_av_one_full  column-top-margin\" style='border-radius:0px; '><section class=\"av_textblock_section \"  itemscope=\"itemscope\" itemtype=\"https:\/\/schema.org\/BlogPosting\" itemprop=\"blogPost\" ><div class='avia_textblock  '   itemprop=\"text\" ><p style=\"text-align: center;\"><strong><span style=\"font-size: 18pt;\">Desde Puyuhuapi lanzan llamado al programa React\u00edvate Barrios Comerciales de Sercotec<\/span><\/strong><\/p>\n<div id=\"gtx-trans\" style=\"position: absolute; left: -50px; top: 4.31534px;\">\n<div class=\"gtx-trans-icon\"><\/div>\n<\/div>\n<\/div><\/section><\/div><div class=\"flex_column av_one_full  flex_column_div av-zero-column-padding first  avia-builder-el-4  el_after_av_one_full  el_before_av_hr  column-top-margin\" style='border-radius:0px; '><section class=\"av_textblock_section \"  itemscope=\"itemscope\" itemtype=\"https:\/\/schema.org\/BlogPosting\" itemprop=\"blogPost\" ><div class='avia_textblock  '   itemprop=\"text\" ><p style=\"text-align: justify;\">El programa que estar\u00e1 abierto hasta el 23 de septiembre, \u00a0tiene en su base la reactivaci\u00f3n especial para Centros y Barrios Comerciales, que re\u00fanen peque\u00f1as y medianas empresas. El objetivo principal de este instrumento es apoyar la activaci\u00f3n, gesti\u00f3n y comunicaci\u00f3n de la oferta comercial de empresas de comercio minorista y\/o de servicios dedicados al consumidor final, que se encuentren concentradas en un determinado sector o territorio.<\/p>\n<p style=\"text-align: justify;\">As\u00ed lo dio a conocer la Directora regional de Sercotec Cinthya Pantanalli \u201cqueremos fortalecer el comercio local de barrio con identidad territorial y es por eso que hacemos un llamado a participar de esta iniciativa que est\u00e1 abierta desde el 13 al 23 de septiembre. La experiencia que hemos tenido, da cuenta de que si los comerciantes y Pymes se agrupan pueden lograr no s\u00f3lo un mejoramiento de su entorno, sino que tambi\u00e9n les permite entregar de mejor manera sus productos a los clientes creando una red de colaboraci\u00f3n incluso con otras agrupaciones y eso fortalece la actividad emprendedora desde los barrios. As\u00ed que el llamado es a postular a trav\u00e9s de la p\u00e1gina web sercotec.cl y el plazo vence el d\u00eda jueves 23 de septiembre hasta las 15:00 horas\u201d, asever\u00f3 la autoridad.<\/p>\n<p style=\"text-align: justify;\">Por su parte la Presidenta del Barrio Comercial de Puyuhuapi Juanita Altamirano, destac\u00f3 los logros que su agrupaci\u00f3n pudo desarrollar \u201c con la ejecuci\u00f3n de este programa en nuestro barrio comercial pudimos obtener un t\u00f3tem publicitario dise\u00f1ado con materiales especiales acorde a nuestro entorno, adem\u00e1s de un punto limpio y una p\u00e1gina web corporativa que muestra no s\u00f3lo nuestros productos sino que tambi\u00e9n hace una rese\u00f1a de quienes formamos el comercio local de barrio e una zona muy tur\u00edstica como lo es Puyuhuapi. Es por eso que tambi\u00e9n invitamos a nuestros pares comerciantes de otras comunas a que se agrupen y postulen a este programa de Sercotec, as\u00ed como nosotros lo hicimos en su oportunidad\u201d.<\/p>\n<p style=\"text-align: justify;\">En tanto el Seremi de Econom\u00eda Carlos Pacheco enfatiz\u00f3 que \u201ccomo ministerio nos hemos desplegado en diversas comunas de nuestra regi\u00f3n en las \u00faltimas semanas para ver en terreno c\u00f3mo se est\u00e1 activando la econom\u00eda local, el turismo y los m\u00faltiples rubros productivos de Ays\u00e9n y hemos comprobado con mucha satisfacci\u00f3n que la econom\u00eda local ya despegando y eso es una buena noticia. En este contexto, destacamos el lanzamiento de Sercotec con su programa Barrios Comerciales porque va en la l\u00ednea que estamos promoviendo, es decir, buscar la manera de asociar actores de un \u00e1rea productiva como lo es el peque\u00f1o comercio y mejorar sus condiciones competitivas. As\u00ed los comerciantes podr\u00e1n reactivar sus ventas, dejando atr\u00e1s los meses de restricciones producto de la pandemia\u201d.<\/p>\n<p style=\"text-align: justify;\"><strong>Objetivos<\/strong><\/p>\n<p style=\"text-align: justify;\">En espec\u00edfico el programa React\u00edvate Barrios comerciales busca:<\/p>\n<ul style=\"text-align: justify;\">\n<li>Reforzar y\/o mejorar los canales de distribuci\u00f3n y comercializaci\u00f3n.<\/li>\n<li>Apoyar la reactivaci\u00f3n comercial asociativa e individual; Capital de trabajo de la organizaci\u00f3n y de los socios, compra de insumos, fortalecimiento de la gesti\u00f3n, el desarrollo de las competencias y capacidades en los empresarios y trabajadores\/as, mejoras en las fachadas, instalaciones y equipamiento de los locales.<\/li>\n<\/ul>\n<ul>\n<li style=\"text-align: justify;\">Impulsar la continuidad de los negocios del barrio, mediante acciones de dinamizaci\u00f3n y activaciones comerciales, eventos tem\u00e1ticos, actividades de promoci\u00f3n y difusi\u00f3n, campa\u00f1as comunicacionales, plan de marketing multiplataforma y branding (desarrollo e implementaci\u00f3n de marca e identidad).<\/li>\n<li style=\"text-align: justify;\">Finalmente adquirir e implementar medidas sanitarias para COVID-19 y habilitar espacios para funcionamiento en contexto de pandemia.<\/li>\n<\/ul>\n<\/div><\/section><\/div><div  style='height:50px' class='hr hr-invisible   avia-builder-el-6  el_after_av_one_full  el_before_av_social_share '><span class='hr-inner ' ><span class='hr-inner-style'><\/span><\/span><\/div><\/p>\n<div  class='av-social-sharing-box  avia-builder-el-7  el_after_av_hr  el_before_av_hr  '><div class='av-share-box'><h5 class='av-share-link-description av-no-toc '>Compartir esta noticia<\/h5><ul class='av-share-box-list noLightbox'><li class='av-share-link av-social-link-facebook' ><a target=\"_blank\" aria-label=\"Compartir en Facebook\" href='https:\/\/www.facebook.com\/sharer.php?u=https:\/\/radiorevelacionfm.cl\/?p=8700&#038;t=Desde%20Puyuhuapi%20lanzan%20llamado%20al%20programa%20React%C3%ADvate%20Barrios%20Comerciales%20de%20Sercotec' aria-hidden='false' data-av_icon='\ue8f3' data-av_iconfont='entypo-fontello' title='' data-avia-related-tooltip='Compartir en Facebook' rel=\"noopener\"><span class='avia_hidden_link_text'>Compartir en Facebook<\/span><\/a><\/li><li class='av-share-link av-social-link-twitter' ><a target=\"_blank\" aria-label=\"Compartir en Twitter\" href='https:\/\/twitter.com\/share?text=Desde%20Puyuhuapi%20lanzan%20llamado%20al%20programa%20React%C3%ADvate%20Barrios%20Comerciales%20de%20Sercotec&#038;url=https:\/\/radiorevelacionfm.cl\/?p=8700' aria-hidden='false' data-av_icon='\ue8f1' data-av_iconfont='entypo-fontello' title='' data-avia-related-tooltip='Compartir en Twitter' rel=\"noopener\"><span class='avia_hidden_link_text'>Compartir en Twitter<\/span><\/a><\/li><li class='av-share-link av-social-link-whatsapp' ><a target=\"_blank\" aria-label=\"Compartir en Whatsapp\" href='https:\/\/api.whatsapp.com\/send?text=https:\/\/radiorevelacionfm.cl\/?p=8700' aria-hidden='false' data-av_icon='\uf232' data-av_iconfont='entypo-fontello' title='' data-avia-related-tooltip='Compartir en Whatsapp' rel=\"noopener\"><span class='avia_hidden_link_text'>Compartir en Whatsapp<\/span><\/a><\/li><li class='av-share-link av-social-link-linkedin' ><a target=\"_blank\" aria-label=\"Compartir en LinkedIn\" href='https:\/\/linkedin.com\/shareArticle?mini=true&#038;title=Desde%20Puyuhuapi%20lanzan%20llamado%20al%20programa%20React%C3%ADvate%20Barrios%20Comerciales%20de%20Sercotec&#038;url=https:\/\/radiorevelacionfm.cl\/?p=8700' aria-hidden='false' data-av_icon='\ue8fc' data-av_iconfont='entypo-fontello' title='' data-avia-related-tooltip='Compartir en LinkedIn' rel=\"noopener\"><span class='avia_hidden_link_text'>Compartir en LinkedIn<\/span><\/a><\/li><li class='av-share-link av-social-link-mail' ><a  aria-label=\"Compartir por correo\" href='mailto:?subject=Desde%20Puyuhuapi%20lanzan%20llamado%20al%20programa%20React%C3%ADvate%20Barrios%20Comerciales%20de%20Sercotec&#038;body=https:\/\/radiorevelacionfm.cl\/?p=8700' aria-hidden='false' data-av_icon='\ue805' data-av_iconfont='entypo-fontello' title='' data-avia-related-tooltip='Compartir por correo'><span class='avia_hidden_link_text'>Compartir por correo<\/span><\/a><\/li><\/ul><\/div><\/div>\n<div  style='height:50px' class='hr hr-invisible   avia-builder-el-8  el_after_av_social_share  el_before_av_comments_list '><span class='hr-inner ' ><span class='hr-inner-style'><\/span><\/span><\/div>\n<div  class='av-buildercomment  av-blog-meta-html-info-disabled av-blog-meta-tag-disabled  '><\/div>\n","protected":false},"excerpt":{"rendered":"","protected":false},"author":1,"featured_media":8701,"comment_status":"open","ping_status":"open","sticky":false,"template":"","format":"standard","meta":{"footnotes":""},"categories":[45],"tags":[],"class_list":["post-8700","post","type-post","status-publish","format-standard","has-post-thumbnail","hentry","category-comercio"],"jetpack_featured_media_url":"https:\/\/radiorevelacionfm.cl\/wp-content\/uploads\/2021\/09\/LANZAMIENTO-BARRIOS-COMERCIALES-DESDE-PUYUHUAPI-0-1-1.jpg","_links":{"self":[{"href":"https:\/\/radiorevelacionfm.cl\/index.php?rest_route=\/wp\/v2\/posts\/8700","targetHints":{"allow":["GET"]}}],"collection":[{"href":"https:\/\/radiorevelacionfm.cl\/index.php?rest_route=\/wp\/v2\/posts"}],"about":[{"href":"https:\/\/radiorevelacionfm.cl\/index.php?rest_route=\/wp\/v2\/types\/post"}],"author":[{"embeddable":true,"href":"https:\/\/radiorevelacionfm.cl\/index.php?rest_route=\/wp\/v2\/users\/1"}],"replies":[{"embeddable":true,"href":"https:\/\/radiorevelacionfm.cl\/index.php?rest_route=%2Fwp%2Fv2%2Fcomments&post=8700"}],"version-history":[{"count":1,"href":"https:\/\/radiorevelacionfm.cl\/index.php?rest_route=\/wp\/v2\/posts\/8700\/revisions"}],"predecessor-version":[{"id":8702,"href":"https:\/\/radiorevelacionfm.cl\/index.php?rest_route=\/wp\/v2\/posts\/8700\/revisions\/8702"}],"wp:featuredmedia":[{"embeddable":true,"href":"https:\/\/radiorevelacionfm.cl\/index.php?rest_route=\/wp\/v2\/media\/8701"}],"wp:attachment":[{"href":"https:\/\/radiorevelacionfm.cl\/index.php?rest_route=%2Fwp%2Fv2%2Fmedia&parent=8700"}],"wp:term":[{"taxonomy":"category","embeddable":true,"href":"https:\/\/radiorevelacionfm.cl\/index.php?rest_route=%2Fwp%2Fv2%2Fcategories&post=8700"},{"taxonomy":"post_tag","embeddable":true,"href":"https:\/\/radiorevelacionfm.cl\/index.php?rest_route=%2Fwp%2Fv2%2Ftags&post=8700"}],"curies":[{"name":"wp","href":"https:\/\/api.w.org\/{rel}","templated":true}]}}