{"id":8697,"date":"2021-09-14T16:07:10","date_gmt":"2021-09-14T19:07:10","guid":{"rendered":"https:\/\/radiorevelacionfm.cl\/?p=8697"},"modified":"2021-09-14T16:07:10","modified_gmt":"2021-09-14T19:07:10","slug":"personas-mayores-de-la-comuna-de-aysen-reciben-equipos-de-conectividad-de-la-fundacion-conecta-mayor","status":"publish","type":"post","link":"https:\/\/radiorevelacionfm.cl\/?p=8697","title":{"rendered":"Personas mayores de la comuna de Ays\u00e9n reciben equipos de conectividad de la Fundaci\u00f3n Conecta Mayor"},"content":{"rendered":"<div class=\"flex_column av_one_full  flex_column_div av-zero-column-padding first  avia-builder-el-0  el_before_av_one_full  avia-builder-el-first  \" style='border-radius:0px; '><div  class='avia-image-container  av-styling-    avia-builder-el-1  avia-builder-el-no-sibling  avia-align-center '  itemprop=\"image\" itemscope=\"itemscope\" itemtype=\"https:\/\/schema.org\/ImageObject\"  ><div class='avia-image-container-inner'><div class='avia-image-overlay-wrap'><img decoding=\"async\" class='wp-image-8698 avia-img-lazy-loading-not-8698 avia_image' src=\"https:\/\/radiorevelacionfm.cl\/wp-content\/uploads\/2021\/09\/img-celularesAM3-1-1.jpeg\" alt='' title='img-celularesAM3 (1) (1)' height=\"600\" width=\"1073\"  itemprop=\"thumbnailUrl\" srcset=\"https:\/\/radiorevelacionfm.cl\/wp-content\/uploads\/2021\/09\/img-celularesAM3-1-1.jpeg 1073w, https:\/\/radiorevelacionfm.cl\/wp-content\/uploads\/2021\/09\/img-celularesAM3-1-1-300x168.jpeg 300w, https:\/\/radiorevelacionfm.cl\/wp-content\/uploads\/2021\/09\/img-celularesAM3-1-1-1030x576.jpeg 1030w, https:\/\/radiorevelacionfm.cl\/wp-content\/uploads\/2021\/09\/img-celularesAM3-1-1-768x429.jpeg 768w, https:\/\/radiorevelacionfm.cl\/wp-content\/uploads\/2021\/09\/img-celularesAM3-1-1-705x394.jpeg 705w, https:\/\/radiorevelacionfm.cl\/wp-content\/uploads\/2021\/09\/img-celularesAM3-1-1-600x336.jpeg 600w\" sizes=\"(max-width: 1073px) 100vw, 1073px\" \/><\/div><\/div><\/div><\/div><div class=\"flex_column av_one_full  flex_column_div av-zero-column-padding first  avia-builder-el-2  el_after_av_one_full  el_before_av_one_full  column-top-margin\" style='border-radius:0px; '><section class=\"av_textblock_section \"  itemscope=\"itemscope\" itemtype=\"https:\/\/schema.org\/BlogPosting\" itemprop=\"blogPost\" ><div class='avia_textblock  '   itemprop=\"text\" ><p style=\"text-align: center;\"><strong><span style=\"font-size: 18pt;\">Personas mayores de la comuna de Ays\u00e9n reciben equipos de conectividad de la Fundaci\u00f3n Conecta Mayor<\/span><\/strong><\/p>\n<div id=\"gtx-trans\" style=\"position: absolute; left: -50px; top: 4.31534px;\">\n<div class=\"gtx-trans-icon\"><\/div>\n<\/div>\n<\/div><\/section><\/div><div class=\"flex_column av_one_full  flex_column_div av-zero-column-padding first  avia-builder-el-4  el_after_av_one_full  el_before_av_hr  column-top-margin\" style='border-radius:0px; '><section class=\"av_textblock_section \"  itemscope=\"itemscope\" itemtype=\"https:\/\/schema.org\/BlogPosting\" itemprop=\"blogPost\" ><div class='avia_textblock  '   itemprop=\"text\" ><p style=\"text-align: justify;\">Los dispositivos cuentan con 300 minutos en llamadas y navegaci\u00f3n web por dos a\u00f1os de manera gratuita para sus beneficiarios.<\/p>\n<p style=\"text-align: justify;\">Como parte de la alianza estrat\u00e9gica que sostiene la Ilustre Municipalidad de Ays\u00e9n con la Fundaci\u00f3n Conecta Mayor y el Programa de las Naciones Unidas para el Desarrollo (PNUD) NODO, fue posible realizar una nueva entrega de equipos celulares adaptados para Adultos Mayores de la comuna porte\u00f1a. En esta oportunidad, 22 beneficiarios pudieron optar a esta tecnolog\u00eda que hoy apuesta por la autonom\u00eda de sus usuarios con modificaciones al sistema Android especialmente desarrolladas para una navegaci\u00f3n intuitiva.<\/p>\n<p style=\"text-align: justify;\">Al respecto, el jefe de gabinete del municipio de Ays\u00e9n, Marco Co\u00f1uecar, destac\u00f3 el trabajo colaborativo que se produce para materializar este importante hito \u201cen este caso son equipos telef\u00f3nicos que van a beneficiar a nuestros adultos mayores y nos alegra. Como municipio seguiremos estando presente en los proyectos que beneficien a nuestros vecinos. Felicitar a la Direcci\u00f3n de Desarrollo Comunitario (Dideco) y su director porque cada acci\u00f3n que hacen hemos visto est\u00e1n encaminadas al bien de la comunidad. Hoy son los adultos mayores, tal vez el d\u00eda de ma\u00f1ana sean los j\u00f3venes y as\u00ed vamos a seguir sumando. La idea es que entre todos podamos sacar adelante este desaf\u00edo de hacer un Ays\u00e9n de todos\u201d.<\/p>\n<p style=\"text-align: justify;\">En tanto, la jefa de la Unidad de Protecci\u00f3n Social e Integraci\u00f3n Comunitaria, Daniela Mera, abord\u00f3 los aspectos operativos e institucionales que permitieron efectuar la entrega de equipos a las personas mayores de Ays\u00e9n. Los cuales fueron trasladados hasta los domicilios de los usuarios para realizar una breve inducci\u00f3n y as\u00ed tener las nociones b\u00e1sicas sobre el funcionamiento de los mismos. \u201cEsta es una segunda etapa del convenio con la Fundaci\u00f3n porque en la primera etapa entregamos 101 tel\u00e9fonos a personas mayores y hoy d\u00eda las personas que son los 22 beneficiarios pertenecen todos al proyecto NODO que se encuentra trabajando en nuestro territorio\u201d profundiz\u00f3 la encargada.<\/p>\n<p style=\"text-align: justify;\">Por su parte, Mar\u00eda Ver\u00f3nica Valenzuela, agente del Proyecto NODO en Ays\u00e9n, detall\u00f3 el trabajo que se encuentra efectuando el PNUD en esta l\u00ednea piloto que comprende a 12 comunas en el pa\u00eds. Acci\u00f3n que permite formular un trabajo de intervenci\u00f3n familiar, grupal y comunitaria. \u201cEstos tel\u00e9fonos que hoy estamos entregando en convenio con la Fundaci\u00f3n Conecta Mayor de la Pontificia Universidad Cat\u00f3lica en convenio con el Municipio de Ays\u00e9n y adem\u00e1s el proyecto NODO tiene que ver con el vincular a las personas mayores desde algo tan simple como un medio tecnol\u00f3gico\u201d explic\u00f3 Valenzuela.<\/p>\n<p style=\"text-align: justify;\">Finalmente, Pola Bustamante, vecina de Puerto Ays\u00e9n beneficiada con uno de los equipos entregados, se mostr\u00f3 agradecida por la oportunidad brindada \u201cpara mi es una tremenda alegr\u00eda, yo he sido toda la vida dirigente en distintos aspectos y primera vez que otra organizaci\u00f3n me reconoce como dirigente social. Una alegr\u00eda inmensa. Gracias NODO, gracias, Naciones Unidas, pero lo importante de esta actividad es que nosotros los adultos estamos tratando de vincularnos con la sociedad, integrarnos, trabajar, con un medio. Porque un grupo de personas va a tener un equipo de \u00faltima generaci\u00f3n para poder contactarse con las diferentes instituciones del Estado\u201d sentenci\u00f3 la dirigenta vecinal aysenina.<\/p>\n<\/div><\/section><\/div><div  style='height:50px' class='hr hr-invisible   avia-builder-el-6  el_after_av_one_full  el_before_av_social_share '><span class='hr-inner ' ><span class='hr-inner-style'><\/span><\/span><\/div><\/p>\n<div  class='av-social-sharing-box  avia-builder-el-7  el_after_av_hr  el_before_av_hr  '><div class='av-share-box'><h5 class='av-share-link-description av-no-toc '>Compartir esta noticia<\/h5><ul class='av-share-box-list noLightbox'><li class='av-share-link av-social-link-facebook' ><a target=\"_blank\" aria-label=\"Compartir en Facebook\" href='https:\/\/www.facebook.com\/sharer.php?u=https:\/\/radiorevelacionfm.cl\/?p=8697&#038;t=Personas%20mayores%20de%20la%20comuna%20de%20Ays%C3%A9n%20reciben%20equipos%20de%20conectividad%20de%20la%20Fundaci%C3%B3n%20Conecta%20Mayor' aria-hidden='false' data-av_icon='\ue8f3' data-av_iconfont='entypo-fontello' title='' data-avia-related-tooltip='Compartir en Facebook' rel=\"noopener\"><span class='avia_hidden_link_text'>Compartir en Facebook<\/span><\/a><\/li><li class='av-share-link av-social-link-twitter' ><a target=\"_blank\" aria-label=\"Compartir en Twitter\" href='https:\/\/twitter.com\/share?text=Personas%20mayores%20de%20la%20comuna%20de%20Ays%C3%A9n%20reciben%20equipos%20de%20conectividad%20de%20la%20Fundaci%C3%B3n%20Conecta%20Mayor&#038;url=https:\/\/radiorevelacionfm.cl\/?p=8697' aria-hidden='false' data-av_icon='\ue8f1' data-av_iconfont='entypo-fontello' title='' data-avia-related-tooltip='Compartir en Twitter' rel=\"noopener\"><span class='avia_hidden_link_text'>Compartir en Twitter<\/span><\/a><\/li><li class='av-share-link av-social-link-whatsapp' ><a target=\"_blank\" aria-label=\"Compartir en Whatsapp\" href='https:\/\/api.whatsapp.com\/send?text=https:\/\/radiorevelacionfm.cl\/?p=8697' aria-hidden='false' data-av_icon='\uf232' data-av_iconfont='entypo-fontello' title='' data-avia-related-tooltip='Compartir en Whatsapp' rel=\"noopener\"><span class='avia_hidden_link_text'>Compartir en Whatsapp<\/span><\/a><\/li><li class='av-share-link av-social-link-linkedin' ><a target=\"_blank\" aria-label=\"Compartir en LinkedIn\" href='https:\/\/linkedin.com\/shareArticle?mini=true&#038;title=Personas%20mayores%20de%20la%20comuna%20de%20Ays%C3%A9n%20reciben%20equipos%20de%20conectividad%20de%20la%20Fundaci%C3%B3n%20Conecta%20Mayor&#038;url=https:\/\/radiorevelacionfm.cl\/?p=8697' aria-hidden='false' data-av_icon='\ue8fc' data-av_iconfont='entypo-fontello' title='' data-avia-related-tooltip='Compartir en LinkedIn' rel=\"noopener\"><span class='avia_hidden_link_text'>Compartir en LinkedIn<\/span><\/a><\/li><li class='av-share-link av-social-link-mail' ><a  aria-label=\"Compartir por correo\" href='mailto:?subject=Personas%20mayores%20de%20la%20comuna%20de%20Ays%C3%A9n%20reciben%20equipos%20de%20conectividad%20de%20la%20Fundaci%C3%B3n%20Conecta%20Mayor&#038;body=https:\/\/radiorevelacionfm.cl\/?p=8697' aria-hidden='false' data-av_icon='\ue805' data-av_iconfont='entypo-fontello' title='' data-avia-related-tooltip='Compartir por correo'><span class='avia_hidden_link_text'>Compartir por correo<\/span><\/a><\/li><\/ul><\/div><\/div>\n<div  style='height:50px' class='hr hr-invisible   avia-builder-el-8  el_after_av_social_share  el_before_av_comments_list '><span class='hr-inner ' ><span class='hr-inner-style'><\/span><\/span><\/div>\n<div  class='av-buildercomment  av-blog-meta-html-info-disabled av-blog-meta-tag-disabled  '><\/div>\n","protected":false},"excerpt":{"rendered":"","protected":false},"author":1,"featured_media":8698,"comment_status":"open","ping_status":"open","sticky":false,"template":"","format":"standard","meta":{"footnotes":""},"categories":[38],"tags":[],"class_list":["post-8697","post","type-post","status-publish","format-standard","has-post-thumbnail","hentry","category-regional"],"jetpack_featured_media_url":"https:\/\/radiorevelacionfm.cl\/wp-content\/uploads\/2021\/09\/img-celularesAM3-1-1.jpeg","_links":{"self":[{"href":"https:\/\/radiorevelacionfm.cl\/index.php?rest_route=\/wp\/v2\/posts\/8697","targetHints":{"allow":["GET"]}}],"collection":[{"href":"https:\/\/radiorevelacionfm.cl\/index.php?rest_route=\/wp\/v2\/posts"}],"about":[{"href":"https:\/\/radiorevelacionfm.cl\/index.php?rest_route=\/wp\/v2\/types\/post"}],"author":[{"embeddable":true,"href":"https:\/\/radiorevelacionfm.cl\/index.php?rest_route=\/wp\/v2\/users\/1"}],"replies":[{"embeddable":true,"href":"https:\/\/radiorevelacionfm.cl\/index.php?rest_route=%2Fwp%2Fv2%2Fcomments&post=8697"}],"version-history":[{"count":1,"href":"https:\/\/radiorevelacionfm.cl\/index.php?rest_route=\/wp\/v2\/posts\/8697\/revisions"}],"predecessor-version":[{"id":8699,"href":"https:\/\/radiorevelacionfm.cl\/index.php?rest_route=\/wp\/v2\/posts\/8697\/revisions\/8699"}],"wp:featuredmedia":[{"embeddable":true,"href":"https:\/\/radiorevelacionfm.cl\/index.php?rest_route=\/wp\/v2\/media\/8698"}],"wp:attachment":[{"href":"https:\/\/radiorevelacionfm.cl\/index.php?rest_route=%2Fwp%2Fv2%2Fmedia&parent=8697"}],"wp:term":[{"taxonomy":"category","embeddable":true,"href":"https:\/\/radiorevelacionfm.cl\/index.php?rest_route=%2Fwp%2Fv2%2Fcategories&post=8697"},{"taxonomy":"post_tag","embeddable":true,"href":"https:\/\/radiorevelacionfm.cl\/index.php?rest_route=%2Fwp%2Fv2%2Ftags&post=8697"}],"curies":[{"name":"wp","href":"https:\/\/api.w.org\/{rel}","templated":true}]}}