{"id":8693,"date":"2021-09-14T15:17:08","date_gmt":"2021-09-14T18:17:08","guid":{"rendered":"https:\/\/radiorevelacionfm.cl\/?p=8693"},"modified":"2021-09-14T15:21:07","modified_gmt":"2021-09-14T18:21:07","slug":"reconocido-medico-asume-como-nuevo-director-del-hospital-de-puerto-aysen","status":"publish","type":"post","link":"https:\/\/radiorevelacionfm.cl\/?p=8693","title":{"rendered":"Reconocido profesional asume como nuevo Director del Hospital de Puerto Ays\u00e9n"},"content":{"rendered":"<div class=\"flex_column av_one_full  flex_column_div av-zero-column-padding first  avia-builder-el-0  el_before_av_one_full  avia-builder-el-first  \" style='border-radius:0px; '><div  class='avia-image-container  av-styling-    avia-builder-el-1  avia-builder-el-no-sibling  avia-align-center '  itemprop=\"image\" itemscope=\"itemscope\" itemtype=\"https:\/\/schema.org\/ImageObject\"  ><div class='avia-image-container-inner'><div class='avia-image-overlay-wrap'><img decoding=\"async\" class='wp-image-8694 avia-img-lazy-loading-not-8694 avia_image' src=\"https:\/\/radiorevelacionfm.cl\/wp-content\/uploads\/2021\/09\/Nuevo-Director-HPA..-1-1.jpeg\" alt='' title='Nuevo Director HPA.. (1) (1)' height=\"600\" width=\"1067\"  itemprop=\"thumbnailUrl\" srcset=\"https:\/\/radiorevelacionfm.cl\/wp-content\/uploads\/2021\/09\/Nuevo-Director-HPA..-1-1.jpeg 1067w, https:\/\/radiorevelacionfm.cl\/wp-content\/uploads\/2021\/09\/Nuevo-Director-HPA..-1-1-300x169.jpeg 300w, https:\/\/radiorevelacionfm.cl\/wp-content\/uploads\/2021\/09\/Nuevo-Director-HPA..-1-1-1030x579.jpeg 1030w, https:\/\/radiorevelacionfm.cl\/wp-content\/uploads\/2021\/09\/Nuevo-Director-HPA..-1-1-768x432.jpeg 768w, https:\/\/radiorevelacionfm.cl\/wp-content\/uploads\/2021\/09\/Nuevo-Director-HPA..-1-1-705x396.jpeg 705w, https:\/\/radiorevelacionfm.cl\/wp-content\/uploads\/2021\/09\/Nuevo-Director-HPA..-1-1-600x337.jpeg 600w\" sizes=\"(max-width: 1067px) 100vw, 1067px\" \/><\/div><\/div><\/div><\/div>\n<div class=\"flex_column av_one_full  flex_column_div av-zero-column-padding first  avia-builder-el-2  el_after_av_one_full  el_before_av_one_full  column-top-margin\" style='border-radius:0px; '><section class=\"av_textblock_section \"  itemscope=\"itemscope\" itemtype=\"https:\/\/schema.org\/BlogPosting\" itemprop=\"blogPost\" ><div class='avia_textblock  '   itemprop=\"text\" ><p style=\"text-align: center;\"><strong><span style=\"font-size: 18pt;\">Reconocido profesional asume como nuevo Director del Hospital de Puerto Ays\u00e9n<\/span><\/strong><\/p>\n<div id=\"gtx-trans\" style=\"position: absolute; left: -50px; top: 4.31534px;\">\n<div class=\"gtx-trans-icon\"><\/div>\n<\/div>\n<\/div><\/section><\/div><div class=\"flex_column av_one_full  flex_column_div av-zero-column-padding first  avia-builder-el-4  el_after_av_one_full  el_before_av_hr  column-top-margin\" style='border-radius:0px; '><section class=\"av_textblock_section \"  itemscope=\"itemscope\" itemtype=\"https:\/\/schema.org\/BlogPosting\" itemprop=\"blogPost\" ><div class='avia_textblock  '   itemprop=\"text\" ><p style=\"text-align: justify;\">La ma\u00f1ana de este lunes 13 de septiembre, Arriagada sostuvo encuentros con el equipo directivo del HPA, los jefes de unidades y servicios, la mesa de salud de la ciudad porte\u00f1a, brindando adem\u00e1s un punto de prensa, donde fue presentado oficialmente por el Director del Servicio de Salud Ays\u00e9n, Gabriel Burgos Salas, quien destac\u00f3 su trayectoria y de paso agradeci\u00f3 el trabajo efectuado por Gabriel Rab\u00ed, en la suplencia del cargo.<\/p>\n<p style=\"text-align: justify;\">\u201cBueno, hoy d\u00eda se hizo la presentaci\u00f3n del nuevo Director del Hospital de Puerto Ays\u00e9n, mediante un concurso de alta direcci\u00f3n p\u00fablica, el director elegido tiene una alta experiencia tanto en hospitales p\u00fablicos, como en cl\u00ednicas privadas y tambi\u00e9n pas\u00f3 por la direcci\u00f3n de un servicio, en la cual fue muy bien reconocido. Tenemos una alta expectativa en que pueda cumplir ac\u00e1 en el Hospital de Puerto Ays\u00e9n, donde hay harto por trabajar, hay buenos equipos de trabajo que lo van a complementar y por lo tanto brindaremos el mejor apoyo para que pueda desarrollar toda su experiencia y conocimiento. Y por otra parte agradecer al doctor Rab\u00ed quien estuvo liderando este equipo moment\u00e1neamente por nueve meses, raz\u00f3n por la que destacamos todo su sacrificio y esfuerzo\u201d indic\u00f3 el jefe de la Red Asistencial.<\/p>\n<p style=\"text-align: justify;\">Claudio Arriagada, quien cuenta con una vasta experiencia como director de establecimientos de salud en el pa\u00eds y en la regi\u00f3n de Ays\u00e9n, siendo Director del Hospital Regional Coyhaique entre los a\u00f1os 2012 y 2013 y del Instituto Telet\u00f3n, entre los a\u00f1os 2013 y 2016, destac\u00f3 ante la prensa, su satisfacci\u00f3n de retornar a la regi\u00f3n y de poder aportar con el desarrollo del HPA.<\/p>\n<p style=\"text-align: justify;\">\u201cBueno, nosotros estamos muy contentos como familia de haber vuelto a la regi\u00f3n de Ays\u00e9n; anteriormente trabaj\u00e9 como director del Hospital Regional Coyhaique y tambi\u00e9n director de la Telet\u00f3n, estuvimos casi cinco a\u00f1os viviendo ac\u00e1 y para nosotros era un anhelo poder volver, para poder seguir aportando a la comunidad. El Hospital de Puerto Ays\u00e9n es un tremendo desaf\u00edo, es un hospital nuevo que ya es de mediana complejidad y dentro de las metas que tenemos, es seguir aumentando su resolutividad para poder hacer un real aporte en la Red de Salud de la regi\u00f3n junto a los funcionarios a los dirigentes gremiales y la comunidad \u201c, destac\u00f3 la nueva autoridad.<\/p>\n<p style=\"text-align: justify;\">Entre las actividades desarrolladas, el nuevo directivo sostuvo encuentros con los equipos de trabajo al interior del HPA y los dirigentes del Consejo Consultivo del Hospital porte\u00f1o; al respecto, Soledad Ojeda, primera Directora de dicha instancia de participaci\u00f3n ciudadana, se refiri\u00f3 al di\u00e1logo sostenido, se\u00f1alando, \u201cNos dimos a conocer como consejo consultivo, la presidenta que es Ximena Ruiz, dio muy clara la explicaci\u00f3n y coment\u00f3 todo lo que nosotros venimos haciendo y trabajando, con la comunidad y los dem\u00e1s dirigentes. Esperamos trabajar en equipo, en conjunto mutuamente para poder ir solucionando los problemas que tiene el hospital, as\u00ed como tambi\u00e9n el CESFAM de Puerto Ays\u00e9n y las falencias que tienen en Salud, as\u00ed es que yo, contenta y agradecida, esperamos seguir siendo siempre un aporte para los directores, no una piedra de tropiezo. Aprovecho de agradecerle tambi\u00e9n esta instancia al director saliente, don Gabriel Rab\u00ed y al director Gabriel Burgos, con quien hemos venido trabajando bien, pero faltan muchas cosas que hacer as\u00ed es que esperamos nosotros como consejo que se pueda formar un buen equipo para solucionar los problemas de la comunidad\u201d, concluy\u00f3 la dirigente social.<\/p>\n<\/div><\/section><\/div><\/p>\n<div  style='height:50px' class='hr hr-invisible   avia-builder-el-6  el_after_av_one_full  el_before_av_social_share '><span class='hr-inner ' ><span class='hr-inner-style'><\/span><\/span><\/div>\n<div  class='av-social-sharing-box  avia-builder-el-7  el_after_av_hr  el_before_av_hr  '><div class='av-share-box'><h5 class='av-share-link-description av-no-toc '>Compartir esta noticia<\/h5><ul class='av-share-box-list noLightbox'><li class='av-share-link av-social-link-facebook' ><a target=\"_blank\" aria-label=\"Compartir en Facebook\" href='https:\/\/www.facebook.com\/sharer.php?u=https:\/\/radiorevelacionfm.cl\/?p=8693&#038;t=Reconocido%20profesional%20asume%20como%20nuevo%20Director%20del%20Hospital%20de%20Puerto%20Ays%C3%A9n' aria-hidden='false' data-av_icon='\ue8f3' data-av_iconfont='entypo-fontello' title='' data-avia-related-tooltip='Compartir en Facebook' rel=\"noopener\"><span class='avia_hidden_link_text'>Compartir en Facebook<\/span><\/a><\/li><li class='av-share-link av-social-link-twitter' ><a target=\"_blank\" aria-label=\"Compartir en Twitter\" href='https:\/\/twitter.com\/share?text=Reconocido%20profesional%20asume%20como%20nuevo%20Director%20del%20Hospital%20de%20Puerto%20Ays%C3%A9n&#038;url=https:\/\/radiorevelacionfm.cl\/?p=8693' aria-hidden='false' data-av_icon='\ue8f1' data-av_iconfont='entypo-fontello' title='' data-avia-related-tooltip='Compartir en Twitter' rel=\"noopener\"><span class='avia_hidden_link_text'>Compartir en Twitter<\/span><\/a><\/li><li class='av-share-link av-social-link-whatsapp' ><a target=\"_blank\" aria-label=\"Compartir en Whatsapp\" href='https:\/\/api.whatsapp.com\/send?text=https:\/\/radiorevelacionfm.cl\/?p=8693' aria-hidden='false' data-av_icon='\uf232' data-av_iconfont='entypo-fontello' title='' data-avia-related-tooltip='Compartir en Whatsapp' rel=\"noopener\"><span class='avia_hidden_link_text'>Compartir en Whatsapp<\/span><\/a><\/li><li class='av-share-link av-social-link-linkedin' ><a target=\"_blank\" aria-label=\"Compartir en LinkedIn\" href='https:\/\/linkedin.com\/shareArticle?mini=true&#038;title=Reconocido%20profesional%20asume%20como%20nuevo%20Director%20del%20Hospital%20de%20Puerto%20Ays%C3%A9n&#038;url=https:\/\/radiorevelacionfm.cl\/?p=8693' aria-hidden='false' data-av_icon='\ue8fc' data-av_iconfont='entypo-fontello' title='' data-avia-related-tooltip='Compartir en LinkedIn' rel=\"noopener\"><span class='avia_hidden_link_text'>Compartir en LinkedIn<\/span><\/a><\/li><li class='av-share-link av-social-link-mail' ><a  aria-label=\"Compartir por correo\" href='mailto:?subject=Reconocido%20profesional%20asume%20como%20nuevo%20Director%20del%20Hospital%20de%20Puerto%20Ays%C3%A9n&#038;body=https:\/\/radiorevelacionfm.cl\/?p=8693' aria-hidden='false' data-av_icon='\ue805' data-av_iconfont='entypo-fontello' title='' data-avia-related-tooltip='Compartir por correo'><span class='avia_hidden_link_text'>Compartir por correo<\/span><\/a><\/li><\/ul><\/div><\/div>\n<div  style='height:50px' class='hr hr-invisible   avia-builder-el-8  el_after_av_social_share  el_before_av_comments_list '><span class='hr-inner ' ><span class='hr-inner-style'><\/span><\/span><\/div>\n<div  class='av-buildercomment  av-blog-meta-html-info-disabled av-blog-meta-tag-disabled  '><\/div>\n","protected":false},"excerpt":{"rendered":"","protected":false},"author":1,"featured_media":8694,"comment_status":"open","ping_status":"open","sticky":false,"template":"","format":"standard","meta":{"footnotes":""},"categories":[46],"tags":[],"class_list":["post-8693","post","type-post","status-publish","format-standard","has-post-thumbnail","hentry","category-salud"],"jetpack_featured_media_url":"https:\/\/radiorevelacionfm.cl\/wp-content\/uploads\/2021\/09\/Nuevo-Director-HPA..-1-1.jpeg","_links":{"self":[{"href":"https:\/\/radiorevelacionfm.cl\/index.php?rest_route=\/wp\/v2\/posts\/8693","targetHints":{"allow":["GET"]}}],"collection":[{"href":"https:\/\/radiorevelacionfm.cl\/index.php?rest_route=\/wp\/v2\/posts"}],"about":[{"href":"https:\/\/radiorevelacionfm.cl\/index.php?rest_route=\/wp\/v2\/types\/post"}],"author":[{"embeddable":true,"href":"https:\/\/radiorevelacionfm.cl\/index.php?rest_route=\/wp\/v2\/users\/1"}],"replies":[{"embeddable":true,"href":"https:\/\/radiorevelacionfm.cl\/index.php?rest_route=%2Fwp%2Fv2%2Fcomments&post=8693"}],"version-history":[{"count":2,"href":"https:\/\/radiorevelacionfm.cl\/index.php?rest_route=\/wp\/v2\/posts\/8693\/revisions"}],"predecessor-version":[{"id":8696,"href":"https:\/\/radiorevelacionfm.cl\/index.php?rest_route=\/wp\/v2\/posts\/8693\/revisions\/8696"}],"wp:featuredmedia":[{"embeddable":true,"href":"https:\/\/radiorevelacionfm.cl\/index.php?rest_route=\/wp\/v2\/media\/8694"}],"wp:attachment":[{"href":"https:\/\/radiorevelacionfm.cl\/index.php?rest_route=%2Fwp%2Fv2%2Fmedia&parent=8693"}],"wp:term":[{"taxonomy":"category","embeddable":true,"href":"https:\/\/radiorevelacionfm.cl\/index.php?rest_route=%2Fwp%2Fv2%2Fcategories&post=8693"},{"taxonomy":"post_tag","embeddable":true,"href":"https:\/\/radiorevelacionfm.cl\/index.php?rest_route=%2Fwp%2Fv2%2Ftags&post=8693"}],"curies":[{"name":"wp","href":"https:\/\/api.w.org\/{rel}","templated":true}]}}