{"id":8691,"date":"2021-09-14T13:37:19","date_gmt":"2021-09-14T16:37:19","guid":{"rendered":"https:\/\/radiorevelacionfm.cl\/?p=8691"},"modified":"2021-09-14T13:37:19","modified_gmt":"2021-09-14T16:37:19","slug":"corte-de-coyhaique-acoge-recurso-de-amparo-y-deja-sin-efecto-expulsion-de-ciudadano-extranjero","status":"publish","type":"post","link":"https:\/\/radiorevelacionfm.cl\/?p=8691","title":{"rendered":"Corte de Coyhaique acoge recurso de amparo y deja sin efecto expulsi\u00f3n de ciudadano extranjero"},"content":{"rendered":"<div class=\"flex_column av_one_full  flex_column_div av-zero-column-padding first  avia-builder-el-0  el_before_av_one_full  avia-builder-el-first  \" style='border-radius:0px; '><div  class='avia-image-container  av-styling-    avia-builder-el-1  avia-builder-el-no-sibling  avia-align-center '  itemprop=\"image\" itemscope=\"itemscope\" itemtype=\"https:\/\/schema.org\/ImageObject\"  ><div class='avia-image-container-inner'><div class='avia-image-overlay-wrap'><img decoding=\"async\" class='wp-image-5552 avia-img-lazy-loading-not-5552 avia_image' src=\"https:\/\/radiorevelacionfm.cl\/wp-content\/uploads\/2021\/06\/Foto-10-Corte-COYHAIQUE-1-1-1.jpg\" alt='' title='Foto 10 Corte COYHAIQUE (1) (1) (1)' height=\"600\" width=\"1169\"  itemprop=\"thumbnailUrl\" srcset=\"https:\/\/radiorevelacionfm.cl\/wp-content\/uploads\/2021\/06\/Foto-10-Corte-COYHAIQUE-1-1-1.jpg 1169w, https:\/\/radiorevelacionfm.cl\/wp-content\/uploads\/2021\/06\/Foto-10-Corte-COYHAIQUE-1-1-1-300x154.jpg 300w, https:\/\/radiorevelacionfm.cl\/wp-content\/uploads\/2021\/06\/Foto-10-Corte-COYHAIQUE-1-1-1-1030x529.jpg 1030w, https:\/\/radiorevelacionfm.cl\/wp-content\/uploads\/2021\/06\/Foto-10-Corte-COYHAIQUE-1-1-1-768x394.jpg 768w, https:\/\/radiorevelacionfm.cl\/wp-content\/uploads\/2021\/06\/Foto-10-Corte-COYHAIQUE-1-1-1-705x362.jpg 705w, https:\/\/radiorevelacionfm.cl\/wp-content\/uploads\/2021\/06\/Foto-10-Corte-COYHAIQUE-1-1-1-600x308.jpg 600w\" sizes=\"(max-width: 1169px) 100vw, 1169px\" \/><\/div><\/div><\/div><\/div><div class=\"flex_column av_one_full  flex_column_div av-zero-column-padding first  avia-builder-el-2  el_after_av_one_full  el_before_av_one_full  column-top-margin\" style='border-radius:0px; '><section class=\"av_textblock_section \"  itemscope=\"itemscope\" itemtype=\"https:\/\/schema.org\/BlogPosting\" itemprop=\"blogPost\" ><div class='avia_textblock  '   itemprop=\"text\" ><p style=\"text-align: center;\"><strong><span style=\"font-size: 18pt;\">Corte de Coyhaique acoge recurso de amparo y deja sin efecto expulsi\u00f3n de ciudadano extranjero <\/span><\/strong><\/p>\n<div id=\"gtx-trans\" style=\"position: absolute; left: -50px; top: 4.31534px;\">\n<div class=\"gtx-trans-icon\"><\/div>\n<\/div>\n<\/div><\/section><\/div><div class=\"flex_column av_one_full  flex_column_div av-zero-column-padding first  avia-builder-el-4  el_after_av_one_full  el_before_av_hr  column-top-margin\" style='border-radius:0px; '><section class=\"av_textblock_section \"  itemscope=\"itemscope\" itemtype=\"https:\/\/schema.org\/BlogPosting\" itemprop=\"blogPost\" ><div class='avia_textblock  '   itemprop=\"text\" ><p class=\"v1MsoNormal\" style=\"text-align: justify;\">La Corte de Apelaciones de Coyhaique acogi\u00f3 el recurso de amparo presentado por el Instituto Nacional de Derechos Humanos (INDH), en contra de la resoluci\u00f3n N.\u00ba 673 de la Intendencia Regional de Ays\u00e9n de fecha 26 de julio de 2018, que decret\u00f3 la expulsi\u00f3n de ciudadano colombiano, por encontrarse en ese momento formalizado en causa de tr\u00e1fico il\u00edcito de drogas, pese a que con fecha 2 de febrero de 2019, el Tribunal de Juicio Oral en Lo Penal de la ciudad, lo declar\u00f3 absuelto.<\/p>\n<p class=\"v1MsoNormal\" style=\"text-align: justify;\">En fallo un\u00e1nime (causa rol 52-2021), la Primera Sala del tribunal de alzada \u2013integrada por los ministros, Sergio Mora Vallejos, Pedro Castro Espinoza y Jos\u00e9 Ignacio Mora Trujillo \u2013 acogi\u00f3 la acci\u00f3n interpuesta, tras establecer el actuar ilegal de la recurrida al dictar la resoluci\u00f3n de expulsi\u00f3n de los amparados.<\/p>\n<p class=\"v1MsoNormal\" style=\"text-align: justify;\">\u00ab(&#8230;) del an\u00e1lisis de la Resoluci\u00f3n impugnada, esto es, la N.\u00ba 673, de 26 de julio de 2018, dictada por Geoconda Navarrete Arratia, Intendente de la Regi\u00f3n de Ays\u00e9n se puede constatar que no aparecen las motivaciones, fundamentos o razones por las cuales se adopta la decisi\u00f3n de expulsi\u00f3n del ciudadano de nacionalidad colombiana Luis Mario Mayor, lo que convierte a dicho documento en un acto arbitrario e ilegal\u00bb, sostiene el fallo.<\/p>\n<p class=\"v1MsoNormal\" style=\"text-align: justify;\">La resoluci\u00f3n agrega que: \u00aba mayor abundamiento, no puede dejar de advertirse que la Resoluci\u00f3n Exenta N\u00b0 673, ya indicada, impugnada por esta v\u00eda constitucional, no da cuenta de haberse tramitado de acuerdo a un proceso administrativo en que el amparado hayan tenido a lo menos el derecho a ser o\u00eddo, a controvertir las imputaciones que pesan en su contra, a contar con una defensa letrada en representaci\u00f3n de sus derechos y a presentar las pruebas que estimaren del caso, lo que implica una grave vulneraci\u00f3n al debido proceso, derecho que rige transversalmente, tanto en sede jurisdiccional como administrativa; m\u00e1xime, al considerar que la propia Autoridad Administrativa acompa\u00f1a una copia del acta de la audiencia celebrada en el Juzgado de Garant\u00eda de Coyhaique, en causa Rit 1158-2020, en la cual se suspende condicionalmente el procedimiento que se hab\u00eda seguido en contra del amparado por un delito de lesiones, como asimismo se acompa\u00f1\u00f3 por la recurrente copia de la sentencia absolutoria dictada en los antecedentes Rit 36-2018, del Tribunal de Juicio Oral en lo Penal de Coyhaique, respecto de un delito de tr\u00e1fico de drogas; por lo cual no existe una sentencia ejecutoriada condenatoria en su contra que podr\u00eda motivar el ejercicio de la facultad de expulsi\u00f3n de la autoridad, en los t\u00e9rminos que contempla el DL 1094\u00bb.<\/p>\n<p class=\"v1MsoNormal\" style=\"text-align: justify;\">Por lo tanto, concluye que: SE ACOGE el recurso de amparo interpuesto con fecha 1 de septiembre de 2021, por el abogado Joaqu\u00edn Bizama Tiznado, Jefe Regional del Instituto Nacional de Derechos Humanos (INDH), en favor de Luis Mario Mayor, en contra de la Resoluci\u00f3n N.\u00ba 673, de fecha 26 de julio de 2018, dictada por la Intendencia Regional de Ays\u00e9n y, en consecuencia, SE DEJA SIN EFECTO la Resoluci\u00f3n Exenta N.\u00ba 673, que orden\u00f3 la expulsi\u00f3n del territorio nacional del amparado, ya individualizado.\u00bb<\/p>\n<\/div><\/section><\/div><div  style='height:50px' class='hr hr-invisible   avia-builder-el-6  el_after_av_one_full  el_before_av_social_share '><span class='hr-inner ' ><span class='hr-inner-style'><\/span><\/span><\/div><\/p>\n<div  class='av-social-sharing-box  avia-builder-el-7  el_after_av_hr  el_before_av_hr  '><div class='av-share-box'><h5 class='av-share-link-description av-no-toc '>Compartir esta noticia<\/h5><ul class='av-share-box-list noLightbox'><li class='av-share-link av-social-link-facebook' ><a target=\"_blank\" aria-label=\"Compartir en Facebook\" href='https:\/\/www.facebook.com\/sharer.php?u=https:\/\/radiorevelacionfm.cl\/?p=8691&#038;t=Corte%20de%20Coyhaique%20acoge%20recurso%20de%20amparo%20y%20deja%20sin%20efecto%20expulsi%C3%B3n%20de%20ciudadano%20extranjero' aria-hidden='false' data-av_icon='\ue8f3' data-av_iconfont='entypo-fontello' title='' data-avia-related-tooltip='Compartir en Facebook' rel=\"noopener\"><span class='avia_hidden_link_text'>Compartir en Facebook<\/span><\/a><\/li><li class='av-share-link av-social-link-twitter' ><a target=\"_blank\" aria-label=\"Compartir en Twitter\" href='https:\/\/twitter.com\/share?text=Corte%20de%20Coyhaique%20acoge%20recurso%20de%20amparo%20y%20deja%20sin%20efecto%20expulsi%C3%B3n%20de%20ciudadano%20extranjero&#038;url=https:\/\/radiorevelacionfm.cl\/?p=8691' aria-hidden='false' data-av_icon='\ue8f1' data-av_iconfont='entypo-fontello' title='' data-avia-related-tooltip='Compartir en Twitter' rel=\"noopener\"><span class='avia_hidden_link_text'>Compartir en Twitter<\/span><\/a><\/li><li class='av-share-link av-social-link-whatsapp' ><a target=\"_blank\" aria-label=\"Compartir en Whatsapp\" href='https:\/\/api.whatsapp.com\/send?text=https:\/\/radiorevelacionfm.cl\/?p=8691' aria-hidden='false' data-av_icon='\uf232' data-av_iconfont='entypo-fontello' title='' data-avia-related-tooltip='Compartir en Whatsapp' rel=\"noopener\"><span class='avia_hidden_link_text'>Compartir en Whatsapp<\/span><\/a><\/li><li class='av-share-link av-social-link-linkedin' ><a target=\"_blank\" aria-label=\"Compartir en LinkedIn\" href='https:\/\/linkedin.com\/shareArticle?mini=true&#038;title=Corte%20de%20Coyhaique%20acoge%20recurso%20de%20amparo%20y%20deja%20sin%20efecto%20expulsi%C3%B3n%20de%20ciudadano%20extranjero&#038;url=https:\/\/radiorevelacionfm.cl\/?p=8691' aria-hidden='false' data-av_icon='\ue8fc' data-av_iconfont='entypo-fontello' title='' data-avia-related-tooltip='Compartir en LinkedIn' rel=\"noopener\"><span class='avia_hidden_link_text'>Compartir en LinkedIn<\/span><\/a><\/li><li class='av-share-link av-social-link-mail' ><a  aria-label=\"Compartir por correo\" href='mailto:?subject=Corte%20de%20Coyhaique%20acoge%20recurso%20de%20amparo%20y%20deja%20sin%20efecto%20expulsi%C3%B3n%20de%20ciudadano%20extranjero&#038;body=https:\/\/radiorevelacionfm.cl\/?p=8691' aria-hidden='false' data-av_icon='\ue805' data-av_iconfont='entypo-fontello' title='' data-avia-related-tooltip='Compartir por correo'><span class='avia_hidden_link_text'>Compartir por correo<\/span><\/a><\/li><\/ul><\/div><\/div>\n<div  style='height:50px' class='hr hr-invisible   avia-builder-el-8  el_after_av_social_share  el_before_av_comments_list '><span class='hr-inner ' ><span class='hr-inner-style'><\/span><\/span><\/div>\n<div  class='av-buildercomment  av-blog-meta-html-info-disabled av-blog-meta-tag-disabled  '><\/div>\n","protected":false},"excerpt":{"rendered":"","protected":false},"author":1,"featured_media":5552,"comment_status":"open","ping_status":"open","sticky":false,"template":"","format":"standard","meta":{"footnotes":""},"categories":[55],"tags":[],"class_list":["post-8691","post","type-post","status-publish","format-standard","has-post-thumbnail","hentry","category-justicia"],"jetpack_featured_media_url":"https:\/\/radiorevelacionfm.cl\/wp-content\/uploads\/2021\/06\/Foto-10-Corte-COYHAIQUE-1-1-1.jpg","_links":{"self":[{"href":"https:\/\/radiorevelacionfm.cl\/index.php?rest_route=\/wp\/v2\/posts\/8691","targetHints":{"allow":["GET"]}}],"collection":[{"href":"https:\/\/radiorevelacionfm.cl\/index.php?rest_route=\/wp\/v2\/posts"}],"about":[{"href":"https:\/\/radiorevelacionfm.cl\/index.php?rest_route=\/wp\/v2\/types\/post"}],"author":[{"embeddable":true,"href":"https:\/\/radiorevelacionfm.cl\/index.php?rest_route=\/wp\/v2\/users\/1"}],"replies":[{"embeddable":true,"href":"https:\/\/radiorevelacionfm.cl\/index.php?rest_route=%2Fwp%2Fv2%2Fcomments&post=8691"}],"version-history":[{"count":1,"href":"https:\/\/radiorevelacionfm.cl\/index.php?rest_route=\/wp\/v2\/posts\/8691\/revisions"}],"predecessor-version":[{"id":8692,"href":"https:\/\/radiorevelacionfm.cl\/index.php?rest_route=\/wp\/v2\/posts\/8691\/revisions\/8692"}],"wp:featuredmedia":[{"embeddable":true,"href":"https:\/\/radiorevelacionfm.cl\/index.php?rest_route=\/wp\/v2\/media\/5552"}],"wp:attachment":[{"href":"https:\/\/radiorevelacionfm.cl\/index.php?rest_route=%2Fwp%2Fv2%2Fmedia&parent=8691"}],"wp:term":[{"taxonomy":"category","embeddable":true,"href":"https:\/\/radiorevelacionfm.cl\/index.php?rest_route=%2Fwp%2Fv2%2Fcategories&post=8691"},{"taxonomy":"post_tag","embeddable":true,"href":"https:\/\/radiorevelacionfm.cl\/index.php?rest_route=%2Fwp%2Fv2%2Ftags&post=8691"}],"curies":[{"name":"wp","href":"https:\/\/api.w.org\/{rel}","templated":true}]}}