{"id":8682,"date":"2021-09-15T09:30:23","date_gmt":"2021-09-15T12:30:23","guid":{"rendered":"https:\/\/radiorevelacionfm.cl\/?p=8682"},"modified":"2021-09-15T09:38:54","modified_gmt":"2021-09-15T12:38:54","slug":"consejeros-de-la-provincia-de-aysen-analizan-cartera-de-proyectos-de-la-comuna-de-cisnes","status":"publish","type":"post","link":"https:\/\/radiorevelacionfm.cl\/?p=8682","title":{"rendered":"Consejeros de la provincia de Ays\u00e9n analizan cartera de proyectos de la comuna de Cisnes"},"content":{"rendered":"<div class=\"flex_column av_one_full  flex_column_div av-zero-column-padding first  avia-builder-el-0  el_before_av_one_full  avia-builder-el-first  \" style='border-radius:0px; '><div  class='avia-image-container  av-styling-    avia-builder-el-1  avia-builder-el-no-sibling  avia-align-center '  itemprop=\"image\" itemscope=\"itemscope\" itemtype=\"https:\/\/schema.org\/ImageObject\"  ><div class='avia-image-container-inner'><div class='avia-image-overlay-wrap'><img decoding=\"async\" class='wp-image-8683 avia-img-lazy-loading-not-8683 avia_image' src=\"https:\/\/radiorevelacionfm.cl\/wp-content\/uploads\/2021\/09\/Cores-Cisnes-1-1.jpg\" alt='' title='Cores Cisnes (1) (1)' height=\"600\" width=\"1056\"  itemprop=\"thumbnailUrl\" srcset=\"https:\/\/radiorevelacionfm.cl\/wp-content\/uploads\/2021\/09\/Cores-Cisnes-1-1.jpg 1056w, https:\/\/radiorevelacionfm.cl\/wp-content\/uploads\/2021\/09\/Cores-Cisnes-1-1-300x170.jpg 300w, https:\/\/radiorevelacionfm.cl\/wp-content\/uploads\/2021\/09\/Cores-Cisnes-1-1-1030x585.jpg 1030w, https:\/\/radiorevelacionfm.cl\/wp-content\/uploads\/2021\/09\/Cores-Cisnes-1-1-768x436.jpg 768w, https:\/\/radiorevelacionfm.cl\/wp-content\/uploads\/2021\/09\/Cores-Cisnes-1-1-705x401.jpg 705w, https:\/\/radiorevelacionfm.cl\/wp-content\/uploads\/2021\/09\/Cores-Cisnes-1-1-600x341.jpg 600w\" sizes=\"(max-width: 1056px) 100vw, 1056px\" \/><\/div><\/div><\/div><\/div><div class=\"flex_column av_one_full  flex_column_div av-zero-column-padding first  avia-builder-el-2  el_after_av_one_full  el_before_av_one_full  column-top-margin\" style='border-radius:0px; '><section class=\"av_textblock_section \"  itemscope=\"itemscope\" itemtype=\"https:\/\/schema.org\/BlogPosting\" itemprop=\"blogPost\" ><div class='avia_textblock  '   itemprop=\"text\" ><p class=\"v1MsoNormal\" align=\"center\"><span style=\"font-size: 18pt;\"><b><span lang=\"ES-MX\">Consejeros de la provincia de Ays\u00e9n analizan <\/span><\/b><b><span lang=\"ES-MX\">cartera de proyectos de la comuna de Cisnes<\/span><\/b><\/span><\/p>\n<div id=\"gtx-trans\" style=\"position: absolute; left: -50px; top: 4.31534px;\">\n<div class=\"gtx-trans-icon\"><\/div>\n<\/div>\n<\/div><\/section><\/div><div class=\"flex_column av_one_full  flex_column_div av-zero-column-padding first  avia-builder-el-4  el_after_av_one_full  el_before_av_hr  column-top-margin\" style='border-radius:0px; '><section class=\"av_textblock_section \"  itemscope=\"itemscope\" itemtype=\"https:\/\/schema.org\/BlogPosting\" itemprop=\"blogPost\" ><div class='avia_textblock  '   itemprop=\"text\" ><p class=\"v1MsoNormal\" style=\"text-align: justify;\"><span lang=\"ES-MX\">En torno a la cartera de proyectos en ejecuci\u00f3n y con Recomendaci\u00f3n Satisfactoria, trabajaron los consejeros regionales de la provincia de Ays\u00e9n, Marcia Nahuelqu\u00edn, Sergio Gonz\u00e1lez, Luis Co\u00f1uecar y Eligio Montecinos, en el marco de una reuni\u00f3n organizada por el alcalde de Cisnes, Francisco Roncagliolo.<\/span><\/p>\n<p class=\"v1MsoNormal\" style=\"text-align: justify;\"><span lang=\"ES-MX\">En el caso de los proyectos en ejecuci\u00f3n, se trata de trece iniciativas de inversi\u00f3n 2020-2021 financiadas por el Gobierno Regional, bajo la modalidad Licitaci\u00f3n y Administraci\u00f3n Directa.<\/span><\/p>\n<p class=\"v1MsoNormal\" style=\"text-align: justify;\"><span lang=\"ES-MX\">El consejero Luis Co\u00f1uecar valor\u00f3 el trabajo conjunto. \u00abEs muy satisfactorio saber que en la comuna se proyectan proyectos que van en beneficio de las diferentes comunidades. Esto viene a reflejar un trabajo colectivo, m\u00e1s all\u00e1 de nuestras leg\u00edtimas posiciones que podamos tener, aqu\u00ed lo principal es nuestra comunidad, nuestra gente y por ellos tenemos que trabajar\u00bb, indic\u00f3.<\/span><\/p>\n<p class=\"v1MsoNormal\" style=\"text-align: justify;\"><span lang=\"ES-MX\">Marcia Nahuelqu\u00edn agradeci\u00f3 la presentaci\u00f3n de proyectos orientados a la comunidad de Cisnes. \u00abReafirmar, por supuesto, mi compromiso a colaborar en mi rol de consejera regional por la provincia de Ays\u00e9n a cada uno de los proyectos que sea de beneficio y de desarrollo de las localidades y de la gente de nuestro territorio\u00bb, recalc\u00f3.<\/span><\/p>\n<p class=\"v1MsoNormal\" style=\"text-align: justify;\"><span lang=\"ES-MX\">Sergio Gonz\u00e1lez destac\u00f3 la reuni\u00f3n especialmente enfocada a proyectos del Fondo Nacional de Desarrollo Regional (FNDR) y Fondo Regional de Inversi\u00f3n Local (FRIL).<\/span><\/p>\n<p class=\"v1MsoNormal\" style=\"text-align: justify;\"><span lang=\"ES-MX\">\u00abYo creo que esto es muy provechoso porque nos va a permitir y permitir\u00e1 a los municipios enfocar las prioridades donde correspondan y nosotros, en conjunto con ellos, poder trabajar para que esos proyectos lleguen a ser una realidad\u00bb, apunt\u00f3.\u00a0<\/span><\/p>\n<p class=\"v1MsoNormal\" style=\"text-align: justify;\"><span lang=\"ES-MX\">Eligio Montecinos dijo que \u00abquedamos comprometidos a hacerle seguimiento a estas iniciativas y hacer las gestiones pertinentes para que esta comunidad importante se desarrolle y progrese como corresponde\u00bb, sintetiz\u00f3.<\/span><\/p>\n<p class=\"v1MsoNormal\" style=\"text-align: justify;\"><span lang=\"ES-MX\">Francisco Roncagliolo agradeci\u00f3 el inter\u00e9s y aportes de los consejeros. \u00abTenemos m\u00e1s de diez proyectos con financiamiento FRIL, FNDR, con distintos tipos de convenios con el Gobierno Regional, que van de la mano con un trabajo que hemos llevado adelante y que han afectado positivamente a la comunidad. Son necesidades instaladas y que se han ido consensuando con varios sectores de nuestra comuna\u00bb, concluy\u00f3.<\/span><\/p>\n<p class=\"v1MsoNormal\" style=\"text-align: justify;\"><span lang=\"ES-MX\">Entre los proyectos en desarrollo, est\u00e1n el mejoramiento de multicanchas en Puerto Cisnes y La Junta, construcci\u00f3n sendero Tur\u00edstico Laguna Los Quetros; soluciones sanitarias en Ra\u00fal Mar\u00edn Balmaceda; ampliaci\u00f3n sede Adulto Mayor de La Junta; reposici\u00f3n sede Club Deportivo y Social de Puerto Cisnes y reposici\u00f3n Patrimonial Local Capilla de Melimoyu.<\/span><\/p>\n<\/div><\/section><\/div><div  style='height:50px' class='hr hr-invisible   avia-builder-el-6  el_after_av_one_full  el_before_av_social_share '><span class='hr-inner ' ><span class='hr-inner-style'><\/span><\/span><\/div><\/p>\n<div  class='av-social-sharing-box  avia-builder-el-7  el_after_av_hr  el_before_av_hr  '><div class='av-share-box'><h5 class='av-share-link-description av-no-toc '>Compartir esta noticia<\/h5><ul class='av-share-box-list noLightbox'><li class='av-share-link av-social-link-facebook' ><a target=\"_blank\" aria-label=\"Compartir en Facebook\" href='https:\/\/www.facebook.com\/sharer.php?u=https:\/\/radiorevelacionfm.cl\/?p=8682&#038;t=Consejeros%20de%20la%20provincia%20de%20Ays%C3%A9n%20analizan%20cartera%20de%20proyectos%20de%20la%20comuna%20de%20Cisnes' aria-hidden='false' data-av_icon='\ue8f3' data-av_iconfont='entypo-fontello' title='' data-avia-related-tooltip='Compartir en Facebook' rel=\"noopener\"><span class='avia_hidden_link_text'>Compartir en Facebook<\/span><\/a><\/li><li class='av-share-link av-social-link-twitter' ><a target=\"_blank\" aria-label=\"Compartir en Twitter\" href='https:\/\/twitter.com\/share?text=Consejeros%20de%20la%20provincia%20de%20Ays%C3%A9n%20analizan%20cartera%20de%20proyectos%20de%20la%20comuna%20de%20Cisnes&#038;url=https:\/\/radiorevelacionfm.cl\/?p=8682' aria-hidden='false' data-av_icon='\ue8f1' data-av_iconfont='entypo-fontello' title='' data-avia-related-tooltip='Compartir en Twitter' rel=\"noopener\"><span class='avia_hidden_link_text'>Compartir en Twitter<\/span><\/a><\/li><li class='av-share-link av-social-link-whatsapp' ><a target=\"_blank\" aria-label=\"Compartir en Whatsapp\" href='https:\/\/api.whatsapp.com\/send?text=https:\/\/radiorevelacionfm.cl\/?p=8682' aria-hidden='false' data-av_icon='\uf232' data-av_iconfont='entypo-fontello' title='' data-avia-related-tooltip='Compartir en Whatsapp' rel=\"noopener\"><span class='avia_hidden_link_text'>Compartir en Whatsapp<\/span><\/a><\/li><li class='av-share-link av-social-link-linkedin' ><a target=\"_blank\" aria-label=\"Compartir en LinkedIn\" href='https:\/\/linkedin.com\/shareArticle?mini=true&#038;title=Consejeros%20de%20la%20provincia%20de%20Ays%C3%A9n%20analizan%20cartera%20de%20proyectos%20de%20la%20comuna%20de%20Cisnes&#038;url=https:\/\/radiorevelacionfm.cl\/?p=8682' aria-hidden='false' data-av_icon='\ue8fc' data-av_iconfont='entypo-fontello' title='' data-avia-related-tooltip='Compartir en LinkedIn' rel=\"noopener\"><span class='avia_hidden_link_text'>Compartir en LinkedIn<\/span><\/a><\/li><li class='av-share-link av-social-link-mail' ><a  aria-label=\"Compartir por correo\" href='mailto:?subject=Consejeros%20de%20la%20provincia%20de%20Ays%C3%A9n%20analizan%20cartera%20de%20proyectos%20de%20la%20comuna%20de%20Cisnes&#038;body=https:\/\/radiorevelacionfm.cl\/?p=8682' aria-hidden='false' data-av_icon='\ue805' data-av_iconfont='entypo-fontello' title='' data-avia-related-tooltip='Compartir por correo'><span class='avia_hidden_link_text'>Compartir por correo<\/span><\/a><\/li><\/ul><\/div><\/div>\n<div  style='height:50px' class='hr hr-invisible   avia-builder-el-8  el_after_av_social_share  el_before_av_comments_list '><span class='hr-inner ' ><span class='hr-inner-style'><\/span><\/span><\/div>\n<div  class='av-buildercomment  av-blog-meta-html-info-disabled av-blog-meta-tag-disabled  '><\/div>\n","protected":false},"excerpt":{"rendered":"","protected":false},"author":1,"featured_media":8683,"comment_status":"open","ping_status":"open","sticky":false,"template":"","format":"standard","meta":{"footnotes":""},"categories":[38],"tags":[],"class_list":["post-8682","post","type-post","status-publish","format-standard","has-post-thumbnail","hentry","category-regional"],"jetpack_featured_media_url":"https:\/\/radiorevelacionfm.cl\/wp-content\/uploads\/2021\/09\/Cores-Cisnes-1-1.jpg","_links":{"self":[{"href":"https:\/\/radiorevelacionfm.cl\/index.php?rest_route=\/wp\/v2\/posts\/8682","targetHints":{"allow":["GET"]}}],"collection":[{"href":"https:\/\/radiorevelacionfm.cl\/index.php?rest_route=\/wp\/v2\/posts"}],"about":[{"href":"https:\/\/radiorevelacionfm.cl\/index.php?rest_route=\/wp\/v2\/types\/post"}],"author":[{"embeddable":true,"href":"https:\/\/radiorevelacionfm.cl\/index.php?rest_route=\/wp\/v2\/users\/1"}],"replies":[{"embeddable":true,"href":"https:\/\/radiorevelacionfm.cl\/index.php?rest_route=%2Fwp%2Fv2%2Fcomments&post=8682"}],"version-history":[{"count":1,"href":"https:\/\/radiorevelacionfm.cl\/index.php?rest_route=\/wp\/v2\/posts\/8682\/revisions"}],"predecessor-version":[{"id":8684,"href":"https:\/\/radiorevelacionfm.cl\/index.php?rest_route=\/wp\/v2\/posts\/8682\/revisions\/8684"}],"wp:featuredmedia":[{"embeddable":true,"href":"https:\/\/radiorevelacionfm.cl\/index.php?rest_route=\/wp\/v2\/media\/8683"}],"wp:attachment":[{"href":"https:\/\/radiorevelacionfm.cl\/index.php?rest_route=%2Fwp%2Fv2%2Fmedia&parent=8682"}],"wp:term":[{"taxonomy":"category","embeddable":true,"href":"https:\/\/radiorevelacionfm.cl\/index.php?rest_route=%2Fwp%2Fv2%2Fcategories&post=8682"},{"taxonomy":"post_tag","embeddable":true,"href":"https:\/\/radiorevelacionfm.cl\/index.php?rest_route=%2Fwp%2Fv2%2Ftags&post=8682"}],"curies":[{"name":"wp","href":"https:\/\/api.w.org\/{rel}","templated":true}]}}