{"id":8679,"date":"2021-09-14T10:27:14","date_gmt":"2021-09-14T13:27:14","guid":{"rendered":"https:\/\/radiorevelacionfm.cl\/?p=8679"},"modified":"2021-09-14T10:27:14","modified_gmt":"2021-09-14T13:27:14","slug":"lanzan-programa-especial-reactivacion-centros-y-barrios-comerciales-pyme","status":"publish","type":"post","link":"https:\/\/radiorevelacionfm.cl\/?p=8679","title":{"rendered":"Lanzan programa especial \u201cReactivaci\u00f3n Centros y Barrios Comerciales Pyme\u201d"},"content":{"rendered":"<div class=\"flex_column av_one_full  flex_column_div av-zero-column-padding first  avia-builder-el-0  el_before_av_one_full  avia-builder-el-first  \" style='border-radius:0px; '><div  class='avia-image-container  av-styling-    avia-builder-el-1  avia-builder-el-no-sibling  avia-align-center '  itemprop=\"image\" itemscope=\"itemscope\" itemtype=\"https:\/\/schema.org\/ImageObject\"  ><div class='avia-image-container-inner'><div class='avia-image-overlay-wrap'><img decoding=\"async\" class='wp-image-8680 avia-img-lazy-loading-not-8680 avia_image' src=\"https:\/\/radiorevelacionfm.cl\/wp-content\/uploads\/2021\/09\/barrios-comerciales_optimized.jpg\" alt='' title='barrios-comerciales_optimized' height=\"600\" width=\"878\"  itemprop=\"thumbnailUrl\" srcset=\"https:\/\/radiorevelacionfm.cl\/wp-content\/uploads\/2021\/09\/barrios-comerciales_optimized.jpg 878w, https:\/\/radiorevelacionfm.cl\/wp-content\/uploads\/2021\/09\/barrios-comerciales_optimized-300x205.jpg 300w, https:\/\/radiorevelacionfm.cl\/wp-content\/uploads\/2021\/09\/barrios-comerciales_optimized-768x525.jpg 768w, https:\/\/radiorevelacionfm.cl\/wp-content\/uploads\/2021\/09\/barrios-comerciales_optimized-705x482.jpg 705w, https:\/\/radiorevelacionfm.cl\/wp-content\/uploads\/2021\/09\/barrios-comerciales_optimized-600x410.jpg 600w\" sizes=\"(max-width: 878px) 100vw, 878px\" \/><\/div><\/div><\/div><\/div><div class=\"flex_column av_one_full  flex_column_div av-zero-column-padding first  avia-builder-el-2  el_after_av_one_full  el_before_av_one_full  column-top-margin\" style='border-radius:0px; '><section class=\"av_textblock_section \"  itemscope=\"itemscope\" itemtype=\"https:\/\/schema.org\/BlogPosting\" itemprop=\"blogPost\" ><div class='avia_textblock  '   itemprop=\"text\" ><p style=\"text-align: center;\"><strong><span style=\"font-size: 18pt;\">Lanzan programa especial \u201cReactivaci\u00f3n Centros y Barrios Comerciales Pyme\u201d<\/span><\/strong><\/p>\n<div id=\"gtx-trans\" style=\"position: absolute; left: -50px; top: 4.31534px;\">\n<div class=\"gtx-trans-icon\"><\/div>\n<\/div>\n<\/div><\/section><\/div><div class=\"flex_column av_one_full  flex_column_div av-zero-column-padding first  avia-builder-el-4  el_after_av_one_full  el_before_av_hr  column-top-margin\" style='border-radius:0px; '><section class=\"av_textblock_section \"  itemscope=\"itemscope\" itemtype=\"https:\/\/schema.org\/BlogPosting\" itemprop=\"blogPost\" ><div class='avia_textblock  '   itemprop=\"text\" ><p style=\"text-align: justify;\">Esta iniciativa ir\u00e1 en apoyo directo de 62 barrios a nivel nacional, por un monto de 2.800 millones de pesos.<\/p>\n<p>Los Barrios Comerciales impulsados por Sercotec a nivel nacional son parte del ADN de las familias chilenas y migrantes. En los \u00faltimos a\u00f1os se han convertido en un polo comercial multicultural, generando distintos proyectos asociativos, reactivando su gesti\u00f3n comercial y, al mismo tiempo, mejorando el entorno urbano de los 100 barrios a lo largo del pa\u00eds. Son puntos de encuentro y de servicios, fuente de trabajo y crecimiento de cientos de peque\u00f1as empresas.<\/p>\n<p>El programa regular Fortalecimiento Barrios Comerciales busca promover el desarrollo econ\u00f3mico del barrio con un foco colaborativo, participativo y sostenible. Re\u00fanen a peque\u00f1os negocios y comercio local, que son representativos de cada ciudad o regi\u00f3n y esta iniciativa busca promover la colaboraci\u00f3n entre ellos junto a distintos actores p\u00fablicos y privados que rescaten la identidad cultural de cada barrio comercial.<\/p>\n<p>La convocatoria del Programa Reactivaci\u00f3n para Centros y Barrios Comerciales Pyme est\u00e1 prevista para 62 barrios y cuenta con un presupuesto a nivel nacional de $2.800.000.000. Estar\u00e1 abierta desde el lunes 13 de septiembre al 23 de septiembre las 15:00 horas en\u00a0<a href=\"https:\/\/gob.us6.list-manage.com\/track\/click?u=774a59eb3e47ef435c7bd7a7d&amp;id=73671e9ee3&amp;e=458f582024\">www.sercotec.cl<\/a><\/p>\n<\/div><\/section><\/div><div  style='height:50px' class='hr hr-invisible   avia-builder-el-6  el_after_av_one_full  el_before_av_social_share '><span class='hr-inner ' ><span class='hr-inner-style'><\/span><\/span><\/div><\/p>\n<div  class='av-social-sharing-box  avia-builder-el-7  el_after_av_hr  el_before_av_hr  '><div class='av-share-box'><h5 class='av-share-link-description av-no-toc '>Compartir esta noticia<\/h5><ul class='av-share-box-list noLightbox'><li class='av-share-link av-social-link-facebook' ><a target=\"_blank\" aria-label=\"Compartir en Facebook\" href='https:\/\/www.facebook.com\/sharer.php?u=https:\/\/radiorevelacionfm.cl\/?p=8679&#038;t=Lanzan%20programa%20especial%20%E2%80%9CReactivaci%C3%B3n%20Centros%20y%20Barrios%20Comerciales%20Pyme%E2%80%9D' aria-hidden='false' data-av_icon='\ue8f3' data-av_iconfont='entypo-fontello' title='' data-avia-related-tooltip='Compartir en Facebook' rel=\"noopener\"><span class='avia_hidden_link_text'>Compartir en Facebook<\/span><\/a><\/li><li class='av-share-link av-social-link-twitter' ><a target=\"_blank\" aria-label=\"Compartir en Twitter\" href='https:\/\/twitter.com\/share?text=Lanzan%20programa%20especial%20%E2%80%9CReactivaci%C3%B3n%20Centros%20y%20Barrios%20Comerciales%20Pyme%E2%80%9D&#038;url=https:\/\/radiorevelacionfm.cl\/?p=8679' aria-hidden='false' data-av_icon='\ue8f1' data-av_iconfont='entypo-fontello' title='' data-avia-related-tooltip='Compartir en Twitter' rel=\"noopener\"><span class='avia_hidden_link_text'>Compartir en Twitter<\/span><\/a><\/li><li class='av-share-link av-social-link-whatsapp' ><a target=\"_blank\" aria-label=\"Compartir en Whatsapp\" href='https:\/\/api.whatsapp.com\/send?text=https:\/\/radiorevelacionfm.cl\/?p=8679' aria-hidden='false' data-av_icon='\uf232' data-av_iconfont='entypo-fontello' title='' data-avia-related-tooltip='Compartir en Whatsapp' rel=\"noopener\"><span class='avia_hidden_link_text'>Compartir en Whatsapp<\/span><\/a><\/li><li class='av-share-link av-social-link-linkedin' ><a target=\"_blank\" aria-label=\"Compartir en LinkedIn\" href='https:\/\/linkedin.com\/shareArticle?mini=true&#038;title=Lanzan%20programa%20especial%20%E2%80%9CReactivaci%C3%B3n%20Centros%20y%20Barrios%20Comerciales%20Pyme%E2%80%9D&#038;url=https:\/\/radiorevelacionfm.cl\/?p=8679' aria-hidden='false' data-av_icon='\ue8fc' data-av_iconfont='entypo-fontello' title='' data-avia-related-tooltip='Compartir en LinkedIn' rel=\"noopener\"><span class='avia_hidden_link_text'>Compartir en LinkedIn<\/span><\/a><\/li><li class='av-share-link av-social-link-mail' ><a  aria-label=\"Compartir por correo\" href='mailto:?subject=Lanzan%20programa%20especial%20%E2%80%9CReactivaci%C3%B3n%20Centros%20y%20Barrios%20Comerciales%20Pyme%E2%80%9D&#038;body=https:\/\/radiorevelacionfm.cl\/?p=8679' aria-hidden='false' data-av_icon='\ue805' data-av_iconfont='entypo-fontello' title='' data-avia-related-tooltip='Compartir por correo'><span class='avia_hidden_link_text'>Compartir por correo<\/span><\/a><\/li><\/ul><\/div><\/div>\n<div  style='height:50px' class='hr hr-invisible   avia-builder-el-8  el_after_av_social_share  el_before_av_comments_list '><span class='hr-inner ' ><span class='hr-inner-style'><\/span><\/span><\/div>\n<div  class='av-buildercomment  av-blog-meta-html-info-disabled av-blog-meta-tag-disabled  '><\/div>\n","protected":false},"excerpt":{"rendered":"","protected":false},"author":1,"featured_media":8680,"comment_status":"open","ping_status":"open","sticky":false,"template":"","format":"standard","meta":{"footnotes":""},"categories":[45],"tags":[],"class_list":["post-8679","post","type-post","status-publish","format-standard","has-post-thumbnail","hentry","category-comercio"],"jetpack_featured_media_url":"https:\/\/radiorevelacionfm.cl\/wp-content\/uploads\/2021\/09\/barrios-comerciales_optimized.jpg","_links":{"self":[{"href":"https:\/\/radiorevelacionfm.cl\/index.php?rest_route=\/wp\/v2\/posts\/8679","targetHints":{"allow":["GET"]}}],"collection":[{"href":"https:\/\/radiorevelacionfm.cl\/index.php?rest_route=\/wp\/v2\/posts"}],"about":[{"href":"https:\/\/radiorevelacionfm.cl\/index.php?rest_route=\/wp\/v2\/types\/post"}],"author":[{"embeddable":true,"href":"https:\/\/radiorevelacionfm.cl\/index.php?rest_route=\/wp\/v2\/users\/1"}],"replies":[{"embeddable":true,"href":"https:\/\/radiorevelacionfm.cl\/index.php?rest_route=%2Fwp%2Fv2%2Fcomments&post=8679"}],"version-history":[{"count":1,"href":"https:\/\/radiorevelacionfm.cl\/index.php?rest_route=\/wp\/v2\/posts\/8679\/revisions"}],"predecessor-version":[{"id":8681,"href":"https:\/\/radiorevelacionfm.cl\/index.php?rest_route=\/wp\/v2\/posts\/8679\/revisions\/8681"}],"wp:featuredmedia":[{"embeddable":true,"href":"https:\/\/radiorevelacionfm.cl\/index.php?rest_route=\/wp\/v2\/media\/8680"}],"wp:attachment":[{"href":"https:\/\/radiorevelacionfm.cl\/index.php?rest_route=%2Fwp%2Fv2%2Fmedia&parent=8679"}],"wp:term":[{"taxonomy":"category","embeddable":true,"href":"https:\/\/radiorevelacionfm.cl\/index.php?rest_route=%2Fwp%2Fv2%2Fcategories&post=8679"},{"taxonomy":"post_tag","embeddable":true,"href":"https:\/\/radiorevelacionfm.cl\/index.php?rest_route=%2Fwp%2Fv2%2Ftags&post=8679"}],"curies":[{"name":"wp","href":"https:\/\/api.w.org\/{rel}","templated":true}]}}