{"id":8676,"date":"2021-09-14T10:38:01","date_gmt":"2021-09-14T13:38:01","guid":{"rendered":"https:\/\/radiorevelacionfm.cl\/?p=8676"},"modified":"2021-09-14T10:38:01","modified_gmt":"2021-09-14T13:38:01","slug":"alcalde-de-aysen-y-partidos-de-la-centro-izquierda-se-unen-en-apoyo-a-candidata-presidencial-yasna-provoste","status":"publish","type":"post","link":"https:\/\/radiorevelacionfm.cl\/?p=8676","title":{"rendered":"Alcalde de Ays\u00e9n y partidos de la Centro Izquierda se unen en apoyo a candidata Presidencial Yasna Provoste"},"content":{"rendered":"<div class=\"flex_column av_one_full  flex_column_div av-zero-column-padding first  avia-builder-el-0  el_before_av_one_full  avia-builder-el-first  \" style='border-radius:0px; '><div  class='avia-image-container  av-styling-    avia-builder-el-1  avia-builder-el-no-sibling  avia-align-center '  itemprop=\"image\" itemscope=\"itemscope\" itemtype=\"https:\/\/schema.org\/ImageObject\"  ><div class='avia-image-container-inner'><div class='avia-image-overlay-wrap'><img decoding=\"async\" class='wp-image-8677 avia-img-lazy-loading-not-8677 avia_image' src=\"https:\/\/radiorevelacionfm.cl\/wp-content\/uploads\/2021\/09\/aysen-apoyo-a-provoste-0-1_optimized.jpg\" alt='' title='aysen-apoyo-a-provoste-0-(1)_optimized' height=\"600\" width=\"1064\"  itemprop=\"thumbnailUrl\" srcset=\"https:\/\/radiorevelacionfm.cl\/wp-content\/uploads\/2021\/09\/aysen-apoyo-a-provoste-0-1_optimized.jpg 1064w, https:\/\/radiorevelacionfm.cl\/wp-content\/uploads\/2021\/09\/aysen-apoyo-a-provoste-0-1_optimized-300x169.jpg 300w, https:\/\/radiorevelacionfm.cl\/wp-content\/uploads\/2021\/09\/aysen-apoyo-a-provoste-0-1_optimized-1030x581.jpg 1030w, https:\/\/radiorevelacionfm.cl\/wp-content\/uploads\/2021\/09\/aysen-apoyo-a-provoste-0-1_optimized-768x433.jpg 768w, https:\/\/radiorevelacionfm.cl\/wp-content\/uploads\/2021\/09\/aysen-apoyo-a-provoste-0-1_optimized-705x398.jpg 705w, https:\/\/radiorevelacionfm.cl\/wp-content\/uploads\/2021\/09\/aysen-apoyo-a-provoste-0-1_optimized-600x338.jpg 600w\" sizes=\"(max-width: 1064px) 100vw, 1064px\" \/><\/div><\/div><\/div><\/div><div class=\"flex_column av_one_full  flex_column_div av-zero-column-padding first  avia-builder-el-2  el_after_av_one_full  el_before_av_one_full  column-top-margin\" style='border-radius:0px; '><section class=\"av_textblock_section \"  itemscope=\"itemscope\" itemtype=\"https:\/\/schema.org\/BlogPosting\" itemprop=\"blogPost\" ><div class='avia_textblock  '   itemprop=\"text\" ><p style=\"text-align: center;\"><strong><span style=\"font-size: 18pt;\">Alcalde de Ays\u00e9n y partidos de la Centro Izquierda se unen en apoyo a candidata Presidencial Yasna Provoste<\/span><\/strong><\/p>\n<div id=\"gtx-trans\" style=\"position: absolute; left: -50px; top: 4.31534px;\">\n<div class=\"gtx-trans-icon\"><\/div>\n<\/div>\n<\/div><\/section><\/div><div class=\"flex_column av_one_full  flex_column_div av-zero-column-padding first  avia-builder-el-4  el_after_av_one_full  el_before_av_hr  column-top-margin\" style='border-radius:0px; '><section class=\"av_textblock_section \"  itemscope=\"itemscope\" itemtype=\"https:\/\/schema.org\/BlogPosting\" itemprop=\"blogPost\" ><div class='avia_textblock  '   itemprop=\"text\" ><p style=\"text-align: justify;\">La ma\u00f1ana de este lunes dirigentes y representantes de la Democracia Cristiana, Partido Socialista, Partido por la Democracia, Ciudadanos y el Partido Radical, liderados por el Alcalde Julio Uribe, dieron a conocer su apoyo a la candidatura Presidencial de Yasna Provoste.<\/p>\n<p style=\"text-align: justify;\">En los pr\u00f3ximos d\u00edas ir\u00e1n realizando actividades, donde tambi\u00e9n invitan al mundo independiente a ser parte del trabajo que lleve a la ex presidenta del Senado a ser la m\u00e1xima autoridad en nuestro pa\u00eds, luego de las elecciones del mes de noviembre pr\u00f3ximo.<\/p>\n<p style=\"text-align: justify;\">\u201cEstamos hoy d\u00eda aqu\u00ed para dar el inicio a la mesa de trabajo que va a potenciar la campa\u00f1a de Yasna Provoste. As\u00ed es que, para m\u00ed es un privilegio estar al mando de esto en nuestra comuna y poder trabajar con todos los partidos en apoyo a Yasna Provoste\u201d, se\u00f1al\u00f3 el Alcalde de la comuna de Ays\u00e9n, Julio Uribe.<\/p>\n<p style=\"text-align: justify;\">En tanto, Rafael Saldivia, de la Democracia Cristiana, manifest\u00f3 que, \u201cestamos comenzando a preparar todo lo que va a ser el lanzamiento de campa\u00f1a de nuestra candidata Yasna Provoste. Contento, porque hemos encontrado buena disposici\u00f3n de todos los partidos pol\u00edticos del sector y hoy en d\u00eda est\u00e1n todos bien comprometidos al trabajo. Contentos tambi\u00e9n de contar con la presencia del Alcalde de la comuna, est\u00e1 comprometida tambi\u00e9n la Gobernadora Regional en este trabajo, nuestros Cores en ejercicio y todos los que se quieran sumar a lo que se va a realizar m\u00e1s adelante. Con esto tambi\u00e9n el trabajo hacia el mundo independiente ya se est\u00e1 conversando\u201d.<\/p>\n<p style=\"text-align: justify;\">El Partido Socialista estuvo representado por su presidente comunal, Denis Flores, \u201cnos reunimos muy temprano con el Alcalde de la comuna, para dar el inicio del trabajo de campa\u00f1a en apoyo a Yasna Provoste, el objetivo es mostrar que los partidos est\u00e1n unidos, que est\u00e1n trabajando por nuestra candidata y de esta forma con esto buscamos dar a conocer las ideas e ir mostrando tambi\u00e9n a la comunidad que Yasna Provoste es quien m\u00e1s asegura gobernabilidad para el pa\u00eds\u201d.<\/p>\n<p style=\"text-align: justify;\">Guillermo Mart\u00ednez, presidente regional del Partido Radical tambi\u00e9n estuvo en la actividad, \u201cimportante y fundamental poder mantener unidad y trabajo para transmitir todo lo que nosotros queremos desarrollar como pa\u00eds, para tener una presidencia y dirigir los destinos de este pa\u00eds de una manera coherente y unida. As\u00ed es que, estamos trabajando fuertemente, estamos muy unidos todos los partidos y estamos convencidos que pr\u00f3ximamente para las elecciones de noviembre vamos a ganar con Yasna Provoste\u201d.<\/p>\n<p style=\"text-align: justify;\">Por su parte, Juan Carlos Mayorga, dirigente comunal del PPD, cree que con la unidad se puede llegar al triunfo en las pr\u00f3ximas elecciones. \u201cEstamos unidos para trabajar por la candidatura de Yasna Provoste junto a todo el conglomerado y estamos firmes para trabajar por la regi\u00f3n. La unidad es muy importante, porque de ah\u00ed nace la fuerza que podemos lograr y llegar a tener el triunfo en el mes de noviembre\u201d.<\/p>\n<p style=\"text-align: justify;\">As\u00ed mismo, Juan Carlos Navarrete, presidente regional de Ciudadanos, comentaba que, \u201ccomo Ciudadanos estamos comprometidos con la candidatura de Yasna Provoste, un cari\u00f1o especial a la comuna de Ays\u00e9n. Nuestro compromiso ha sido firme desde el principio, desde que suscribimos el pacto tanto nivel nacional como regional, as\u00ed es que, estamos acompa\u00f1ando aqu\u00ed a la DC, al PPD, al PS, al Partido Radical y dispuestos a trabajar en la candidatura\u201d.<\/p>\n<p style=\"text-align: justify;\">Esta es una de las primeras acciones que desarrollan los partidos de la Centro Izquierda en Puerto Ays\u00e9n, quienes est\u00e1n siendo liderados por el Alcalde Julio Uribe, unidos para respaldar la candidatura de la presidenciable, Yasna Provoste. Anunciaron que pronto realizar\u00e1n nuevas jornadas, reuniones y donde esperan seguir sumando respaldo con miras a las elecciones del mes de noviembre pr\u00f3ximo.<\/p>\n<\/div><\/section><\/div><div  style='height:50px' class='hr hr-invisible   avia-builder-el-6  el_after_av_one_full  el_before_av_social_share '><span class='hr-inner ' ><span class='hr-inner-style'><\/span><\/span><\/div><\/p>\n<div  class='av-social-sharing-box  avia-builder-el-7  el_after_av_hr  el_before_av_hr  '><div class='av-share-box'><h5 class='av-share-link-description av-no-toc '>Compartir esta noticia<\/h5><ul class='av-share-box-list noLightbox'><li class='av-share-link av-social-link-facebook' ><a target=\"_blank\" aria-label=\"Compartir en Facebook\" href='https:\/\/www.facebook.com\/sharer.php?u=https:\/\/radiorevelacionfm.cl\/?p=8676&#038;t=Alcalde%20de%20Ays%C3%A9n%20y%20partidos%20de%20la%20Centro%20Izquierda%20se%20unen%20en%20apoyo%20a%20candidata%20Presidencial%20Yasna%20Provoste' aria-hidden='false' data-av_icon='\ue8f3' data-av_iconfont='entypo-fontello' title='' data-avia-related-tooltip='Compartir en Facebook' rel=\"noopener\"><span class='avia_hidden_link_text'>Compartir en Facebook<\/span><\/a><\/li><li class='av-share-link av-social-link-twitter' ><a target=\"_blank\" aria-label=\"Compartir en Twitter\" href='https:\/\/twitter.com\/share?text=Alcalde%20de%20Ays%C3%A9n%20y%20partidos%20de%20la%20Centro%20Izquierda%20se%20unen%20en%20apoyo%20a%20candidata%20Presidencial%20Yasna%20Provoste&#038;url=https:\/\/radiorevelacionfm.cl\/?p=8676' aria-hidden='false' data-av_icon='\ue8f1' data-av_iconfont='entypo-fontello' title='' data-avia-related-tooltip='Compartir en Twitter' rel=\"noopener\"><span class='avia_hidden_link_text'>Compartir en Twitter<\/span><\/a><\/li><li class='av-share-link av-social-link-whatsapp' ><a target=\"_blank\" aria-label=\"Compartir en Whatsapp\" href='https:\/\/api.whatsapp.com\/send?text=https:\/\/radiorevelacionfm.cl\/?p=8676' aria-hidden='false' data-av_icon='\uf232' data-av_iconfont='entypo-fontello' title='' data-avia-related-tooltip='Compartir en Whatsapp' rel=\"noopener\"><span class='avia_hidden_link_text'>Compartir en Whatsapp<\/span><\/a><\/li><li class='av-share-link av-social-link-linkedin' ><a target=\"_blank\" aria-label=\"Compartir en LinkedIn\" href='https:\/\/linkedin.com\/shareArticle?mini=true&#038;title=Alcalde%20de%20Ays%C3%A9n%20y%20partidos%20de%20la%20Centro%20Izquierda%20se%20unen%20en%20apoyo%20a%20candidata%20Presidencial%20Yasna%20Provoste&#038;url=https:\/\/radiorevelacionfm.cl\/?p=8676' aria-hidden='false' data-av_icon='\ue8fc' data-av_iconfont='entypo-fontello' title='' data-avia-related-tooltip='Compartir en LinkedIn' rel=\"noopener\"><span class='avia_hidden_link_text'>Compartir en LinkedIn<\/span><\/a><\/li><li class='av-share-link av-social-link-mail' ><a  aria-label=\"Compartir por correo\" href='mailto:?subject=Alcalde%20de%20Ays%C3%A9n%20y%20partidos%20de%20la%20Centro%20Izquierda%20se%20unen%20en%20apoyo%20a%20candidata%20Presidencial%20Yasna%20Provoste&#038;body=https:\/\/radiorevelacionfm.cl\/?p=8676' aria-hidden='false' data-av_icon='\ue805' data-av_iconfont='entypo-fontello' title='' data-avia-related-tooltip='Compartir por correo'><span class='avia_hidden_link_text'>Compartir por correo<\/span><\/a><\/li><\/ul><\/div><\/div>\n<div  style='height:50px' class='hr hr-invisible   avia-builder-el-8  el_after_av_social_share  el_before_av_comments_list '><span class='hr-inner ' ><span class='hr-inner-style'><\/span><\/span><\/div>\n<div  class='av-buildercomment  av-blog-meta-html-info-disabled av-blog-meta-tag-disabled  '><\/div>\n","protected":false},"excerpt":{"rendered":"","protected":false},"author":1,"featured_media":8677,"comment_status":"open","ping_status":"open","sticky":false,"template":"","format":"standard","meta":{"footnotes":""},"categories":[35],"tags":[],"class_list":["post-8676","post","type-post","status-publish","format-standard","has-post-thumbnail","hentry","category-politica"],"jetpack_featured_media_url":"https:\/\/radiorevelacionfm.cl\/wp-content\/uploads\/2021\/09\/aysen-apoyo-a-provoste-0-1_optimized.jpg","_links":{"self":[{"href":"https:\/\/radiorevelacionfm.cl\/index.php?rest_route=\/wp\/v2\/posts\/8676","targetHints":{"allow":["GET"]}}],"collection":[{"href":"https:\/\/radiorevelacionfm.cl\/index.php?rest_route=\/wp\/v2\/posts"}],"about":[{"href":"https:\/\/radiorevelacionfm.cl\/index.php?rest_route=\/wp\/v2\/types\/post"}],"author":[{"embeddable":true,"href":"https:\/\/radiorevelacionfm.cl\/index.php?rest_route=\/wp\/v2\/users\/1"}],"replies":[{"embeddable":true,"href":"https:\/\/radiorevelacionfm.cl\/index.php?rest_route=%2Fwp%2Fv2%2Fcomments&post=8676"}],"version-history":[{"count":1,"href":"https:\/\/radiorevelacionfm.cl\/index.php?rest_route=\/wp\/v2\/posts\/8676\/revisions"}],"predecessor-version":[{"id":8678,"href":"https:\/\/radiorevelacionfm.cl\/index.php?rest_route=\/wp\/v2\/posts\/8676\/revisions\/8678"}],"wp:featuredmedia":[{"embeddable":true,"href":"https:\/\/radiorevelacionfm.cl\/index.php?rest_route=\/wp\/v2\/media\/8677"}],"wp:attachment":[{"href":"https:\/\/radiorevelacionfm.cl\/index.php?rest_route=%2Fwp%2Fv2%2Fmedia&parent=8676"}],"wp:term":[{"taxonomy":"category","embeddable":true,"href":"https:\/\/radiorevelacionfm.cl\/index.php?rest_route=%2Fwp%2Fv2%2Fcategories&post=8676"},{"taxonomy":"post_tag","embeddable":true,"href":"https:\/\/radiorevelacionfm.cl\/index.php?rest_route=%2Fwp%2Fv2%2Ftags&post=8676"}],"curies":[{"name":"wp","href":"https:\/\/api.w.org\/{rel}","templated":true}]}}