{"id":8673,"date":"2021-09-14T09:38:06","date_gmt":"2021-09-14T12:38:06","guid":{"rendered":"https:\/\/radiorevelacionfm.cl\/?p=8673"},"modified":"2021-09-14T09:38:06","modified_gmt":"2021-09-14T12:38:06","slug":"gobernadora-de-aysen-estrecha-lazos-con-universidad-de-concepcion","status":"publish","type":"post","link":"https:\/\/radiorevelacionfm.cl\/?p=8673","title":{"rendered":"Gobernadora de Ays\u00e9n estrecha lazos con Universidad de Concepci\u00f3n"},"content":{"rendered":"<div class=\"flex_column av_one_full  flex_column_div av-zero-column-padding first  avia-builder-el-0  el_before_av_one_full  avia-builder-el-first  \" style='border-radius:0px; '><div  class='avia-image-container  av-styling-    avia-builder-el-1  avia-builder-el-no-sibling  avia-align-center '  itemprop=\"image\" itemscope=\"itemscope\" itemtype=\"https:\/\/schema.org\/ImageObject\"  ><div class='avia-image-container-inner'><div class='avia-image-overlay-wrap'><img decoding=\"async\" class='wp-image-8674 avia-img-lazy-loading-not-8674 avia_image' src=\"https:\/\/radiorevelacionfm.cl\/wp-content\/uploads\/2021\/09\/Gobernadora-y-U-2021-09-13a-1-1.jpg\" alt='' title='Gobernadora y U 2021-09-13a (1) (1)' height=\"600\" width=\"910\"  itemprop=\"thumbnailUrl\" srcset=\"https:\/\/radiorevelacionfm.cl\/wp-content\/uploads\/2021\/09\/Gobernadora-y-U-2021-09-13a-1-1.jpg 910w, https:\/\/radiorevelacionfm.cl\/wp-content\/uploads\/2021\/09\/Gobernadora-y-U-2021-09-13a-1-1-300x198.jpg 300w, https:\/\/radiorevelacionfm.cl\/wp-content\/uploads\/2021\/09\/Gobernadora-y-U-2021-09-13a-1-1-768x506.jpg 768w, https:\/\/radiorevelacionfm.cl\/wp-content\/uploads\/2021\/09\/Gobernadora-y-U-2021-09-13a-1-1-705x465.jpg 705w, https:\/\/radiorevelacionfm.cl\/wp-content\/uploads\/2021\/09\/Gobernadora-y-U-2021-09-13a-1-1-600x396.jpg 600w\" sizes=\"(max-width: 910px) 100vw, 910px\" \/><\/div><\/div><\/div><\/div><div class=\"flex_column av_one_full  flex_column_div av-zero-column-padding first  avia-builder-el-2  el_after_av_one_full  el_before_av_one_full  column-top-margin\" style='border-radius:0px; '><section class=\"av_textblock_section \"  itemscope=\"itemscope\" itemtype=\"https:\/\/schema.org\/BlogPosting\" itemprop=\"blogPost\" ><div class='avia_textblock  '   itemprop=\"text\" ><p style=\"text-align: center;\"><span style=\"font-size: 18pt;\"><b>Gobernadora de Ays\u00e9n estrecha lazos con Universidad de Concepci\u00f3n<\/b><\/span><\/p>\n<div id=\"gtx-trans\" style=\"position: absolute; left: -50px; top: 4.31534px;\">\n<div class=\"gtx-trans-icon\"><\/div>\n<\/div>\n<\/div><\/section><\/div><div class=\"flex_column av_one_full  flex_column_div av-zero-column-padding first  avia-builder-el-4  el_after_av_one_full  el_before_av_hr  column-top-margin\" style='border-radius:0px; '><section class=\"av_textblock_section \"  itemscope=\"itemscope\" itemtype=\"https:\/\/schema.org\/BlogPosting\" itemprop=\"blogPost\" ><div class='avia_textblock  '   itemprop=\"text\" ><p style=\"text-align: justify;\">La voluntad de profundizar el trabajo conjunto en la Regi\u00f3n de Ays\u00e9n, concordaron la Gobernadora, Andrea Mac\u00edas Palma, y el rector de la Universidad de Concepci\u00f3n, Carlos Saavedra Rubilar, durante una reuni\u00f3n realizada en la casa de estudios con sede en la Regi\u00f3n del Bio Bio.<\/p>\n<p style=\"text-align: justify;\">En el marco de la visita a la ciudad penalista a prop\u00f3sito del Encuentro Nacional de Gobiernos Regionales, la m\u00e1xima autoridad de la regi\u00f3n de Ays\u00e9n visit\u00f3 las dependencias de la Universidad de Concepci\u00f3n (UdeC) para coordinar acciones que fortalezcan la generaci\u00f3n de conocimiento desde el territorio, sobre todo en el marco del proceso de descentralizaci\u00f3n que vive el pa\u00eds.<\/p>\n<p style=\"text-align: justify;\">Para la Gobernadora Andrea Mac\u00edas Palma, la iniciativa nace a prop\u00f3sito de la vinculaci\u00f3n con la regi\u00f3n que ya existe de parte de la UdeC, a trav\u00e9s del Centro de Investigaci\u00f3n en Ecosistemas de la Patagonia (CIEP) y Centro de Investigaci\u00f3n Oceanogr\u00e1fica, Copas Sur Austral, entre otras l\u00edneas de investigaci\u00f3n y trabajo.<\/p>\n<p style=\"text-align: justify;\">\u00abLa Universidad de Concepci\u00f3n tiene presencia en nuestra regi\u00f3n, a trav\u00e9s del Centro de Investigaci\u00f3n, del Copas -que ha sido un tremendo aporte en investigaci\u00f3n de fiordos-, as\u00ed es que vinimos para conversar de estas materias y ver c\u00f3mo avanzamos y proyectamos un trabajo de manera conjunta en este \u00e1mbito, y tambi\u00e9n con nuestra Universidad de Ays\u00e9n\u00bb, indic\u00f3.<\/p>\n<p style=\"text-align: justify;\">El rector Carlos Saavedra sintetiz\u00f3 que el trabajo colaborativo implicar\u00e1, entre otros, evaluar y definir l\u00edneas estrat\u00e9gicas.<\/p>\n<p style=\"text-align: justify;\">\u00abSabemos que el Centro de Investigaci\u00f3n de Ecosistemas de la Patagonia, es un punto de encuentro natural para la Universidad, pero queremos ver hacia qu\u00e9 otras \u00e1reas se extiende y c\u00f3mo podemos profundizar esta colaboraci\u00f3n, sabiendo tambi\u00e9n que entre el personal acad\u00e9mico de la Universidad de Ays\u00e9n hay ex estudiantes de nuestros programas de doctorado y ver c\u00f3mo fortalecemos esas alianzas de trabajo estrat\u00e9gico con la regi\u00f3n y con la universidad\u00bb, expres\u00f3.<\/p>\n<p style=\"text-align: justify;\">Carlos Saavedra puntualiz\u00f3 que en noviembre pr\u00f3ximo visitar\u00e1 la regi\u00f3n junto a la vicerrectora de Investigaci\u00f3n y Desarrollo, para reunirse nuevamente con la Gobernadora Andrea Mac\u00edas y la rectora de la Universidad de Ays\u00e9n, Natacha Pino, a fin de avanzar en la profundizaci\u00f3n del trabajo conjunto.<\/p>\n<\/div><\/section><\/div><div  style='height:50px' class='hr hr-invisible   avia-builder-el-6  el_after_av_one_full  el_before_av_social_share '><span class='hr-inner ' ><span class='hr-inner-style'><\/span><\/span><\/div><\/p>\n<div  class='av-social-sharing-box  avia-builder-el-7  el_after_av_hr  el_before_av_hr  '><div class='av-share-box'><h5 class='av-share-link-description av-no-toc '>Compartir esta noticia<\/h5><ul class='av-share-box-list noLightbox'><li class='av-share-link av-social-link-facebook' ><a target=\"_blank\" aria-label=\"Compartir en Facebook\" href='https:\/\/www.facebook.com\/sharer.php?u=https:\/\/radiorevelacionfm.cl\/?p=8673&#038;t=Gobernadora%20de%20Ays%C3%A9n%20estrecha%20lazos%20con%20Universidad%20de%20Concepci%C3%B3n' aria-hidden='false' data-av_icon='\ue8f3' data-av_iconfont='entypo-fontello' title='' data-avia-related-tooltip='Compartir en Facebook' rel=\"noopener\"><span class='avia_hidden_link_text'>Compartir en Facebook<\/span><\/a><\/li><li class='av-share-link av-social-link-twitter' ><a target=\"_blank\" aria-label=\"Compartir en Twitter\" href='https:\/\/twitter.com\/share?text=Gobernadora%20de%20Ays%C3%A9n%20estrecha%20lazos%20con%20Universidad%20de%20Concepci%C3%B3n&#038;url=https:\/\/radiorevelacionfm.cl\/?p=8673' aria-hidden='false' data-av_icon='\ue8f1' data-av_iconfont='entypo-fontello' title='' data-avia-related-tooltip='Compartir en Twitter' rel=\"noopener\"><span class='avia_hidden_link_text'>Compartir en Twitter<\/span><\/a><\/li><li class='av-share-link av-social-link-whatsapp' ><a target=\"_blank\" aria-label=\"Compartir en Whatsapp\" href='https:\/\/api.whatsapp.com\/send?text=https:\/\/radiorevelacionfm.cl\/?p=8673' aria-hidden='false' data-av_icon='\uf232' data-av_iconfont='entypo-fontello' title='' data-avia-related-tooltip='Compartir en Whatsapp' rel=\"noopener\"><span class='avia_hidden_link_text'>Compartir en Whatsapp<\/span><\/a><\/li><li class='av-share-link av-social-link-linkedin' ><a target=\"_blank\" aria-label=\"Compartir en LinkedIn\" href='https:\/\/linkedin.com\/shareArticle?mini=true&#038;title=Gobernadora%20de%20Ays%C3%A9n%20estrecha%20lazos%20con%20Universidad%20de%20Concepci%C3%B3n&#038;url=https:\/\/radiorevelacionfm.cl\/?p=8673' aria-hidden='false' data-av_icon='\ue8fc' data-av_iconfont='entypo-fontello' title='' data-avia-related-tooltip='Compartir en LinkedIn' rel=\"noopener\"><span class='avia_hidden_link_text'>Compartir en LinkedIn<\/span><\/a><\/li><li class='av-share-link av-social-link-mail' ><a  aria-label=\"Compartir por correo\" href='mailto:?subject=Gobernadora%20de%20Ays%C3%A9n%20estrecha%20lazos%20con%20Universidad%20de%20Concepci%C3%B3n&#038;body=https:\/\/radiorevelacionfm.cl\/?p=8673' aria-hidden='false' data-av_icon='\ue805' data-av_iconfont='entypo-fontello' title='' data-avia-related-tooltip='Compartir por correo'><span class='avia_hidden_link_text'>Compartir por correo<\/span><\/a><\/li><\/ul><\/div><\/div>\n<div  style='height:50px' class='hr hr-invisible   avia-builder-el-8  el_after_av_social_share  el_before_av_comments_list '><span class='hr-inner ' ><span class='hr-inner-style'><\/span><\/span><\/div>\n<div  class='av-buildercomment  av-blog-meta-html-info-disabled av-blog-meta-tag-disabled  '><\/div>\n","protected":false},"excerpt":{"rendered":"","protected":false},"author":1,"featured_media":8674,"comment_status":"open","ping_status":"open","sticky":false,"template":"","format":"standard","meta":{"footnotes":""},"categories":[38],"tags":[],"class_list":["post-8673","post","type-post","status-publish","format-standard","has-post-thumbnail","hentry","category-regional"],"jetpack_featured_media_url":"https:\/\/radiorevelacionfm.cl\/wp-content\/uploads\/2021\/09\/Gobernadora-y-U-2021-09-13a-1-1.jpg","_links":{"self":[{"href":"https:\/\/radiorevelacionfm.cl\/index.php?rest_route=\/wp\/v2\/posts\/8673","targetHints":{"allow":["GET"]}}],"collection":[{"href":"https:\/\/radiorevelacionfm.cl\/index.php?rest_route=\/wp\/v2\/posts"}],"about":[{"href":"https:\/\/radiorevelacionfm.cl\/index.php?rest_route=\/wp\/v2\/types\/post"}],"author":[{"embeddable":true,"href":"https:\/\/radiorevelacionfm.cl\/index.php?rest_route=\/wp\/v2\/users\/1"}],"replies":[{"embeddable":true,"href":"https:\/\/radiorevelacionfm.cl\/index.php?rest_route=%2Fwp%2Fv2%2Fcomments&post=8673"}],"version-history":[{"count":1,"href":"https:\/\/radiorevelacionfm.cl\/index.php?rest_route=\/wp\/v2\/posts\/8673\/revisions"}],"predecessor-version":[{"id":8675,"href":"https:\/\/radiorevelacionfm.cl\/index.php?rest_route=\/wp\/v2\/posts\/8673\/revisions\/8675"}],"wp:featuredmedia":[{"embeddable":true,"href":"https:\/\/radiorevelacionfm.cl\/index.php?rest_route=\/wp\/v2\/media\/8674"}],"wp:attachment":[{"href":"https:\/\/radiorevelacionfm.cl\/index.php?rest_route=%2Fwp%2Fv2%2Fmedia&parent=8673"}],"wp:term":[{"taxonomy":"category","embeddable":true,"href":"https:\/\/radiorevelacionfm.cl\/index.php?rest_route=%2Fwp%2Fv2%2Fcategories&post=8673"},{"taxonomy":"post_tag","embeddable":true,"href":"https:\/\/radiorevelacionfm.cl\/index.php?rest_route=%2Fwp%2Fv2%2Ftags&post=8673"}],"curies":[{"name":"wp","href":"https:\/\/api.w.org\/{rel}","templated":true}]}}