{"id":8661,"date":"2021-09-13T19:09:46","date_gmt":"2021-09-13T22:09:46","guid":{"rendered":"https:\/\/radiorevelacionfm.cl\/?p=8661"},"modified":"2021-09-13T19:09:46","modified_gmt":"2021-09-13T22:09:46","slug":"por-segundo-ano-consecutivo-rio-ibanez-seguira-siendo-una-comuna-amigable","status":"publish","type":"post","link":"https:\/\/radiorevelacionfm.cl\/?p=8661","title":{"rendered":"Por segundo a\u00f1o consecutivo: R\u00edo Ib\u00e1\u00f1ez seguir\u00e1 siendo una comuna amigable"},"content":{"rendered":"<div class=\"flex_column av_one_full  flex_column_div av-zero-column-padding first  avia-builder-el-0  el_before_av_one_full  avia-builder-el-first  \" style='border-radius:0px; '><div  class='avia-image-container  av-styling-    avia-builder-el-1  avia-builder-el-no-sibling  avia-align-center '  itemprop=\"image\" itemscope=\"itemscope\" itemtype=\"https:\/\/schema.org\/ImageObject\"  ><div class='avia-image-container-inner'><div class='avia-image-overlay-wrap'><img decoding=\"async\" class='wp-image-8662 avia-img-lazy-loading-not-8662 avia_image' src=\"https:\/\/radiorevelacionfm.cl\/wp-content\/uploads\/2021\/09\/Foto-1-2-1-1.jpeg\" alt='' title='Foto 1 (2) (1) (1)' height=\"600\" width=\"800\"  itemprop=\"thumbnailUrl\" srcset=\"https:\/\/radiorevelacionfm.cl\/wp-content\/uploads\/2021\/09\/Foto-1-2-1-1.jpeg 800w, https:\/\/radiorevelacionfm.cl\/wp-content\/uploads\/2021\/09\/Foto-1-2-1-1-300x225.jpeg 300w, https:\/\/radiorevelacionfm.cl\/wp-content\/uploads\/2021\/09\/Foto-1-2-1-1-768x576.jpeg 768w, https:\/\/radiorevelacionfm.cl\/wp-content\/uploads\/2021\/09\/Foto-1-2-1-1-705x529.jpeg 705w, https:\/\/radiorevelacionfm.cl\/wp-content\/uploads\/2021\/09\/Foto-1-2-1-1-600x450.jpeg 600w\" sizes=\"(max-width: 800px) 100vw, 800px\" \/><\/div><\/div><\/div><\/div><div class=\"flex_column av_one_full  flex_column_div av-zero-column-padding first  avia-builder-el-2  el_after_av_one_full  el_before_av_one_full  column-top-margin\" style='border-radius:0px; '><section class=\"av_textblock_section \"  itemscope=\"itemscope\" itemtype=\"https:\/\/schema.org\/BlogPosting\" itemprop=\"blogPost\" ><div class='avia_textblock  '   itemprop=\"text\" ><p style=\"text-align: center;\"><strong><span style=\"font-size: 18pt;\">Por segundo a\u00f1o consecutivo: R\u00edo Ib\u00e1\u00f1ez seguir\u00e1 siendo una comuna amigable<\/span><\/strong><\/p>\n<div id=\"gtx-trans\" style=\"position: absolute; left: -50px; top: 4.31534px;\">\n<div class=\"gtx-trans-icon\"><\/div>\n<\/div>\n<\/div><\/section><\/div><div class=\"flex_column av_one_full  flex_column_div av-zero-column-padding first  avia-builder-el-4  el_after_av_one_full  el_before_av_hr  column-top-margin\" style='border-radius:0px; '><section class=\"av_textblock_section \"  itemscope=\"itemscope\" itemtype=\"https:\/\/schema.org\/BlogPosting\" itemprop=\"blogPost\" ><div class='avia_textblock  '   itemprop=\"text\" ><p style=\"font-weight: 400; text-align: justify;\">Por una inversi\u00f3n de $13 millones de pesos, la Municipalidad de R\u00edo Ib\u00e1\u00f1ez vuelve a obtener el beneficio otorgado por Senama para continuar con este convenio. Esta asistencia permitir\u00e1 que cerca de 500 vecinos mayores de 60 a\u00f1os puedan tener mayor accesibilidad de transporte en las localidades de la zona.<\/p>\n<p style=\"font-weight: 400; text-align: justify;\">Adem\u00e1s, todos los transportistas deber\u00e1n tener su debida capacitaci\u00f3n para ofrecer un transporte seguro y de calidad. Asimismo, esta ayuda ser\u00e1 desde mayo hasta septiembre del 2022.<\/p>\n<p style=\"font-weight: 400; text-align: justify;\">Sobre esto, el alcalde de la Municipalidad de R\u00edo Ib\u00e1\u00f1ez, Marcelo Santana manifest\u00f3 que \u201crecibimos una gran noticia, que nuestra comuna por segundo a\u00f1o consecutivo ser\u00e1 una comuna amigable con las personas mayores, esto nos permite traer recursos a nuestra comuna que van en utilidad directa de las personas mayores. Estamos hablando especialmente de los servicios de traslado gratuito que tenemos en la zona urbana y parte del sector rural, y que se complementan con acciones como el programa de cuidados, que han sido orientados a mejorar la calidad de vida de los adultos mayores de nuestra comuna\u201d.<\/p>\n<p style=\"font-weight: 400; text-align: justify;\">Por otra parte, el jefe comunal agradeci\u00f3 a Senama por confiar nuevamente en R\u00edo Ib\u00e1\u00f1ez e hizo un llamado a los vecinos a ocupar esta movilizaci\u00f3n.<\/p>\n<p style=\"font-weight: 400; text-align: justify;\">Para entregar la noticia, la encargada nacional del programa de Ciudades Amigables, Andrea Astorga y la directora regional de Senama, Romina Hern\u00e1ndez se reunieron con la Oficina del Adulto Mayor para comunicarles la adjudicaci\u00f3n nuevamente de este convenio.<\/p>\n<p style=\"font-weight: 400; text-align: justify;\">Sobre esto, la encargada nacional del programa Ciudades Amigables, Andrea Astorga, coment\u00f3 que \u201cestamos completamente orgullosos y contentos por los importantes resultados que est\u00e1n teniendo. Sin duda, que a trav\u00e9s de este proyecto mejorar\u00e1 la calidad de vida de muchas personas mayores de la comuna, mejorando los tiempos de traslado y poniendo a disposici\u00f3n un servicio que tambi\u00e9n es m\u00e1s c\u00f3modo\u201d.<\/p>\n<p style=\"font-weight: 400; text-align: justify;\"><strong>Un trabajo fruct\u00edfero<\/strong><\/p>\n<p style=\"font-weight: 400; text-align: justify;\">Desde el 2017, a trav\u00e9s de un pacto de compromiso firmado por el alcalde Marcelo Santana, se viene trabajando en este tipo de proyectos. Finalmente, esto ha tenido sus frutos dejando a la comuna como parte de la selecta red mundial de Ciudades Amigables, siendo la \u00fanica en la regi\u00f3n en pertenecer a este grupo.<\/p>\n<p style=\"font-weight: 400; text-align: justify;\">Sobre esto, la coordinadora de la Oficina del Adulto Mayor, Claudia Hormaz\u00e1bal, asegur\u00f3 que \u201cel proyecto pasado fue de 30 millones que nos sirvi\u00f3 para financiar servicios de transporte en localidades de la comuna. Es un trabajo que ya se encuentra en ejercicio y termina en noviembre de este a\u00f1o. Adem\u00e1s, para el a\u00f1o 2022 nos adjudicamos nuevamente esta iniciativa, el cual fue destacado a nivel nacional por su metodolog\u00eda innovadora, siendo la \u00fanica en aplicarla\u201d.<\/p>\n<p style=\"font-weight: 400; text-align: justify;\">Cabe destacar que esto permitir\u00e1 que el 22% de la poblaci\u00f3n de R\u00edo Ib\u00e1\u00f1ez pueda tener transporte gratuito, seguro y de calidad.<\/p>\n<\/div><\/section><\/div><div  style='height:50px' class='hr hr-invisible   avia-builder-el-6  el_after_av_one_full  el_before_av_social_share '><span class='hr-inner ' ><span class='hr-inner-style'><\/span><\/span><\/div><\/p>\n<div  class='av-social-sharing-box  avia-builder-el-7  el_after_av_hr  el_before_av_hr  '><div class='av-share-box'><h5 class='av-share-link-description av-no-toc '>Compartir esta noticia<\/h5><ul class='av-share-box-list noLightbox'><li class='av-share-link av-social-link-facebook' ><a target=\"_blank\" aria-label=\"Compartir en Facebook\" href='https:\/\/www.facebook.com\/sharer.php?u=https:\/\/radiorevelacionfm.cl\/?p=8661&#038;t=Por%20segundo%20a%C3%B1o%20consecutivo%3A%20R%C3%ADo%20Ib%C3%A1%C3%B1ez%20seguir%C3%A1%20siendo%20una%20comuna%20amigable' aria-hidden='false' data-av_icon='\ue8f3' data-av_iconfont='entypo-fontello' title='' data-avia-related-tooltip='Compartir en Facebook' rel=\"noopener\"><span class='avia_hidden_link_text'>Compartir en Facebook<\/span><\/a><\/li><li class='av-share-link av-social-link-twitter' ><a target=\"_blank\" aria-label=\"Compartir en Twitter\" href='https:\/\/twitter.com\/share?text=Por%20segundo%20a%C3%B1o%20consecutivo%3A%20R%C3%ADo%20Ib%C3%A1%C3%B1ez%20seguir%C3%A1%20siendo%20una%20comuna%20amigable&#038;url=https:\/\/radiorevelacionfm.cl\/?p=8661' aria-hidden='false' data-av_icon='\ue8f1' data-av_iconfont='entypo-fontello' title='' data-avia-related-tooltip='Compartir en Twitter' rel=\"noopener\"><span class='avia_hidden_link_text'>Compartir en Twitter<\/span><\/a><\/li><li class='av-share-link av-social-link-whatsapp' ><a target=\"_blank\" aria-label=\"Compartir en Whatsapp\" href='https:\/\/api.whatsapp.com\/send?text=https:\/\/radiorevelacionfm.cl\/?p=8661' aria-hidden='false' data-av_icon='\uf232' data-av_iconfont='entypo-fontello' title='' data-avia-related-tooltip='Compartir en Whatsapp' rel=\"noopener\"><span class='avia_hidden_link_text'>Compartir en Whatsapp<\/span><\/a><\/li><li class='av-share-link av-social-link-linkedin' ><a target=\"_blank\" aria-label=\"Compartir en LinkedIn\" href='https:\/\/linkedin.com\/shareArticle?mini=true&#038;title=Por%20segundo%20a%C3%B1o%20consecutivo%3A%20R%C3%ADo%20Ib%C3%A1%C3%B1ez%20seguir%C3%A1%20siendo%20una%20comuna%20amigable&#038;url=https:\/\/radiorevelacionfm.cl\/?p=8661' aria-hidden='false' data-av_icon='\ue8fc' data-av_iconfont='entypo-fontello' title='' data-avia-related-tooltip='Compartir en LinkedIn' rel=\"noopener\"><span class='avia_hidden_link_text'>Compartir en LinkedIn<\/span><\/a><\/li><li class='av-share-link av-social-link-mail' ><a  aria-label=\"Compartir por correo\" href='mailto:?subject=Por%20segundo%20a%C3%B1o%20consecutivo%3A%20R%C3%ADo%20Ib%C3%A1%C3%B1ez%20seguir%C3%A1%20siendo%20una%20comuna%20amigable&#038;body=https:\/\/radiorevelacionfm.cl\/?p=8661' aria-hidden='false' data-av_icon='\ue805' data-av_iconfont='entypo-fontello' title='' data-avia-related-tooltip='Compartir por correo'><span class='avia_hidden_link_text'>Compartir por correo<\/span><\/a><\/li><\/ul><\/div><\/div>\n<div  style='height:50px' class='hr hr-invisible   avia-builder-el-8  el_after_av_social_share  el_before_av_comments_list '><span class='hr-inner ' ><span class='hr-inner-style'><\/span><\/span><\/div>\n<div  class='av-buildercomment  av-blog-meta-html-info-disabled av-blog-meta-tag-disabled  '><\/div>\n","protected":false},"excerpt":{"rendered":"","protected":false},"author":1,"featured_media":8662,"comment_status":"open","ping_status":"open","sticky":false,"template":"","format":"standard","meta":{"footnotes":""},"categories":[38],"tags":[],"class_list":["post-8661","post","type-post","status-publish","format-standard","has-post-thumbnail","hentry","category-regional"],"jetpack_featured_media_url":"https:\/\/radiorevelacionfm.cl\/wp-content\/uploads\/2021\/09\/Foto-1-2-1-1.jpeg","_links":{"self":[{"href":"https:\/\/radiorevelacionfm.cl\/index.php?rest_route=\/wp\/v2\/posts\/8661","targetHints":{"allow":["GET"]}}],"collection":[{"href":"https:\/\/radiorevelacionfm.cl\/index.php?rest_route=\/wp\/v2\/posts"}],"about":[{"href":"https:\/\/radiorevelacionfm.cl\/index.php?rest_route=\/wp\/v2\/types\/post"}],"author":[{"embeddable":true,"href":"https:\/\/radiorevelacionfm.cl\/index.php?rest_route=\/wp\/v2\/users\/1"}],"replies":[{"embeddable":true,"href":"https:\/\/radiorevelacionfm.cl\/index.php?rest_route=%2Fwp%2Fv2%2Fcomments&post=8661"}],"version-history":[{"count":1,"href":"https:\/\/radiorevelacionfm.cl\/index.php?rest_route=\/wp\/v2\/posts\/8661\/revisions"}],"predecessor-version":[{"id":8663,"href":"https:\/\/radiorevelacionfm.cl\/index.php?rest_route=\/wp\/v2\/posts\/8661\/revisions\/8663"}],"wp:featuredmedia":[{"embeddable":true,"href":"https:\/\/radiorevelacionfm.cl\/index.php?rest_route=\/wp\/v2\/media\/8662"}],"wp:attachment":[{"href":"https:\/\/radiorevelacionfm.cl\/index.php?rest_route=%2Fwp%2Fv2%2Fmedia&parent=8661"}],"wp:term":[{"taxonomy":"category","embeddable":true,"href":"https:\/\/radiorevelacionfm.cl\/index.php?rest_route=%2Fwp%2Fv2%2Fcategories&post=8661"},{"taxonomy":"post_tag","embeddable":true,"href":"https:\/\/radiorevelacionfm.cl\/index.php?rest_route=%2Fwp%2Fv2%2Ftags&post=8661"}],"curies":[{"name":"wp","href":"https:\/\/api.w.org\/{rel}","templated":true}]}}