{"id":8656,"date":"2021-09-13T18:36:54","date_gmt":"2021-09-13T21:36:54","guid":{"rendered":"https:\/\/radiorevelacionfm.cl\/?p=8656"},"modified":"2021-09-13T18:49:58","modified_gmt":"2021-09-13T21:49:58","slug":"condor-muere-por-consumo-de-plastico-sag-realiza-un-llamado-al-correcto-manejo-de-polietileno-en-desuso","status":"publish","type":"post","link":"https:\/\/radiorevelacionfm.cl\/?p=8656","title":{"rendered":"C\u00f3ndor muere por consumo de pl\u00e1stico: SAG realiza un llamado al correcto manejo de polietileno en desuso"},"content":{"rendered":"<div class=\"flex_column av_one_full  flex_column_div av-zero-column-padding first  avia-builder-el-0  el_before_av_one_full  avia-builder-el-first  \" style='border-radius:0px; '><div  class='avia-image-container  av-styling-    avia-builder-el-1  avia-builder-el-no-sibling  avia-align-center '  itemprop=\"image\" itemscope=\"itemscope\" itemtype=\"https:\/\/schema.org\/ImageObject\"  ><div class='avia-image-container-inner'><div class='avia-image-overlay-wrap'><img decoding=\"async\" class='wp-image-8659 avia-img-lazy-loading-not-8659 avia_image' src=\"https:\/\/radiorevelacionfm.cl\/wp-content\/uploads\/2021\/09\/IMG_condor1.1-1.jpg\" alt='' title='IMG_condor1.1 (1)' height=\"655\" width=\"1074\"  itemprop=\"thumbnailUrl\" srcset=\"https:\/\/radiorevelacionfm.cl\/wp-content\/uploads\/2021\/09\/IMG_condor1.1-1.jpg 1074w, https:\/\/radiorevelacionfm.cl\/wp-content\/uploads\/2021\/09\/IMG_condor1.1-1-300x183.jpg 300w, https:\/\/radiorevelacionfm.cl\/wp-content\/uploads\/2021\/09\/IMG_condor1.1-1-1030x628.jpg 1030w, https:\/\/radiorevelacionfm.cl\/wp-content\/uploads\/2021\/09\/IMG_condor1.1-1-768x468.jpg 768w, https:\/\/radiorevelacionfm.cl\/wp-content\/uploads\/2021\/09\/IMG_condor1.1-1-705x430.jpg 705w, https:\/\/radiorevelacionfm.cl\/wp-content\/uploads\/2021\/09\/IMG_condor1.1-1-600x366.jpg 600w\" sizes=\"(max-width: 1074px) 100vw, 1074px\" \/><\/div><\/div><\/div><\/div><div class=\"flex_column av_one_full  flex_column_div av-zero-column-padding first  avia-builder-el-2  el_after_av_one_full  el_before_av_one_full  column-top-margin\" style='border-radius:0px; '><section class=\"av_textblock_section \"  itemscope=\"itemscope\" itemtype=\"https:\/\/schema.org\/BlogPosting\" itemprop=\"blogPost\" ><div class='avia_textblock  '   itemprop=\"text\" ><p style=\"text-align: center;\"><strong><span style=\"font-size: 18pt;\">C\u00f3ndor muere por consumo de pl\u00e1stico: SAG realiza un llamado al correcto manejo de polietileno en desuso<\/span><\/strong><\/p>\n<div id=\"gtx-trans\" style=\"position: absolute; left: -50px; top: 4.31534px;\">\n<div class=\"gtx-trans-icon\"><\/div>\n<\/div>\n<\/div><\/section><\/div><\/p>\n<div class=\"flex_column av_one_full  flex_column_div av-zero-column-padding first  avia-builder-el-4  el_after_av_one_full  el_before_av_hr  column-top-margin\" style='border-radius:0px; '><section class=\"av_textblock_section \"  itemscope=\"itemscope\" itemtype=\"https:\/\/schema.org\/BlogPosting\" itemprop=\"blogPost\" ><div class='avia_textblock  '   itemprop=\"text\" ><p style=\"text-align: justify;\">Las amenazas que afectan a los c\u00f3ndores actualmente provienen de la acci\u00f3n directa o indirecta del ser humano y la regi\u00f3n de Ays\u00e9n no es la excepci\u00f3n. Un ejemplo de ello se dio el pasado jueves cuando el SAG regional recibi\u00f3 la denuncia por la presencia de un c\u00f3ndor en el sector de Lago Vargas a 82 kil\u00f3metros de Cochrane.<\/p>\n<p style=\"text-align: justify;\">Funcionarios sectorial Cochrane del Servicio Agr\u00edcola y Ganadero se trasladaron al lugar y se encontraron con el ejemplar muerto.<\/p>\n<p style=\"text-align: justify;\">\u201cDecidimos realizar necropsia, ya que el ejemplar presentaba una condici\u00f3n corporal baja y un peso aproximadamente de 10 kilos. Al momento de comenzar a intervenir encontramos gran cantidad de pl\u00e1stico (polietileno) dentro de su buche y de su est\u00f3mago, lo que le provoc\u00f3 la p\u00e9rdida de peso debido al da\u00f1o que gener\u00f3 este material pl\u00e1stico en su organismo\u201d indic\u00f3 el m\u00e9dico veterinario SAG Pedro Isamitt.<\/p>\n<p style=\"text-align: justify;\"><strong>El polietileno<\/strong><\/p>\n<p style=\"text-align: justify;\">Es uno de los <a href=\"https:\/\/es.wikipedia.org\/wiki\/Pl%C3%A1stico\">pl\u00e1sticos<\/a> m\u00e1s comunes y m\u00e1s utilizados en invernaderos debido a su bajo precio, sus buenas propiedades mec\u00e1nicas y a la facilidad para incorporar aditivos que mejoran sus prestaciones. El de baja densidad es el preferido para cubiertas de invernadero.<\/p>\n<p style=\"text-align: justify;\">Pero el buen manejo de este material es clave para evitar que se transforme en una amenaza grave para los animales de la fauna silvestre. As\u00ed lo explica Mat\u00edas Vial Orueta, director regional del SAG Ays\u00e9n, se\u00f1alando que \u201cel pl\u00e1stico encarna\u00a0<a href=\"https:\/\/www.nationalgeographic.com.es\/naturaleza\/grandes-reportajes\/como-afectan-residuos-plasticos-a-animales_12738\">una grave amenaza para la biodiversidad<\/a>\u00a0y para todo tipo de fauna. Por eso realizamos un llamado a la comunidad a ser responsables con el uso y manejo de los pl\u00e1sticos de invernaderos, que son muy dif\u00edciles de eliminar y finalmente se transforman en comida de una serie de animales. Por eso es tan importante reciclar, utilizar los basureros correspondientes y no eliminar basura en los campos\u201d.<\/p>\n<p style=\"text-align: justify;\"><strong>C\u00f3ndor andino<\/strong><\/p>\n<p style=\"text-align: justify;\">El c\u00f3ndor andino, tambi\u00e9n conocido como c\u00f3ndor de los cerros, c\u00f3ndor de Los Andes o por su nombre cient\u00edfico <em>Vultur gryphus<\/em>, es una\u00a0<a href=\"https:\/\/es.wikipedia.org\/wiki\/Especie\">especie<\/a>\u00a0de\u00a0<a href=\"https:\/\/es.wikipedia.org\/wiki\/Aves\">ave<\/a>\u00a0de la\u00a0<a href=\"https:\/\/es.wikipedia.org\/wiki\/Familia_(biolog%C3%ADa)\">familia<\/a>\u00a0<a href=\"https:\/\/es.wikipedia.org\/wiki\/Cathartidae\">Cathartidae<\/a>\u00a0que habita en\u00a0<a href=\"https:\/\/es.wikipedia.org\/wiki\/Am%C3%A9rica_del_Sur\">Am\u00e9rica<\/a>\u00a0del Sur, y su distribuci\u00f3n se extiende por la\u00a0<a href=\"https:\/\/es.wikipedia.org\/wiki\/Cordillera_de_los_Andes\">cordillera de Los Andes<\/a>, cordilleras pr\u00f3ximas a ella y las costas adyacentes de los oc\u00e9anos\u00a0<a href=\"https:\/\/es.wikipedia.org\/wiki\/Oc%C3%A9ano_Pac%C3%ADfico\">Pac\u00edfico<\/a>\u00a0y\u00a0<a href=\"https:\/\/es.wikipedia.org\/wiki\/Oc%C3%A9ano_Atl%C3%A1ntico\">Atl\u00e1ntico<\/a>.<\/p>\n<p style=\"text-align: justify;\">Los adultos presentan una coloraci\u00f3n negra y blanca, con un collar de plumas blancas en el cuello y algunas partes superiores de las alas. Puede llegar a medir 142 cm de altura y 330 cm de envergadura alar. Los machos, de tama\u00f1o superior a las hembras, pesan entre 11 y 15 kg., mientras que las hembras entre 8 y 11 kg. Ambos se diferencian principalmente por la presencia de una cresta en el caso de los machos, la que est\u00e1 ausente en las hembras.<\/p>\n<p style=\"text-align: justify;\">Es el ave terrestre de mayor envergadura en el planeta y s\u00edmbolo de nuestro escudo patrio. Es carro\u00f1era, ya que se alimenta exclusivamente de carro\u00f1a o animales muertos, cumpliendo as\u00ed una tarea muy relevante para los ecosistemas, manteniendo los campos limpios de fuentes de infecci\u00f3n.<\/p>\n<\/div><\/section><\/div>\n<div  style='height:50px' class='hr hr-invisible   avia-builder-el-6  el_after_av_one_full  el_before_av_social_share '><span class='hr-inner ' ><span class='hr-inner-style'><\/span><\/span><\/div>\n<div  class='av-social-sharing-box  avia-builder-el-7  el_after_av_hr  el_before_av_hr  '><div class='av-share-box'><h5 class='av-share-link-description av-no-toc '>Compartir esta noticia<\/h5><ul class='av-share-box-list noLightbox'><li class='av-share-link av-social-link-facebook' ><a target=\"_blank\" aria-label=\"Compartir en Facebook\" href='https:\/\/www.facebook.com\/sharer.php?u=https:\/\/radiorevelacionfm.cl\/?p=8656&#038;t=C%C3%B3ndor%20muere%20por%20consumo%20de%20pl%C3%A1stico%3A%20SAG%20realiza%20un%20llamado%20al%20correcto%20manejo%20de%20polietileno%20en%20desuso' aria-hidden='false' data-av_icon='\ue8f3' data-av_iconfont='entypo-fontello' title='' data-avia-related-tooltip='Compartir en Facebook' rel=\"noopener\"><span class='avia_hidden_link_text'>Compartir en Facebook<\/span><\/a><\/li><li class='av-share-link av-social-link-twitter' ><a target=\"_blank\" aria-label=\"Compartir en Twitter\" href='https:\/\/twitter.com\/share?text=C%C3%B3ndor%20muere%20por%20consumo%20de%20pl%C3%A1stico%3A%20SAG%20realiza%20un%20llamado%20al%20correcto%20manejo%20de%20polietileno%20en%20desuso&#038;url=https:\/\/radiorevelacionfm.cl\/?p=8656' aria-hidden='false' data-av_icon='\ue8f1' data-av_iconfont='entypo-fontello' title='' data-avia-related-tooltip='Compartir en Twitter' rel=\"noopener\"><span class='avia_hidden_link_text'>Compartir en Twitter<\/span><\/a><\/li><li class='av-share-link av-social-link-whatsapp' ><a target=\"_blank\" aria-label=\"Compartir en Whatsapp\" href='https:\/\/api.whatsapp.com\/send?text=https:\/\/radiorevelacionfm.cl\/?p=8656' aria-hidden='false' data-av_icon='\uf232' data-av_iconfont='entypo-fontello' title='' data-avia-related-tooltip='Compartir en Whatsapp' rel=\"noopener\"><span class='avia_hidden_link_text'>Compartir en Whatsapp<\/span><\/a><\/li><li class='av-share-link av-social-link-linkedin' ><a target=\"_blank\" aria-label=\"Compartir en LinkedIn\" href='https:\/\/linkedin.com\/shareArticle?mini=true&#038;title=C%C3%B3ndor%20muere%20por%20consumo%20de%20pl%C3%A1stico%3A%20SAG%20realiza%20un%20llamado%20al%20correcto%20manejo%20de%20polietileno%20en%20desuso&#038;url=https:\/\/radiorevelacionfm.cl\/?p=8656' aria-hidden='false' data-av_icon='\ue8fc' data-av_iconfont='entypo-fontello' title='' data-avia-related-tooltip='Compartir en LinkedIn' rel=\"noopener\"><span class='avia_hidden_link_text'>Compartir en LinkedIn<\/span><\/a><\/li><li class='av-share-link av-social-link-mail' ><a  aria-label=\"Compartir por correo\" href='mailto:?subject=C%C3%B3ndor%20muere%20por%20consumo%20de%20pl%C3%A1stico%3A%20SAG%20realiza%20un%20llamado%20al%20correcto%20manejo%20de%20polietileno%20en%20desuso&#038;body=https:\/\/radiorevelacionfm.cl\/?p=8656' aria-hidden='false' data-av_icon='\ue805' data-av_iconfont='entypo-fontello' title='' data-avia-related-tooltip='Compartir por correo'><span class='avia_hidden_link_text'>Compartir por correo<\/span><\/a><\/li><\/ul><\/div><\/div>\n<div  style='height:50px' class='hr hr-invisible   avia-builder-el-8  el_after_av_social_share  el_before_av_comments_list '><span class='hr-inner ' ><span class='hr-inner-style'><\/span><\/span><\/div>\n<div  class='av-buildercomment  av-blog-meta-html-info-disabled av-blog-meta-tag-disabled  '><\/div>\n","protected":false},"excerpt":{"rendered":"","protected":false},"author":1,"featured_media":8659,"comment_status":"open","ping_status":"open","sticky":false,"template":"","format":"standard","meta":{"footnotes":""},"categories":[58],"tags":[],"class_list":["post-8656","post","type-post","status-publish","format-standard","has-post-thumbnail","hentry","category-agricultura"],"jetpack_featured_media_url":"https:\/\/radiorevelacionfm.cl\/wp-content\/uploads\/2021\/09\/IMG_condor1.1-1.jpg","_links":{"self":[{"href":"https:\/\/radiorevelacionfm.cl\/index.php?rest_route=\/wp\/v2\/posts\/8656","targetHints":{"allow":["GET"]}}],"collection":[{"href":"https:\/\/radiorevelacionfm.cl\/index.php?rest_route=\/wp\/v2\/posts"}],"about":[{"href":"https:\/\/radiorevelacionfm.cl\/index.php?rest_route=\/wp\/v2\/types\/post"}],"author":[{"embeddable":true,"href":"https:\/\/radiorevelacionfm.cl\/index.php?rest_route=\/wp\/v2\/users\/1"}],"replies":[{"embeddable":true,"href":"https:\/\/radiorevelacionfm.cl\/index.php?rest_route=%2Fwp%2Fv2%2Fcomments&post=8656"}],"version-history":[{"count":2,"href":"https:\/\/radiorevelacionfm.cl\/index.php?rest_route=\/wp\/v2\/posts\/8656\/revisions"}],"predecessor-version":[{"id":8660,"href":"https:\/\/radiorevelacionfm.cl\/index.php?rest_route=\/wp\/v2\/posts\/8656\/revisions\/8660"}],"wp:featuredmedia":[{"embeddable":true,"href":"https:\/\/radiorevelacionfm.cl\/index.php?rest_route=\/wp\/v2\/media\/8659"}],"wp:attachment":[{"href":"https:\/\/radiorevelacionfm.cl\/index.php?rest_route=%2Fwp%2Fv2%2Fmedia&parent=8656"}],"wp:term":[{"taxonomy":"category","embeddable":true,"href":"https:\/\/radiorevelacionfm.cl\/index.php?rest_route=%2Fwp%2Fv2%2Fcategories&post=8656"},{"taxonomy":"post_tag","embeddable":true,"href":"https:\/\/radiorevelacionfm.cl\/index.php?rest_route=%2Fwp%2Fv2%2Ftags&post=8656"}],"curies":[{"name":"wp","href":"https:\/\/api.w.org\/{rel}","templated":true}]}}