{"id":8651,"date":"2021-09-13T16:23:47","date_gmt":"2021-09-13T19:23:47","guid":{"rendered":"https:\/\/radiorevelacionfm.cl\/?p=8651"},"modified":"2021-09-13T16:30:23","modified_gmt":"2021-09-13T19:30:23","slug":"fernando-acuna-gutierrez-jura-como-juez-titular-del-juzgado-de-puerto-cisnes","status":"publish","type":"post","link":"https:\/\/radiorevelacionfm.cl\/?p=8651","title":{"rendered":"Fernando Acu\u00f1a Guti\u00e9rrez jura como juez titular del Juzgado de Puerto Cisnes"},"content":{"rendered":"<div class=\"flex_column av_one_full  flex_column_div av-zero-column-padding first  avia-builder-el-0  el_before_av_one_full  avia-builder-el-first  \" style='border-radius:0px; '><div  class='avia-image-container  av-styling-    avia-builder-el-1  avia-builder-el-no-sibling  avia-align-center '  itemprop=\"image\" itemscope=\"itemscope\" itemtype=\"https:\/\/schema.org\/ImageObject\"  ><div class='avia-image-container-inner'><div class='avia-image-overlay-wrap'><img decoding=\"async\" class='wp-image-8654 avia-img-lazy-loading-not-8654 avia_image' src=\"https:\/\/radiorevelacionfm.cl\/wp-content\/uploads\/2021\/09\/Foto-Juramento-2-1.jpg\" alt='' title='Foto Juramento (2) (1)' height=\"600\" width=\"931\"  itemprop=\"thumbnailUrl\" srcset=\"https:\/\/radiorevelacionfm.cl\/wp-content\/uploads\/2021\/09\/Foto-Juramento-2-1.jpg 931w, https:\/\/radiorevelacionfm.cl\/wp-content\/uploads\/2021\/09\/Foto-Juramento-2-1-300x193.jpg 300w, https:\/\/radiorevelacionfm.cl\/wp-content\/uploads\/2021\/09\/Foto-Juramento-2-1-768x495.jpg 768w, https:\/\/radiorevelacionfm.cl\/wp-content\/uploads\/2021\/09\/Foto-Juramento-2-1-705x454.jpg 705w, https:\/\/radiorevelacionfm.cl\/wp-content\/uploads\/2021\/09\/Foto-Juramento-2-1-600x387.jpg 600w\" sizes=\"(max-width: 931px) 100vw, 931px\" \/><\/div><\/div><\/div><\/div><div class=\"flex_column av_one_full  flex_column_div av-zero-column-padding first  avia-builder-el-2  el_after_av_one_full  el_before_av_one_full  column-top-margin\" style='border-radius:0px; '><section class=\"av_textblock_section \"  itemscope=\"itemscope\" itemtype=\"https:\/\/schema.org\/BlogPosting\" itemprop=\"blogPost\" ><div class='avia_textblock  '   itemprop=\"text\" ><p style=\"text-align: center;\"><strong><span style=\"font-size: 18pt;\">Fernando Acu\u00f1a Guti\u00e9rrez jura como juez titular del Juzgado de Puerto Cisnes<\/span><\/strong><\/p>\n<div id=\"gtx-trans\" style=\"position: absolute; left: -50px; top: 4.31534px;\">\n<div class=\"gtx-trans-icon\"><\/div>\n<\/div>\n<\/div><\/section><\/div><\/p>\n<div class=\"flex_column av_one_full  flex_column_div av-zero-column-padding first  avia-builder-el-4  el_after_av_one_full  el_before_av_hr  column-top-margin\" style='border-radius:0px; '><section class=\"av_textblock_section \"  itemscope=\"itemscope\" itemtype=\"https:\/\/schema.org\/BlogPosting\" itemprop=\"blogPost\" ><div class='avia_textblock  '   itemprop=\"text\" ><p class=\"v1MsoNormal\" style=\"text-align: justify;\">El presidente de la Corte de Apelaciones de Coyhaique (s), ministro Sergio Mora Vallejos, tom\u00f3 juramento a Fernando Avelino Acu\u00f1a Guti\u00e9rrez como juez titular del Juzgado de Letras, Garant\u00eda y Familia de Puerto Cisnes.<\/p>\n<p class=\"v1MsoNormal\" style=\"text-align: justify;\">La solemne ceremonia \u2013desarrollada el pasado viernes 10 de septiembre- se efectu\u00f3 mediante la plataforma virtual Zoom y tuvo la presencia de los ministros Pedro Castro, Jos\u00e9 Ignacio Mora, funcionarios judiciales, familiares, ex colegas y amigos del magistrado Acu\u00f1a.<\/p>\n<p class=\"v1MsoNormal\" style=\"text-align: justify;\">El ministro Mora Vallejos expres\u00f3 que \u00abquiero felicitar a Fernando por este ascenso, como Corte de Apelaciones le deseamos lo mejor en estas nuevas funciones. \u00c9l ya conoce el tribunal pues se ha venido desempe\u00f1ando como secretario titular y juez subrogante, y esperamos que tenga una larga y positiva estad\u00eda en Puerto Cisnes y las localidades que le corresponden en esta jurisdicci\u00f3n\u00bb.<\/p>\n<p class=\"v1MsoNormal\" style=\"text-align: justify;\">Por su parte, el magistrado sostuvo que: \u00abtras este juramento quiero saludar a las comunidades de Cisnes, Lago Verde, y Guaitecas. Durante largos a\u00f1os me toc\u00f3 trabajar como abogado defensor, como juez de polic\u00eda local, como notario y conservador en esta comuna, pero sin dudas este es el m\u00e1s hermoso de los desaf\u00edos. Cuenten con nosotros como equipo de trabajo, que estamos para resolver sus problemas, para ayudarlos y as\u00ed poder vivir tranquilos\u00bb.<\/p>\n<p class=\"v1MsoNormal\" style=\"text-align: justify;\">El magistrado Acu\u00f1a Guti\u00e9rrez es egresado de la Pontificia Universidad Cat\u00f3lica de Chile. Fue defensor regional de Ays\u00e9n entre el 2011 y 2018; y anteriormente cumpli\u00f3 labores como jefe del Departamento Jur\u00eddico del Servicio Nacional de Pesca, juez de Polic\u00eda Local subrogante de Puerto Cisnes; notario p\u00fablico y conservador de bienes ra\u00edces en calidad de suplente en la misma comuna, y ha desarrollado un m\u00e1ster en Derecho Penal en la Universidad de Sevilla y un diplomado en reforma procesal penal en la Universidad Diego Portales, entre otros. En abril de este a\u00f1o jur\u00f3 como secretario titular del juzgado que hoy le toca liderar en la zona norte de Ays\u00e9n.<\/p>\n<\/div><\/section><\/div>\n<div  style='height:50px' class='hr hr-invisible   avia-builder-el-6  el_after_av_one_full  el_before_av_social_share '><span class='hr-inner ' ><span class='hr-inner-style'><\/span><\/span><\/div>\n<div  class='av-social-sharing-box  avia-builder-el-7  el_after_av_hr  el_before_av_hr  '><div class='av-share-box'><h5 class='av-share-link-description av-no-toc '>Compartir esta noticia<\/h5><ul class='av-share-box-list noLightbox'><li class='av-share-link av-social-link-facebook' ><a target=\"_blank\" aria-label=\"Compartir en Facebook\" href='https:\/\/www.facebook.com\/sharer.php?u=https:\/\/radiorevelacionfm.cl\/?p=8651&#038;t=Fernando%20Acu%C3%B1a%20Guti%C3%A9rrez%20jura%20como%20juez%20titular%20del%20Juzgado%20de%20Puerto%20Cisnes' aria-hidden='false' data-av_icon='\ue8f3' data-av_iconfont='entypo-fontello' title='' data-avia-related-tooltip='Compartir en Facebook' rel=\"noopener\"><span class='avia_hidden_link_text'>Compartir en Facebook<\/span><\/a><\/li><li class='av-share-link av-social-link-twitter' ><a target=\"_blank\" aria-label=\"Compartir en Twitter\" href='https:\/\/twitter.com\/share?text=Fernando%20Acu%C3%B1a%20Guti%C3%A9rrez%20jura%20como%20juez%20titular%20del%20Juzgado%20de%20Puerto%20Cisnes&#038;url=https:\/\/radiorevelacionfm.cl\/?p=8651' aria-hidden='false' data-av_icon='\ue8f1' data-av_iconfont='entypo-fontello' title='' data-avia-related-tooltip='Compartir en Twitter' rel=\"noopener\"><span class='avia_hidden_link_text'>Compartir en Twitter<\/span><\/a><\/li><li class='av-share-link av-social-link-whatsapp' ><a target=\"_blank\" aria-label=\"Compartir en Whatsapp\" href='https:\/\/api.whatsapp.com\/send?text=https:\/\/radiorevelacionfm.cl\/?p=8651' aria-hidden='false' data-av_icon='\uf232' data-av_iconfont='entypo-fontello' title='' data-avia-related-tooltip='Compartir en Whatsapp' rel=\"noopener\"><span class='avia_hidden_link_text'>Compartir en Whatsapp<\/span><\/a><\/li><li class='av-share-link av-social-link-linkedin' ><a target=\"_blank\" aria-label=\"Compartir en LinkedIn\" href='https:\/\/linkedin.com\/shareArticle?mini=true&#038;title=Fernando%20Acu%C3%B1a%20Guti%C3%A9rrez%20jura%20como%20juez%20titular%20del%20Juzgado%20de%20Puerto%20Cisnes&#038;url=https:\/\/radiorevelacionfm.cl\/?p=8651' aria-hidden='false' data-av_icon='\ue8fc' data-av_iconfont='entypo-fontello' title='' data-avia-related-tooltip='Compartir en LinkedIn' rel=\"noopener\"><span class='avia_hidden_link_text'>Compartir en LinkedIn<\/span><\/a><\/li><li class='av-share-link av-social-link-mail' ><a  aria-label=\"Compartir por correo\" href='mailto:?subject=Fernando%20Acu%C3%B1a%20Guti%C3%A9rrez%20jura%20como%20juez%20titular%20del%20Juzgado%20de%20Puerto%20Cisnes&#038;body=https:\/\/radiorevelacionfm.cl\/?p=8651' aria-hidden='false' data-av_icon='\ue805' data-av_iconfont='entypo-fontello' title='' data-avia-related-tooltip='Compartir por correo'><span class='avia_hidden_link_text'>Compartir por correo<\/span><\/a><\/li><\/ul><\/div><\/div>\n<div  style='height:50px' class='hr hr-invisible   avia-builder-el-8  el_after_av_social_share  el_before_av_comments_list '><span class='hr-inner ' ><span class='hr-inner-style'><\/span><\/span><\/div>\n<div  class='av-buildercomment  av-blog-meta-html-info-disabled av-blog-meta-tag-disabled  '><\/div>\n","protected":false},"excerpt":{"rendered":"","protected":false},"author":1,"featured_media":8654,"comment_status":"open","ping_status":"open","sticky":false,"template":"","format":"standard","meta":{"footnotes":""},"categories":[55],"tags":[],"class_list":["post-8651","post","type-post","status-publish","format-standard","has-post-thumbnail","hentry","category-justicia"],"jetpack_featured_media_url":"https:\/\/radiorevelacionfm.cl\/wp-content\/uploads\/2021\/09\/Foto-Juramento-2-1.jpg","_links":{"self":[{"href":"https:\/\/radiorevelacionfm.cl\/index.php?rest_route=\/wp\/v2\/posts\/8651","targetHints":{"allow":["GET"]}}],"collection":[{"href":"https:\/\/radiorevelacionfm.cl\/index.php?rest_route=\/wp\/v2\/posts"}],"about":[{"href":"https:\/\/radiorevelacionfm.cl\/index.php?rest_route=\/wp\/v2\/types\/post"}],"author":[{"embeddable":true,"href":"https:\/\/radiorevelacionfm.cl\/index.php?rest_route=\/wp\/v2\/users\/1"}],"replies":[{"embeddable":true,"href":"https:\/\/radiorevelacionfm.cl\/index.php?rest_route=%2Fwp%2Fv2%2Fcomments&post=8651"}],"version-history":[{"count":2,"href":"https:\/\/radiorevelacionfm.cl\/index.php?rest_route=\/wp\/v2\/posts\/8651\/revisions"}],"predecessor-version":[{"id":8655,"href":"https:\/\/radiorevelacionfm.cl\/index.php?rest_route=\/wp\/v2\/posts\/8651\/revisions\/8655"}],"wp:featuredmedia":[{"embeddable":true,"href":"https:\/\/radiorevelacionfm.cl\/index.php?rest_route=\/wp\/v2\/media\/8654"}],"wp:attachment":[{"href":"https:\/\/radiorevelacionfm.cl\/index.php?rest_route=%2Fwp%2Fv2%2Fmedia&parent=8651"}],"wp:term":[{"taxonomy":"category","embeddable":true,"href":"https:\/\/radiorevelacionfm.cl\/index.php?rest_route=%2Fwp%2Fv2%2Fcategories&post=8651"},{"taxonomy":"post_tag","embeddable":true,"href":"https:\/\/radiorevelacionfm.cl\/index.php?rest_route=%2Fwp%2Fv2%2Ftags&post=8651"}],"curies":[{"name":"wp","href":"https:\/\/api.w.org\/{rel}","templated":true}]}}