{"id":8647,"date":"2021-09-13T18:13:49","date_gmt":"2021-09-13T21:13:49","guid":{"rendered":"https:\/\/radiorevelacionfm.cl\/?p=8647"},"modified":"2021-09-13T18:13:49","modified_gmt":"2021-09-13T21:13:49","slug":"en-escuela-aysen-conforman-primera-orquesta-pre-infantil-de-la-region","status":"publish","type":"post","link":"https:\/\/radiorevelacionfm.cl\/?p=8647","title":{"rendered":"En Escuela Ays\u00e9n conforman primera Orquesta Pre Infantil de la regi\u00f3n"},"content":{"rendered":"<div class=\"flex_column av_one_full  flex_column_div av-zero-column-padding first  avia-builder-el-0  el_before_av_one_full  avia-builder-el-first  \" style='border-radius:0px; '><div  class='avia-image-container  av-styling-    avia-builder-el-1  avia-builder-el-no-sibling  avia-align-center '  itemprop=\"image\" itemscope=\"itemscope\" itemtype=\"https:\/\/schema.org\/ImageObject\"  ><div class='avia-image-container-inner'><div class='avia-image-overlay-wrap'><img decoding=\"async\" class='wp-image-8648 avia-img-lazy-loading-not-8648 avia_image' src=\"https:\/\/radiorevelacionfm.cl\/wp-content\/uploads\/2021\/09\/Orquesta-1-1-1.jpg\" alt='' title='Orquesta 1 (1) (1)' height=\"600\" width=\"800\"  itemprop=\"thumbnailUrl\" srcset=\"https:\/\/radiorevelacionfm.cl\/wp-content\/uploads\/2021\/09\/Orquesta-1-1-1.jpg 800w, https:\/\/radiorevelacionfm.cl\/wp-content\/uploads\/2021\/09\/Orquesta-1-1-1-300x225.jpg 300w, https:\/\/radiorevelacionfm.cl\/wp-content\/uploads\/2021\/09\/Orquesta-1-1-1-768x576.jpg 768w, https:\/\/radiorevelacionfm.cl\/wp-content\/uploads\/2021\/09\/Orquesta-1-1-1-705x529.jpg 705w, https:\/\/radiorevelacionfm.cl\/wp-content\/uploads\/2021\/09\/Orquesta-1-1-1-600x450.jpg 600w\" sizes=\"(max-width: 800px) 100vw, 800px\" \/><\/div><\/div><\/div><\/div><div class=\"flex_column av_one_full  flex_column_div av-zero-column-padding first  avia-builder-el-2  el_after_av_one_full  el_before_av_one_full  column-top-margin\" style='border-radius:0px; '><section class=\"av_textblock_section \"  itemscope=\"itemscope\" itemtype=\"https:\/\/schema.org\/BlogPosting\" itemprop=\"blogPost\" ><div class='avia_textblock  '   itemprop=\"text\" ><p style=\"text-align: center;\"><span style=\"font-size: 18pt;\"><strong>En Escuela Ays\u00e9n conforman primera Orquesta Pre Infantil de la regi\u00f3n<\/strong><\/span><\/p>\n<div id=\"gtx-trans\" style=\"position: absolute; left: -50px; top: 4.31534px;\">\n<div class=\"gtx-trans-icon\"><\/div>\n<\/div>\n<\/div><\/section><\/div><div class=\"flex_column av_one_full  flex_column_div av-zero-column-padding first  avia-builder-el-4  el_after_av_one_full  el_before_av_hr  column-top-margin\" style='border-radius:0px; '><section class=\"av_textblock_section \"  itemscope=\"itemscope\" itemtype=\"https:\/\/schema.org\/BlogPosting\" itemprop=\"blogPost\" ><div class='avia_textblock  '   itemprop=\"text\" ><p style=\"text-align: justify;\">Un nuevo hito suma a sus filas la Orquesta Comunal Escolar de la Direcci\u00f3n de Educaci\u00f3n Municipal de Ays\u00e9n, quien este lunes y con la presencia de la comunidad estudiantil, padres y apoderados llevaron a cabo una ceremonia de cara a la presentaci\u00f3n de la Orquesta Pre Infantil de la Escuela Ays\u00e9n.<\/p>\n<p style=\"text-align: justify;\">La instancia, pionera en la regi\u00f3n de Ays\u00e9n, est\u00e1 compuesto por un total de 20 estudiantes, quienes deleitaron a los presentes, a trav\u00e9s de una serie de interpretaciones de piezas musicales, con lo que dieron cuenta de su talento y habilidad en el arte de la m\u00fasica.<\/p>\n<p style=\"text-align: justify;\">Durante la cita, en que estuvieron presentes el director del establecimiento educacional, Luis Seguel; el alcalde de la comuna, Julio Uribe; la directora DEM Ays\u00e9n, Tamara Villegas y el Consejero Regional de la provincia de Ays\u00e9n, Luis Co\u00f1uecar, se realiz\u00f3 la entrega de instrumentos musicales a cada uno de las y los alumnos que conforman este cuerpo musical. Instancia posible gracias al financiamiento del Fondo para el Fomento de la M\u00fasica Nacional Convocatoria 2021, a trav\u00e9s del Fondo de Emergencia Transitorio. El cual fue obtenido tras la ejecuci\u00f3n por parte de la Escuela Ays\u00e9n y el Programa Comunal Cultivando Talentos de Ays\u00e9n del proyecto \u201cMusicalizando Ays\u00e9n: La experiencia de los sentidos en la Patagonia\u201d.<\/p>\n<p style=\"text-align: justify;\">De esta manera, se logr\u00f3 la adquisici\u00f3n de instrumentos de tama\u00f1os peque\u00f1os que permitir\u00e1n el acceso a una educaci\u00f3n musical de altos est\u00e1ndares de calidad, dirigida a estudiantes desde el primer ciclo de ense\u00f1anza b\u00e1sica y junto a ello, crear la primera orquesta pre infantil en toda la regi\u00f3n.<\/p>\n<p style=\"text-align: justify;\">As\u00ed se dio forma a este anhelo en una de las escuelas m\u00e1s antiguas de la regi\u00f3n, que en sus m\u00e1s de 90 a\u00f1os de trayectoria ha buscado permanentemente la mejora continua y crear estrategias innovadoras para que sus estudiantes reciban una formaci\u00f3n integral.<\/p>\n<p style=\"text-align: justify;\">\u201cComo director, a trav\u00e9s de la misma comunidad educativa de la escuela Ays\u00e9n, estamos muy orgullosos de ser parte de esta iniciativa. La profesora se ha esforzado bastante. Desde que la conozco ha estado golpeando puertas y siempre ha logrado sus prop\u00f3sitos porque sabe que la m\u00fasica es una ayuda bastante importante a los aprendizajes de los alumnos, la cognitividad, el hecho del trabajo en conjunto, les ayuda en muchos aspectos de su vida personal, no s\u00f3lo son los aprendizajes puros de las materias, sino que el arte y, en este caso la m\u00fasica, ayudan al aprendizaje integral\u201d, manifest\u00f3 el directivo del recinto educacional, Luis Seguel.<\/p>\n<p style=\"text-align: justify;\">Es as\u00ed que la comuna de Ays\u00e9n, hoy por hoy, cuenta con un sello musical de fomento de orquestas escolares y orquesta comunal, que nace desde la reflexi\u00f3n pedag\u00f3gica como una intervenci\u00f3n educativa que, durante el camino hacia el aprendizaje de la m\u00fasica, permite a los educandos, adem\u00e1s, construir capacidades y habilidades que apuntan hacia tres ejes de acci\u00f3n esenciales, como son nivel cognitivo, desarrollo personal y transformaci\u00f3n social.<\/p>\n<p style=\"text-align: justify;\">Por su parte, las reacciones de los peque\u00f1os m\u00fasicos no se hicieron esperar. \u201cDesde muy peque\u00f1a este instrumento me ha gustado porque es muy lindo, suena hermoso. Ahora estoy aprendiendo a tocar el instrumento que durante toda mi vida me ha gustado. He aprendido harto y estoy feliz, invitar\u00eda a todos los ni\u00f1os a que sean parte de esta orquesta\u201d, expres\u00f3 Antonella Caroca de 8 a\u00f1os de edad, y quien cursa 3ero b\u00e1sico.<\/p>\n<p style=\"text-align: justify;\">Sebasti\u00e1n Fern\u00e1ndez, tambi\u00e9n de 3ero b\u00e1sico, se\u00f1al\u00f3 que \u201cme gusta mucho el viol\u00edn, aprend\u00ed a los 7 a tocar, y sigo aprendiendo. Me encanta el viol\u00edn. Estoy contento, quisiera estudiar m\u00fasica una vez que sea adulto\u201d.<\/p>\n<p style=\"text-align: justify;\">Para el estudiante Alberto Z\u00fa\u00f1iga, formar parte de esta orquesta es un gran logro que, adem\u00e1s, le permitir\u00e1 conocer un abanico de posibilidades. \u201cMi prima ten\u00eda un viol\u00edn, pero ya no sabe d\u00f3nde est\u00e1. Ahora estoy aprendiendo a tocar, as\u00ed que muy contento. Me gusta mucho la m\u00fasica porque cuando aprendemos m\u00fasica, aprendemos de muchas otras cosas tambi\u00e9n\u201d.<\/p>\n<p style=\"text-align: justify;\">Dentro de la presentaci\u00f3n de esta Orquesta, junto a su profesor de violoncello, Walter Rathgeb, interpret\u00f3 una pieza musical la alumna de 11 a\u00f1os de edad, Michelle Rivera. Posterior a su entrega de instrumento, la estudiante de 6to b\u00e1sico, indic\u00f3 que \u201cllevo dos a\u00f1os tocando. Hoy me sent\u00ed media nerviosa, pero siento que toque bien. Es un bonito instrumento, las notas son bonitas tambi\u00e9n. Me gustar\u00eda ser m\u00fasico cuando grande, me ha ense\u00f1ado mucho, especialmente, el profesor Walter\u201d.<\/p>\n<p style=\"text-align: justify;\">Finalmente, el edil de la comuna de Ays\u00e9n, Julio Uribe, relev\u00f3 esta instancia cultural que -de acuerdo a lo manifestado por la primera autoridad comunal-, junto al deporte conforman dos \u00e1reas de m\u00e1xima importancia en la presente administraci\u00f3n municipal. \u201cPara mi es un grato placer esta entrega de instrumentos, que son instrumentos especiales, que son m\u00e1s peque\u00f1itos, para la primera formaci\u00f3n en la m\u00fasica de estos ni\u00f1os. Hay mucho inter\u00e9s, un apoyo inmenso por parte de los padres as\u00ed que esto es muy lindo, adem\u00e1s cuentan con profesores muy destacados y eso nos llena de orgullo. Como municipio vamos a seguir potenciando este tipo de actividades extraescolares que, en realidad, les abren un mundo a los ni\u00f1os para su desarrollo\u201d.<\/p>\n<\/div><\/section><\/div><div  style='height:50px' class='hr hr-invisible   avia-builder-el-6  el_after_av_one_full  el_before_av_social_share '><span class='hr-inner ' ><span class='hr-inner-style'><\/span><\/span><\/div><\/p>\n<div  class='av-social-sharing-box  avia-builder-el-7  el_after_av_hr  el_before_av_hr  '><div class='av-share-box'><h5 class='av-share-link-description av-no-toc '>Compartir esta noticia<\/h5><ul class='av-share-box-list noLightbox'><li class='av-share-link av-social-link-facebook' ><a target=\"_blank\" aria-label=\"Compartir en Facebook\" href='https:\/\/www.facebook.com\/sharer.php?u=https:\/\/radiorevelacionfm.cl\/?p=8647&#038;t=En%20Escuela%20Ays%C3%A9n%20conforman%20primera%20Orquesta%20Pre%20Infantil%20de%20la%20regi%C3%B3n' aria-hidden='false' data-av_icon='\ue8f3' data-av_iconfont='entypo-fontello' title='' data-avia-related-tooltip='Compartir en Facebook' rel=\"noopener\"><span class='avia_hidden_link_text'>Compartir en Facebook<\/span><\/a><\/li><li class='av-share-link av-social-link-twitter' ><a target=\"_blank\" aria-label=\"Compartir en Twitter\" href='https:\/\/twitter.com\/share?text=En%20Escuela%20Ays%C3%A9n%20conforman%20primera%20Orquesta%20Pre%20Infantil%20de%20la%20regi%C3%B3n&#038;url=https:\/\/radiorevelacionfm.cl\/?p=8647' aria-hidden='false' data-av_icon='\ue8f1' data-av_iconfont='entypo-fontello' title='' data-avia-related-tooltip='Compartir en Twitter' rel=\"noopener\"><span class='avia_hidden_link_text'>Compartir en Twitter<\/span><\/a><\/li><li class='av-share-link av-social-link-whatsapp' ><a target=\"_blank\" aria-label=\"Compartir en Whatsapp\" href='https:\/\/api.whatsapp.com\/send?text=https:\/\/radiorevelacionfm.cl\/?p=8647' aria-hidden='false' data-av_icon='\uf232' data-av_iconfont='entypo-fontello' title='' data-avia-related-tooltip='Compartir en Whatsapp' rel=\"noopener\"><span class='avia_hidden_link_text'>Compartir en Whatsapp<\/span><\/a><\/li><li class='av-share-link av-social-link-linkedin' ><a target=\"_blank\" aria-label=\"Compartir en LinkedIn\" href='https:\/\/linkedin.com\/shareArticle?mini=true&#038;title=En%20Escuela%20Ays%C3%A9n%20conforman%20primera%20Orquesta%20Pre%20Infantil%20de%20la%20regi%C3%B3n&#038;url=https:\/\/radiorevelacionfm.cl\/?p=8647' aria-hidden='false' data-av_icon='\ue8fc' data-av_iconfont='entypo-fontello' title='' data-avia-related-tooltip='Compartir en LinkedIn' rel=\"noopener\"><span class='avia_hidden_link_text'>Compartir en LinkedIn<\/span><\/a><\/li><li class='av-share-link av-social-link-mail' ><a  aria-label=\"Compartir por correo\" href='mailto:?subject=En%20Escuela%20Ays%C3%A9n%20conforman%20primera%20Orquesta%20Pre%20Infantil%20de%20la%20regi%C3%B3n&#038;body=https:\/\/radiorevelacionfm.cl\/?p=8647' aria-hidden='false' data-av_icon='\ue805' data-av_iconfont='entypo-fontello' title='' data-avia-related-tooltip='Compartir por correo'><span class='avia_hidden_link_text'>Compartir por correo<\/span><\/a><\/li><\/ul><\/div><\/div>\n<div  style='height:50px' class='hr hr-invisible   avia-builder-el-8  el_after_av_social_share  el_before_av_comments_list '><span class='hr-inner ' ><span class='hr-inner-style'><\/span><\/span><\/div>\n<div  class='av-buildercomment  av-blog-meta-html-info-disabled av-blog-meta-tag-disabled  '><\/div>\n","protected":false},"excerpt":{"rendered":"","protected":false},"author":1,"featured_media":8648,"comment_status":"open","ping_status":"open","sticky":false,"template":"","format":"standard","meta":{"footnotes":""},"categories":[38],"tags":[],"class_list":["post-8647","post","type-post","status-publish","format-standard","has-post-thumbnail","hentry","category-regional"],"jetpack_featured_media_url":"https:\/\/radiorevelacionfm.cl\/wp-content\/uploads\/2021\/09\/Orquesta-1-1-1.jpg","_links":{"self":[{"href":"https:\/\/radiorevelacionfm.cl\/index.php?rest_route=\/wp\/v2\/posts\/8647","targetHints":{"allow":["GET"]}}],"collection":[{"href":"https:\/\/radiorevelacionfm.cl\/index.php?rest_route=\/wp\/v2\/posts"}],"about":[{"href":"https:\/\/radiorevelacionfm.cl\/index.php?rest_route=\/wp\/v2\/types\/post"}],"author":[{"embeddable":true,"href":"https:\/\/radiorevelacionfm.cl\/index.php?rest_route=\/wp\/v2\/users\/1"}],"replies":[{"embeddable":true,"href":"https:\/\/radiorevelacionfm.cl\/index.php?rest_route=%2Fwp%2Fv2%2Fcomments&post=8647"}],"version-history":[{"count":1,"href":"https:\/\/radiorevelacionfm.cl\/index.php?rest_route=\/wp\/v2\/posts\/8647\/revisions"}],"predecessor-version":[{"id":8649,"href":"https:\/\/radiorevelacionfm.cl\/index.php?rest_route=\/wp\/v2\/posts\/8647\/revisions\/8649"}],"wp:featuredmedia":[{"embeddable":true,"href":"https:\/\/radiorevelacionfm.cl\/index.php?rest_route=\/wp\/v2\/media\/8648"}],"wp:attachment":[{"href":"https:\/\/radiorevelacionfm.cl\/index.php?rest_route=%2Fwp%2Fv2%2Fmedia&parent=8647"}],"wp:term":[{"taxonomy":"category","embeddable":true,"href":"https:\/\/radiorevelacionfm.cl\/index.php?rest_route=%2Fwp%2Fv2%2Fcategories&post=8647"},{"taxonomy":"post_tag","embeddable":true,"href":"https:\/\/radiorevelacionfm.cl\/index.php?rest_route=%2Fwp%2Fv2%2Ftags&post=8647"}],"curies":[{"name":"wp","href":"https:\/\/api.w.org\/{rel}","templated":true}]}}