{"id":8644,"date":"2021-09-13T15:03:57","date_gmt":"2021-09-13T18:03:57","guid":{"rendered":"https:\/\/radiorevelacionfm.cl\/?p=8644"},"modified":"2021-09-13T15:03:57","modified_gmt":"2021-09-13T18:03:57","slug":"familias-de-la-junta-fueron-beneficiadas-con-fondos-orasmi","status":"publish","type":"post","link":"https:\/\/radiorevelacionfm.cl\/?p=8644","title":{"rendered":"Familias de La Junta fueron beneficiadas con fondos ORASMI"},"content":{"rendered":"<div class=\"flex_column av_one_full  flex_column_div av-zero-column-padding first  avia-builder-el-0  el_before_av_one_full  avia-builder-el-first  \" style='border-radius:0px; '><div  class='avia-image-container  av-styling-    avia-builder-el-1  avia-builder-el-no-sibling  avia-align-center '  itemprop=\"image\" itemscope=\"itemscope\" itemtype=\"https:\/\/schema.org\/ImageObject\"  ><div class='avia-image-container-inner'><div class='avia-image-overlay-wrap'><img decoding=\"async\" class='wp-image-8645 avia-img-lazy-loading-not-8645 avia_image' src=\"https:\/\/radiorevelacionfm.cl\/wp-content\/uploads\/2021\/09\/5-orasmi-1-1.jpg\" alt='' title='5 orasmi (1) (1)' height=\"600\" width=\"900\"  itemprop=\"thumbnailUrl\" srcset=\"https:\/\/radiorevelacionfm.cl\/wp-content\/uploads\/2021\/09\/5-orasmi-1-1.jpg 900w, https:\/\/radiorevelacionfm.cl\/wp-content\/uploads\/2021\/09\/5-orasmi-1-1-300x200.jpg 300w, https:\/\/radiorevelacionfm.cl\/wp-content\/uploads\/2021\/09\/5-orasmi-1-1-768x512.jpg 768w, https:\/\/radiorevelacionfm.cl\/wp-content\/uploads\/2021\/09\/5-orasmi-1-1-705x470.jpg 705w, https:\/\/radiorevelacionfm.cl\/wp-content\/uploads\/2021\/09\/5-orasmi-1-1-600x400.jpg 600w\" sizes=\"(max-width: 900px) 100vw, 900px\" \/><\/div><\/div><\/div><\/div><div class=\"flex_column av_one_full  flex_column_div av-zero-column-padding first  avia-builder-el-2  el_after_av_one_full  el_before_av_one_full  column-top-margin\" style='border-radius:0px; '><section class=\"av_textblock_section \"  itemscope=\"itemscope\" itemtype=\"https:\/\/schema.org\/BlogPosting\" itemprop=\"blogPost\" ><div class='avia_textblock  '   itemprop=\"text\" ><p style=\"text-align: center;\"><span style=\"font-size: 18pt;\"><strong>Familias de La Junta fueron beneficiadas con fondos ORASMI<\/strong><\/span><\/p>\n<div id=\"gtx-trans\" style=\"position: absolute; left: -50px; top: 4.31534px;\">\n<div class=\"gtx-trans-icon\"><\/div>\n<\/div>\n<\/div><\/section><\/div><div class=\"flex_column av_one_full  flex_column_div av-zero-column-padding first  avia-builder-el-4  el_after_av_one_full  el_before_av_hr  column-top-margin\" style='border-radius:0px; '><section class=\"av_textblock_section \"  itemscope=\"itemscope\" itemtype=\"https:\/\/schema.org\/BlogPosting\" itemprop=\"blogPost\" ><div class='avia_textblock  '   itemprop=\"text\" ><p style=\"text-align: justify;\">Durante su visita a la localidad de La Junta el Delegado Presidencial Provincial Manuel Ortiz pudo compartir algunos minutos con dos familias de esta localidad, ubicada en la zona norte de la provincia, familias que con mucho sacrificio han sacado a sus seres queridos adelante, a pesar de distintas adversidades.<\/p>\n<p style=\"text-align: justify;\">El Fondo ORASMI es un fondo anual aprobado por la Ley de Presupuesto para el sector p\u00fablico, destinado a personas naturales que se encuentren en situaci\u00f3n o condici\u00f3n de vulnerabilidad social, entendida \u00e9sta como las \u201cdesigualdades y discriminaciones que est\u00e1n en la base de los riesgos sociales que afectan a familias y personas, tales como p\u00e9rdida del empleo, trabajo precario, bajos ingresos, enfermedad y falta de educaci\u00f3n, entre otras\u201d.<\/p>\n<p style=\"text-align: justify;\">Es por la raz\u00f3n anterior y junto a la coordinaci\u00f3n con la Delegaci\u00f3n Municipal de La Junta es que dos familias de la localidad fueron beneficiadas con marquesas, colchones, cobertores y frazadas, elementos que recibieron con una tremenda alegr\u00eda \u201cme parece bien porque no hab\u00edamos tenido la oportunidad de comprarle las camas a las ni\u00f1as y por medio de la Delegaci\u00f3n Municipal tratamos de hacer esto, as\u00ed que yo estoy muy contenta porque solamente hab\u00eda pedido dos colchones y nos llegaron las marquesas y todo lo dem\u00e1s\u201d dec\u00eda Senalia S\u00e1ez joven madre de dos peque\u00f1as.<\/p>\n<p style=\"text-align: justify;\">Patricia Castro es otra joven madre que recibi\u00f3 este beneficio y as\u00ed expresaba su gratitud \u201clo agradezco porque jam\u00e1s hab\u00eda salido favorecida con nada porque me daba verg\u00fcenza o temor de pedir algo y que me juzgaran, jam\u00e1s hab\u00eda recibido alguna visita o ayuda, muy agradecida que hayan venido y estamos contentos\u201d.<\/p>\n<p style=\"text-align: justify;\">Por su parte Manuel Ortiz Delegado Presidencial se\u00f1alaba \u201chemos llegado hasta La Junta a realizar un Gobierno en Terreno, pero adem\u00e1s quisimos visitar a estas familias que fueron beneficiadas con los fondos ORASMI, esto a ra\u00edz de un trabajo mancomunado entre la Delegaci\u00f3n Municipal y la Delegaci\u00f3n Presidencial en donde a ra\u00edz de informes sociales que fueron elaborados y enviados a nivel central en donde obtuvimos respuestas positivas a nuestras solicitudes y ahora estas dos familias desde hace algunas semanas pueden contar con este beneficio social que mejorar\u00e1 la calidad de vida de sus integrantes\u201d.<\/p>\n<\/div><\/section><\/div><div  style='height:50px' class='hr hr-invisible   avia-builder-el-6  el_after_av_one_full  el_before_av_social_share '><span class='hr-inner ' ><span class='hr-inner-style'><\/span><\/span><\/div><\/p>\n<div  class='av-social-sharing-box  avia-builder-el-7  el_after_av_hr  el_before_av_hr  '><div class='av-share-box'><h5 class='av-share-link-description av-no-toc '>Compartir esta noticia<\/h5><ul class='av-share-box-list noLightbox'><li class='av-share-link av-social-link-facebook' ><a target=\"_blank\" aria-label=\"Compartir en Facebook\" href='https:\/\/www.facebook.com\/sharer.php?u=https:\/\/radiorevelacionfm.cl\/?p=8644&#038;t=Familias%20de%20La%20Junta%20fueron%20beneficiadas%20con%20fondos%20ORASMI' aria-hidden='false' data-av_icon='\ue8f3' data-av_iconfont='entypo-fontello' title='' data-avia-related-tooltip='Compartir en Facebook' rel=\"noopener\"><span class='avia_hidden_link_text'>Compartir en Facebook<\/span><\/a><\/li><li class='av-share-link av-social-link-twitter' ><a target=\"_blank\" aria-label=\"Compartir en Twitter\" href='https:\/\/twitter.com\/share?text=Familias%20de%20La%20Junta%20fueron%20beneficiadas%20con%20fondos%20ORASMI&#038;url=https:\/\/radiorevelacionfm.cl\/?p=8644' aria-hidden='false' data-av_icon='\ue8f1' data-av_iconfont='entypo-fontello' title='' data-avia-related-tooltip='Compartir en Twitter' rel=\"noopener\"><span class='avia_hidden_link_text'>Compartir en Twitter<\/span><\/a><\/li><li class='av-share-link av-social-link-whatsapp' ><a target=\"_blank\" aria-label=\"Compartir en Whatsapp\" href='https:\/\/api.whatsapp.com\/send?text=https:\/\/radiorevelacionfm.cl\/?p=8644' aria-hidden='false' data-av_icon='\uf232' data-av_iconfont='entypo-fontello' title='' data-avia-related-tooltip='Compartir en Whatsapp' rel=\"noopener\"><span class='avia_hidden_link_text'>Compartir en Whatsapp<\/span><\/a><\/li><li class='av-share-link av-social-link-linkedin' ><a target=\"_blank\" aria-label=\"Compartir en LinkedIn\" href='https:\/\/linkedin.com\/shareArticle?mini=true&#038;title=Familias%20de%20La%20Junta%20fueron%20beneficiadas%20con%20fondos%20ORASMI&#038;url=https:\/\/radiorevelacionfm.cl\/?p=8644' aria-hidden='false' data-av_icon='\ue8fc' data-av_iconfont='entypo-fontello' title='' data-avia-related-tooltip='Compartir en LinkedIn' rel=\"noopener\"><span class='avia_hidden_link_text'>Compartir en LinkedIn<\/span><\/a><\/li><li class='av-share-link av-social-link-mail' ><a  aria-label=\"Compartir por correo\" href='mailto:?subject=Familias%20de%20La%20Junta%20fueron%20beneficiadas%20con%20fondos%20ORASMI&#038;body=https:\/\/radiorevelacionfm.cl\/?p=8644' aria-hidden='false' data-av_icon='\ue805' data-av_iconfont='entypo-fontello' title='' data-avia-related-tooltip='Compartir por correo'><span class='avia_hidden_link_text'>Compartir por correo<\/span><\/a><\/li><\/ul><\/div><\/div>\n<div  style='height:50px' class='hr hr-invisible   avia-builder-el-8  el_after_av_social_share  el_before_av_comments_list '><span class='hr-inner ' ><span class='hr-inner-style'><\/span><\/span><\/div>\n<div  class='av-buildercomment  av-blog-meta-html-info-disabled av-blog-meta-tag-disabled  '><\/div>\n","protected":false},"excerpt":{"rendered":"","protected":false},"author":1,"featured_media":8645,"comment_status":"open","ping_status":"open","sticky":false,"template":"","format":"standard","meta":{"footnotes":""},"categories":[38],"tags":[],"class_list":["post-8644","post","type-post","status-publish","format-standard","has-post-thumbnail","hentry","category-regional"],"jetpack_featured_media_url":"https:\/\/radiorevelacionfm.cl\/wp-content\/uploads\/2021\/09\/5-orasmi-1-1.jpg","_links":{"self":[{"href":"https:\/\/radiorevelacionfm.cl\/index.php?rest_route=\/wp\/v2\/posts\/8644","targetHints":{"allow":["GET"]}}],"collection":[{"href":"https:\/\/radiorevelacionfm.cl\/index.php?rest_route=\/wp\/v2\/posts"}],"about":[{"href":"https:\/\/radiorevelacionfm.cl\/index.php?rest_route=\/wp\/v2\/types\/post"}],"author":[{"embeddable":true,"href":"https:\/\/radiorevelacionfm.cl\/index.php?rest_route=\/wp\/v2\/users\/1"}],"replies":[{"embeddable":true,"href":"https:\/\/radiorevelacionfm.cl\/index.php?rest_route=%2Fwp%2Fv2%2Fcomments&post=8644"}],"version-history":[{"count":1,"href":"https:\/\/radiorevelacionfm.cl\/index.php?rest_route=\/wp\/v2\/posts\/8644\/revisions"}],"predecessor-version":[{"id":8646,"href":"https:\/\/radiorevelacionfm.cl\/index.php?rest_route=\/wp\/v2\/posts\/8644\/revisions\/8646"}],"wp:featuredmedia":[{"embeddable":true,"href":"https:\/\/radiorevelacionfm.cl\/index.php?rest_route=\/wp\/v2\/media\/8645"}],"wp:attachment":[{"href":"https:\/\/radiorevelacionfm.cl\/index.php?rest_route=%2Fwp%2Fv2%2Fmedia&parent=8644"}],"wp:term":[{"taxonomy":"category","embeddable":true,"href":"https:\/\/radiorevelacionfm.cl\/index.php?rest_route=%2Fwp%2Fv2%2Fcategories&post=8644"},{"taxonomy":"post_tag","embeddable":true,"href":"https:\/\/radiorevelacionfm.cl\/index.php?rest_route=%2Fwp%2Fv2%2Ftags&post=8644"}],"curies":[{"name":"wp","href":"https:\/\/api.w.org\/{rel}","templated":true}]}}