{"id":8641,"date":"2021-09-13T14:49:16","date_gmt":"2021-09-13T17:49:16","guid":{"rendered":"https:\/\/radiorevelacionfm.cl\/?p=8641"},"modified":"2021-09-13T16:10:32","modified_gmt":"2021-09-13T19:10:32","slug":"monitorean-2-casos-covid-19-como-probables-de-variante-delta-en-la-region","status":"publish","type":"post","link":"https:\/\/radiorevelacionfm.cl\/?p=8641","title":{"rendered":"Monitorean 2 casos COVID-19 (+) como probables de variante Delta en la regi\u00f3n"},"content":{"rendered":"<div class=\"flex_column av_one_full  flex_column_div av-zero-column-padding first  avia-builder-el-0  el_before_av_one_full  avia-builder-el-first  \" style='border-radius:0px; '><div  class='avia-image-container  av-styling-    avia-builder-el-1  avia-builder-el-no-sibling  avia-align-center '  itemprop=\"image\" itemscope=\"itemscope\" itemtype=\"https:\/\/schema.org\/ImageObject\"  ><div class='avia-image-container-inner'><div class='avia-image-overlay-wrap'><img decoding=\"async\" class='wp-image-8642 avia-img-lazy-loading-not-8642 avia_image' src=\"https:\/\/radiorevelacionfm.cl\/wp-content\/uploads\/2021\/09\/busqueda-activa1-1-1.jpg\" alt='' title='b\u00fasqueda activa1 (1) (1)' height=\"600\" width=\"1029\"  itemprop=\"thumbnailUrl\" srcset=\"https:\/\/radiorevelacionfm.cl\/wp-content\/uploads\/2021\/09\/busqueda-activa1-1-1.jpg 1029w, https:\/\/radiorevelacionfm.cl\/wp-content\/uploads\/2021\/09\/busqueda-activa1-1-1-300x175.jpg 300w, https:\/\/radiorevelacionfm.cl\/wp-content\/uploads\/2021\/09\/busqueda-activa1-1-1-768x448.jpg 768w, https:\/\/radiorevelacionfm.cl\/wp-content\/uploads\/2021\/09\/busqueda-activa1-1-1-705x411.jpg 705w, https:\/\/radiorevelacionfm.cl\/wp-content\/uploads\/2021\/09\/busqueda-activa1-1-1-600x350.jpg 600w\" sizes=\"(max-width: 1029px) 100vw, 1029px\" \/><\/div><\/div><\/div><\/div>\n<div class=\"flex_column av_one_full  flex_column_div av-zero-column-padding first  avia-builder-el-2  el_after_av_one_full  el_before_av_one_full  column-top-margin\" style='border-radius:0px; '><section class=\"av_textblock_section \"  itemscope=\"itemscope\" itemtype=\"https:\/\/schema.org\/BlogPosting\" itemprop=\"blogPost\" ><div class='avia_textblock  '   itemprop=\"text\" ><p style=\"text-align: center;\"><strong><span style=\"font-size: 18pt;\">Monitorean 2 casos COVID-19 (+) como probables de variante Delta en la regi\u00f3n<\/span><\/strong><\/p>\n<div id=\"gtx-trans\" style=\"position: absolute; left: -50px; top: 4.31534px;\">\n<div class=\"gtx-trans-icon\"><\/div>\n<\/div>\n<\/div><\/section><\/div>\n<div class=\"flex_column av_one_full  flex_column_div av-zero-column-padding first  avia-builder-el-4  el_after_av_one_full  el_before_av_hr  column-top-margin\" style='border-radius:0px; '><section class=\"av_textblock_section \"  itemscope=\"itemscope\" itemtype=\"https:\/\/schema.org\/BlogPosting\" itemprop=\"blogPost\" ><div class='avia_textblock  '   itemprop=\"text\" ><p style=\"text-align: justify;\">En residencia sanitaria, siendo monitoreados constantemente, se encuentran dos casos confirmados por COVID-19, cuyas muestras de PCR (+) al ser analizadas por el laboratorio del Hospital Regional Coyhaique arrojaron resultados atribuibles a la variante DELTA de coronavirus; raz\u00f3n por la cual, se aplicaron protocolos sanitarios que permitieron definir en su trazabilidad a 09 personas m\u00e1s como contactos estrechos, quienes durante el d\u00eda domingo y este lunes ingresaron a cuarentena preventiva.<\/p>\n<p style=\"text-align: justify;\">En base a la informaci\u00f3n obtenida desde la Unidad de Testeo, Trazabilidad y Aislamiento (UTTA), se tratar\u00eda en primera instancia de un grupo familiar residente de la regi\u00f3n, que habr\u00eda ingresado v\u00eda terrestre a la zona, tal como lo manifest\u00f3 el epidemi\u00f3logo Miguel Oyarzo Altamirano. \u201cEn base a la investigaci\u00f3n realizada por los dos primeros casos probables de variante Delta en Ays\u00e9n, el caso \u00edndice se habr\u00eda trasladado desde la zona de Iquique hasta Puerto Montt por v\u00eda terrestre, para reunirse en este lugar junto a su grupo familiar de 03 personas m\u00e1s, ingresando a la regi\u00f3n de Ays\u00e9n los primeros d\u00edas de septiembre como residentes sin PCR, y durante su cuarentena domiciliaria habr\u00edan surgido los primeros s\u00edntomas asociados a COVID-19; situaci\u00f3n que fue ratificada mediante la toma de ex\u00e1menes PCR que arrojaron 02 resultados positivos\u201d.<\/p>\n<p style=\"text-align: justify;\">La investigaci\u00f3n epidemiol\u00f3gica defini\u00f3 as\u00ed cuarentena en residencia sanitaria a los contactos estrechos de esta familia, sumando un total de 09 personas, m\u00e1s los 02 casos positivos. Las muestras fueron derivadas al Instituto de Salud P\u00fablica (ISP) para su verificaci\u00f3n.\u00a0 En este sentido la Seremi de Salud (s), Ver\u00f3nica Godoy Molina, hizo un llamado a los residentes de la regi\u00f3n para que privilegien su ingreso a la regi\u00f3n con una muestra de PCR (-). \u201cFrente a los 02 casos confirmados por COVID-19, y cuyo an\u00e1lisis por el laboratorio del Hospital Regional Coyhaique arrojaron la presencia de SARS-CoV-2 Variante Delta Probable, se adoptaron todas las medidas de resguardo para el control en la propagaci\u00f3n de este virus, se trasladaron a residencia sanitaria 09 personas m\u00e1s como contactos estrechos, quienes est\u00e1n ahora siendo monitoreados en su estado de salud.\u00a0 Ahora, frente a esta situaci\u00f3n, es importante recordar a los residentes locales que cada vez que salgan de la regi\u00f3n se realicen los ex\u00e1menes de PCR o ant\u00edgeno antes de retornar a Ays\u00e9n, esto nos permitir\u00e1 tener un mayor control sobre eventuales casos de COVID-19, con lo cual no solo protegemos a nuestro grupo familiar y amistades, sino que a toda nuestra comunidad.\u00a0 De ah\u00ed que se hace necesario que la ciudadan\u00eda contin\u00fae acudiendo a los puntos de toma de PCR, los cuales tambi\u00e9n estar\u00e1n funcionando durante todas estas fiestas patrias tanto en el Colegio M\u00e9dico, sede Fenats o el Gimnasio Regional en Coyhaique, o los centros de salud pertenecientes a la red asistencial local\u201d.<\/p>\n<p style=\"text-align: justify;\">Actualmente, existen cerca de 267 personas que se encuentran en cuarentena por haber ingresado a la regi\u00f3n sin ex\u00e1menes de PCR o ant\u00edgeno.<\/p>\n<\/div><\/section><\/div><div  style='height:50px' class='hr hr-invisible   avia-builder-el-6  el_after_av_one_full  el_before_av_social_share '><span class='hr-inner ' ><span class='hr-inner-style'><\/span><\/span><\/div><\/p>\n<div  class='av-social-sharing-box  avia-builder-el-7  el_after_av_hr  el_before_av_hr  '><div class='av-share-box'><h5 class='av-share-link-description av-no-toc '>Compartir esta noticia<\/h5><ul class='av-share-box-list noLightbox'><li class='av-share-link av-social-link-facebook' ><a target=\"_blank\" aria-label=\"Compartir en Facebook\" href='https:\/\/www.facebook.com\/sharer.php?u=https:\/\/radiorevelacionfm.cl\/?p=8641&#038;t=Monitorean%202%20casos%20COVID-19%20%28%2B%29%20como%20probables%20de%20variante%20Delta%20en%20la%20regi%C3%B3n' aria-hidden='false' data-av_icon='\ue8f3' data-av_iconfont='entypo-fontello' title='' data-avia-related-tooltip='Compartir en Facebook' rel=\"noopener\"><span class='avia_hidden_link_text'>Compartir en Facebook<\/span><\/a><\/li><li class='av-share-link av-social-link-twitter' ><a target=\"_blank\" aria-label=\"Compartir en Twitter\" href='https:\/\/twitter.com\/share?text=Monitorean%202%20casos%20COVID-19%20%28%2B%29%20como%20probables%20de%20variante%20Delta%20en%20la%20regi%C3%B3n&#038;url=https:\/\/radiorevelacionfm.cl\/?p=8641' aria-hidden='false' data-av_icon='\ue8f1' data-av_iconfont='entypo-fontello' title='' data-avia-related-tooltip='Compartir en Twitter' rel=\"noopener\"><span class='avia_hidden_link_text'>Compartir en Twitter<\/span><\/a><\/li><li class='av-share-link av-social-link-whatsapp' ><a target=\"_blank\" aria-label=\"Compartir en Whatsapp\" href='https:\/\/api.whatsapp.com\/send?text=https:\/\/radiorevelacionfm.cl\/?p=8641' aria-hidden='false' data-av_icon='\uf232' data-av_iconfont='entypo-fontello' title='' data-avia-related-tooltip='Compartir en Whatsapp' rel=\"noopener\"><span class='avia_hidden_link_text'>Compartir en Whatsapp<\/span><\/a><\/li><li class='av-share-link av-social-link-linkedin' ><a target=\"_blank\" aria-label=\"Compartir en LinkedIn\" href='https:\/\/linkedin.com\/shareArticle?mini=true&#038;title=Monitorean%202%20casos%20COVID-19%20%28%2B%29%20como%20probables%20de%20variante%20Delta%20en%20la%20regi%C3%B3n&#038;url=https:\/\/radiorevelacionfm.cl\/?p=8641' aria-hidden='false' data-av_icon='\ue8fc' data-av_iconfont='entypo-fontello' title='' data-avia-related-tooltip='Compartir en LinkedIn' rel=\"noopener\"><span class='avia_hidden_link_text'>Compartir en LinkedIn<\/span><\/a><\/li><li class='av-share-link av-social-link-mail' ><a  aria-label=\"Compartir por correo\" href='mailto:?subject=Monitorean%202%20casos%20COVID-19%20%28%2B%29%20como%20probables%20de%20variante%20Delta%20en%20la%20regi%C3%B3n&#038;body=https:\/\/radiorevelacionfm.cl\/?p=8641' aria-hidden='false' data-av_icon='\ue805' data-av_iconfont='entypo-fontello' title='' data-avia-related-tooltip='Compartir por correo'><span class='avia_hidden_link_text'>Compartir por correo<\/span><\/a><\/li><\/ul><\/div><\/div>\n<div  style='height:50px' class='hr hr-invisible   avia-builder-el-8  el_after_av_social_share  el_before_av_comments_list '><span class='hr-inner ' ><span class='hr-inner-style'><\/span><\/span><\/div>\n<div  class='av-buildercomment  av-blog-meta-html-info-disabled av-blog-meta-tag-disabled  '><\/div>\n","protected":false},"excerpt":{"rendered":"","protected":false},"author":1,"featured_media":8642,"comment_status":"open","ping_status":"open","sticky":false,"template":"","format":"standard","meta":{"footnotes":""},"categories":[46],"tags":[],"class_list":["post-8641","post","type-post","status-publish","format-standard","has-post-thumbnail","hentry","category-salud"],"jetpack_featured_media_url":"https:\/\/radiorevelacionfm.cl\/wp-content\/uploads\/2021\/09\/busqueda-activa1-1-1.jpg","_links":{"self":[{"href":"https:\/\/radiorevelacionfm.cl\/index.php?rest_route=\/wp\/v2\/posts\/8641","targetHints":{"allow":["GET"]}}],"collection":[{"href":"https:\/\/radiorevelacionfm.cl\/index.php?rest_route=\/wp\/v2\/posts"}],"about":[{"href":"https:\/\/radiorevelacionfm.cl\/index.php?rest_route=\/wp\/v2\/types\/post"}],"author":[{"embeddable":true,"href":"https:\/\/radiorevelacionfm.cl\/index.php?rest_route=\/wp\/v2\/users\/1"}],"replies":[{"embeddable":true,"href":"https:\/\/radiorevelacionfm.cl\/index.php?rest_route=%2Fwp%2Fv2%2Fcomments&post=8641"}],"version-history":[{"count":2,"href":"https:\/\/radiorevelacionfm.cl\/index.php?rest_route=\/wp\/v2\/posts\/8641\/revisions"}],"predecessor-version":[{"id":8650,"href":"https:\/\/radiorevelacionfm.cl\/index.php?rest_route=\/wp\/v2\/posts\/8641\/revisions\/8650"}],"wp:featuredmedia":[{"embeddable":true,"href":"https:\/\/radiorevelacionfm.cl\/index.php?rest_route=\/wp\/v2\/media\/8642"}],"wp:attachment":[{"href":"https:\/\/radiorevelacionfm.cl\/index.php?rest_route=%2Fwp%2Fv2%2Fmedia&parent=8641"}],"wp:term":[{"taxonomy":"category","embeddable":true,"href":"https:\/\/radiorevelacionfm.cl\/index.php?rest_route=%2Fwp%2Fv2%2Fcategories&post=8641"},{"taxonomy":"post_tag","embeddable":true,"href":"https:\/\/radiorevelacionfm.cl\/index.php?rest_route=%2Fwp%2Fv2%2Ftags&post=8641"}],"curies":[{"name":"wp","href":"https:\/\/api.w.org\/{rel}","templated":true}]}}