{"id":8638,"date":"2021-09-13T15:18:59","date_gmt":"2021-09-13T18:18:59","guid":{"rendered":"https:\/\/radiorevelacionfm.cl\/?p=8638"},"modified":"2021-09-13T15:18:55","modified_gmt":"2021-09-13T18:18:55","slug":"pabellon-de-cirugias-del-nuevo-hospital-de-cochrane-debuto-en-operativo-medico","status":"publish","type":"post","link":"https:\/\/radiorevelacionfm.cl\/?p=8638","title":{"rendered":"Pabell\u00f3n de cirug\u00edas del nuevo Hospital de Cochrane debut\u00f3 en operativo m\u00e9dico"},"content":{"rendered":"<div class=\"flex_column av_one_full  flex_column_div av-zero-column-padding first  avia-builder-el-0  el_before_av_one_full  avia-builder-el-first  \" style='border-radius:0px; '><div  class='avia-image-container  av-styling-    avia-builder-el-1  avia-builder-el-no-sibling  avia-align-center '  itemprop=\"image\" itemscope=\"itemscope\" itemtype=\"https:\/\/schema.org\/ImageObject\"  ><div class='avia-image-container-inner'><div class='avia-image-overlay-wrap'><img decoding=\"async\" class='wp-image-8639 avia-img-lazy-loading-not-8639 avia_image' src=\"https:\/\/radiorevelacionfm.cl\/wp-content\/uploads\/2021\/09\/Pabellon-de-cirugias-Cochrane1-1-1.jpeg\" alt='' title='Pabell\u00f3n de cirug\u00edas Cochrane1 (1) (1)' height=\"600\" width=\"761\"  itemprop=\"thumbnailUrl\" srcset=\"https:\/\/radiorevelacionfm.cl\/wp-content\/uploads\/2021\/09\/Pabellon-de-cirugias-Cochrane1-1-1.jpeg 761w, https:\/\/radiorevelacionfm.cl\/wp-content\/uploads\/2021\/09\/Pabellon-de-cirugias-Cochrane1-1-1-300x237.jpeg 300w, https:\/\/radiorevelacionfm.cl\/wp-content\/uploads\/2021\/09\/Pabellon-de-cirugias-Cochrane1-1-1-705x556.jpeg 705w, https:\/\/radiorevelacionfm.cl\/wp-content\/uploads\/2021\/09\/Pabellon-de-cirugias-Cochrane1-1-1-600x473.jpeg 600w\" sizes=\"(max-width: 761px) 100vw, 761px\" \/><\/div><\/div><\/div><\/div><div class=\"flex_column av_one_full  flex_column_div av-zero-column-padding first  avia-builder-el-2  el_after_av_one_full  el_before_av_one_full  column-top-margin\" style='border-radius:0px; '><section class=\"av_textblock_section \"  itemscope=\"itemscope\" itemtype=\"https:\/\/schema.org\/BlogPosting\" itemprop=\"blogPost\" ><div class='avia_textblock  '   itemprop=\"text\" ><p style=\"text-align: center;\"><strong><span style=\"font-size: 18pt;\">Pabell\u00f3n de cirug\u00edas del nuevo Hospital de Cochrane debut\u00f3 en operativo m\u00e9dico<\/span><\/strong><\/p>\n<div id=\"gtx-trans\" style=\"position: absolute; left: -50px; top: 4.31534px;\">\n<div class=\"gtx-trans-icon\"><\/div>\n<\/div>\n<\/div><\/section><\/div><div class=\"flex_column av_one_full  flex_column_div av-zero-column-padding first  avia-builder-el-4  el_after_av_one_full  el_before_av_hr  column-top-margin\" style='border-radius:0px; '><section class=\"av_textblock_section \"  itemscope=\"itemscope\" itemtype=\"https:\/\/schema.org\/BlogPosting\" itemprop=\"blogPost\" ><div class='avia_textblock  '   itemprop=\"text\" ><p style=\"text-align: justify;\">Entre los d\u00edas martes 7 y jueves 9 de septiembre, Lorena Paulina Rosas Riquelme, Cirujano Dentista en cuidados especiales y Gabriel Rab\u00ed Cirujano Maxilofacial del Hospital de Puerto Ays\u00e9n, llevaron a cabo, un completo operativo, que entre sus logros estuvo el poder estrenar el pabell\u00f3n quir\u00fargico del nuevo recinto hospitalario de la ciudad del Baker.<\/p>\n<p style=\"text-align: justify;\">La iniciativa tuvo como finalidad dar continuidad a los tratamientos de los usuarios, ante la dificultad en el acceso que tiene la gente de Cochrane para acudir a la atenci\u00f3n secundaria, en Coyhaique y Puerto Ays\u00e9n, seg\u00fan coment\u00f3, Natalia Vera D\u00edaz, Odont\u00f3loga encargada de la Unidad Dental del hospital de Cochrane.<\/p>\n<p style=\"text-align: justify;\">\u201cNuestra intenci\u00f3n durante los \u00faltimos a\u00f1os ha sido traer a los especialistas en nuestro hospital para resolver a nivel local, la demanda; con esto permitimos que la gente pueda definitivamente finalizar sus tratamientos en forma oportuna, con la atenci\u00f3n de especialista en nuestra comuna, evit\u00e1ndose el traslado, el costo, la p\u00e9rdida de d\u00edas de trabajo y faltar al colegio en el caso de los ni\u00f1os. Que se ejecute este operativo, que parta con la odontolog\u00eda y que seamos nosotros quienes inauguremos nuestro pabell\u00f3n, es motivo de alegr\u00eda.<br \/>\nNosotros como equipo estamos super contentos, super comprometidos con nuestros usuarios y ha sido super grato recibir a nuestros colegas que vienen de lejos con ganas de apoyarnos, y adem\u00e1s nos genera m\u00e1s desaf\u00edos y ganas de seguir haciendo m\u00e1s cosas.<\/p>\n<p style=\"text-align: justify;\"><strong>Testimonio de gratitud.<\/strong><\/p>\n<p style=\"text-align: justify;\">Celeste Cea, es madre de Emanuel Vald\u00e9s de 27 a\u00f1os, quien presenta diagn\u00f3stico de Asperger; tras el procedimiento quir\u00fargico cont\u00f3, que fue atendido de gran manera por el equipo cl\u00ednico que le atendi\u00f3.<\/p>\n<p style=\"text-align: justify;\">\u201cComo familia compartimos todo este proceso de Emanuel, de poder en el fondo atender sus muelas del juicio que le estaban dando harto problema, no estaban en la posici\u00f3n normal. Agradecemos al equipo de profesionales que trabaj\u00f3 con \u00e9l, porque tuvieron la consideraci\u00f3n de poder atender la particularidad de lo que significa ser una persona con Asperger y para nosotros eso es sumamente importante, generar redes de apoyo y en este caso, este equipo de profesionales de la salud, fue sumamente competente, Emanuel entr\u00f3 feliz al pabell\u00f3n, pues en una entrevista que se le realiz\u00f3 le preguntaron qu\u00e9 es lo que a \u00e9l le gustaba y respondi\u00f3 que le gustaba cantar y bailar la m\u00fasica de Michael Jackson y lo recibieron con la m\u00fasica de Michael Jackson y una de las profesionales que lo atendi\u00f3, cont\u00f3 que tras la atenci\u00f3n hasta le dieron ganas de bailar \u201c.<\/p>\n<p style=\"text-align: justify;\">Al respecto, Lorena Rosas, Cirujano Dentista en cuidados especiales y quien atendi\u00f3 al Joven Emanuel, indic\u00f3 que, \u201cEn el contexto de la inauguraci\u00f3n del hospital nuevo de Cochrane, que est\u00e1 maravilloso, con el Doctor Rab\u00ed que es el M\u00e9dico Maxilofacial, nos invitaron a sacar algunas listas de espera y atender algunos pacientes que no haya sido posible atender, por lo delicado o espec\u00edfico que es este tipo de atenci\u00f3n y en mi caso el \u00e1rea de los cuidados especiales. Emanuel fue nuestro primer paciente del d\u00eda de hoy, y aqu\u00ed logramos gestionarle al tiro una cirug\u00eda con el doctor Rab\u00ed, as\u00ed es que despu\u00e9s de qu\u00e9 lo atendimos nosotros, lo dejamos listo y en un par de horitas entramos nuevamente a pabell\u00f3n para sacarle su muelita del juicio y que quede listo con todas sus necesidades.<\/p>\n<p style=\"text-align: justify;\">La Odontolog\u00eda que se dedica a los cuidados especiales, se divide en 3 \u00e1reas de atenci\u00f3n: a pacientes con discapacidad de cualquier tipo, a pacientes que necesiten cuidados por su condici\u00f3n m\u00e9dica, esto es para quienes tengan c\u00e1ncer, que est\u00e9n inmune deprimidos, que tengan condiciones card\u00edacas, renales de importancia o dentales y finalmente brinda asistencia a pacientes con fobia.<\/p>\n<p style=\"text-align: justify;\">\u201cEn Chile a\u00fan no es una especialidad reconocida y por ello quienes nos hemos preparado, hemos tenido que salir del pa\u00eds a estudiar o a conocer el \u00e1rea y afortunadamente ac\u00e1 en la regi\u00f3n, hemos podido irla desarrollando de a poquito, espec\u00edficamente en Puerto Ays\u00e9n, desde donde vinimos\u201d, puntualiz\u00f3 Lorena Rozas.<\/p>\n<p style=\"text-align: justify;\">Por su parte, Gabriel Rab\u00ed, Cirujano Maxilofacial del hospital de Puerto Ays\u00e9n, sostuvo que; \u201cPara nosotros es un orgullo, ya es el cuarto operativo maxilofacial desde el 2016, lo ten\u00edamos pendiente de marzo del a\u00f1o pasado, y lo tuvimos que suspender producto de la pandemia y por fin lo pudimos concretar en el hospital nuevo, siendo el primer equipo que ocupa el pabell\u00f3n central. B\u00e1sicamente lo que estamos haciendo es cirug\u00eda oral, permitiendo que estos pacientes que est\u00e1n derivados a la especialidad, no tengan que trasladarse a Coyhaique y puedan resolver su problema de salud con toda la calidad que merecen en su propio hospital\u201d.<\/p>\n<p style=\"text-align: justify;\">Los profesionales del \u00e1rea odontol\u00f3gica realizaron el primer d\u00eda de trabajo, una jornada sobre manejo inicial del trauma facial dirigido a m\u00e9dicos y dentistas, ofrecida por el Doctor Rab\u00ed, mientras que el segundo d\u00eda, la Doctora Rosas brind\u00f3 una charla sobre el manejo en la atenci\u00f3n de salud, con pacientes con necesidades especiales, lo cual busca brindar herramientas a los equipos locales, que permitan mejorar la atenci\u00f3n con sus pacientes.<\/p>\n<\/div><\/section><\/div><div  style='height:50px' class='hr hr-invisible   avia-builder-el-6  el_after_av_one_full  el_before_av_social_share '><span class='hr-inner ' ><span class='hr-inner-style'><\/span><\/span><\/div><\/p>\n<div  class='av-social-sharing-box  avia-builder-el-7  el_after_av_hr  el_before_av_hr  '><div class='av-share-box'><h5 class='av-share-link-description av-no-toc '>Compartir esta noticia<\/h5><ul class='av-share-box-list noLightbox'><li class='av-share-link av-social-link-facebook' ><a target=\"_blank\" aria-label=\"Compartir en Facebook\" href='https:\/\/www.facebook.com\/sharer.php?u=https:\/\/radiorevelacionfm.cl\/?p=8638&#038;t=Pabell%C3%B3n%20de%20cirug%C3%ADas%20del%20nuevo%20Hospital%20de%20Cochrane%20debut%C3%B3%20en%20operativo%20m%C3%A9dico' aria-hidden='false' data-av_icon='\ue8f3' data-av_iconfont='entypo-fontello' title='' data-avia-related-tooltip='Compartir en Facebook' rel=\"noopener\"><span class='avia_hidden_link_text'>Compartir en Facebook<\/span><\/a><\/li><li class='av-share-link av-social-link-twitter' ><a target=\"_blank\" aria-label=\"Compartir en Twitter\" href='https:\/\/twitter.com\/share?text=Pabell%C3%B3n%20de%20cirug%C3%ADas%20del%20nuevo%20Hospital%20de%20Cochrane%20debut%C3%B3%20en%20operativo%20m%C3%A9dico&#038;url=https:\/\/radiorevelacionfm.cl\/?p=8638' aria-hidden='false' data-av_icon='\ue8f1' data-av_iconfont='entypo-fontello' title='' data-avia-related-tooltip='Compartir en Twitter' rel=\"noopener\"><span class='avia_hidden_link_text'>Compartir en Twitter<\/span><\/a><\/li><li class='av-share-link av-social-link-whatsapp' ><a target=\"_blank\" aria-label=\"Compartir en Whatsapp\" href='https:\/\/api.whatsapp.com\/send?text=https:\/\/radiorevelacionfm.cl\/?p=8638' aria-hidden='false' data-av_icon='\uf232' data-av_iconfont='entypo-fontello' title='' data-avia-related-tooltip='Compartir en Whatsapp' rel=\"noopener\"><span class='avia_hidden_link_text'>Compartir en Whatsapp<\/span><\/a><\/li><li class='av-share-link av-social-link-linkedin' ><a target=\"_blank\" aria-label=\"Compartir en LinkedIn\" href='https:\/\/linkedin.com\/shareArticle?mini=true&#038;title=Pabell%C3%B3n%20de%20cirug%C3%ADas%20del%20nuevo%20Hospital%20de%20Cochrane%20debut%C3%B3%20en%20operativo%20m%C3%A9dico&#038;url=https:\/\/radiorevelacionfm.cl\/?p=8638' aria-hidden='false' data-av_icon='\ue8fc' data-av_iconfont='entypo-fontello' title='' data-avia-related-tooltip='Compartir en LinkedIn' rel=\"noopener\"><span class='avia_hidden_link_text'>Compartir en LinkedIn<\/span><\/a><\/li><li class='av-share-link av-social-link-mail' ><a  aria-label=\"Compartir por correo\" href='mailto:?subject=Pabell%C3%B3n%20de%20cirug%C3%ADas%20del%20nuevo%20Hospital%20de%20Cochrane%20debut%C3%B3%20en%20operativo%20m%C3%A9dico&#038;body=https:\/\/radiorevelacionfm.cl\/?p=8638' aria-hidden='false' data-av_icon='\ue805' data-av_iconfont='entypo-fontello' title='' data-avia-related-tooltip='Compartir por correo'><span class='avia_hidden_link_text'>Compartir por correo<\/span><\/a><\/li><\/ul><\/div><\/div>\n<div  style='height:50px' class='hr hr-invisible   avia-builder-el-8  el_after_av_social_share  el_before_av_comments_list '><span class='hr-inner ' ><span class='hr-inner-style'><\/span><\/span><\/div>\n<div  class='av-buildercomment  av-blog-meta-html-info-disabled av-blog-meta-tag-disabled  '><\/div>\n","protected":false},"excerpt":{"rendered":"","protected":false},"author":1,"featured_media":8639,"comment_status":"open","ping_status":"open","sticky":false,"template":"","format":"standard","meta":{"footnotes":""},"categories":[46],"tags":[],"class_list":["post-8638","post","type-post","status-publish","format-standard","has-post-thumbnail","hentry","category-salud"],"jetpack_featured_media_url":"https:\/\/radiorevelacionfm.cl\/wp-content\/uploads\/2021\/09\/Pabellon-de-cirugias-Cochrane1-1-1.jpeg","_links":{"self":[{"href":"https:\/\/radiorevelacionfm.cl\/index.php?rest_route=\/wp\/v2\/posts\/8638","targetHints":{"allow":["GET"]}}],"collection":[{"href":"https:\/\/radiorevelacionfm.cl\/index.php?rest_route=\/wp\/v2\/posts"}],"about":[{"href":"https:\/\/radiorevelacionfm.cl\/index.php?rest_route=\/wp\/v2\/types\/post"}],"author":[{"embeddable":true,"href":"https:\/\/radiorevelacionfm.cl\/index.php?rest_route=\/wp\/v2\/users\/1"}],"replies":[{"embeddable":true,"href":"https:\/\/radiorevelacionfm.cl\/index.php?rest_route=%2Fwp%2Fv2%2Fcomments&post=8638"}],"version-history":[{"count":1,"href":"https:\/\/radiorevelacionfm.cl\/index.php?rest_route=\/wp\/v2\/posts\/8638\/revisions"}],"predecessor-version":[{"id":8640,"href":"https:\/\/radiorevelacionfm.cl\/index.php?rest_route=\/wp\/v2\/posts\/8638\/revisions\/8640"}],"wp:featuredmedia":[{"embeddable":true,"href":"https:\/\/radiorevelacionfm.cl\/index.php?rest_route=\/wp\/v2\/media\/8639"}],"wp:attachment":[{"href":"https:\/\/radiorevelacionfm.cl\/index.php?rest_route=%2Fwp%2Fv2%2Fmedia&parent=8638"}],"wp:term":[{"taxonomy":"category","embeddable":true,"href":"https:\/\/radiorevelacionfm.cl\/index.php?rest_route=%2Fwp%2Fv2%2Fcategories&post=8638"},{"taxonomy":"post_tag","embeddable":true,"href":"https:\/\/radiorevelacionfm.cl\/index.php?rest_route=%2Fwp%2Fv2%2Ftags&post=8638"}],"curies":[{"name":"wp","href":"https:\/\/api.w.org\/{rel}","templated":true}]}}