{"id":8635,"date":"2021-09-13T11:49:54","date_gmt":"2021-09-13T14:49:54","guid":{"rendered":"https:\/\/radiorevelacionfm.cl\/?p=8635"},"modified":"2021-09-13T11:49:54","modified_gmt":"2021-09-13T14:49:54","slug":"diputado-alinco-no-debemos-aceptar-soluciones-parche-la-region-necesita-un-centro-oncologico-de-alto-estandar","status":"publish","type":"post","link":"https:\/\/radiorevelacionfm.cl\/?p=8635","title":{"rendered":"Diputado Alinco: \u201cNo debemos aceptar soluciones parche, la regi\u00f3n necesita un Centro Oncol\u00f3gico de alto est\u00e1ndar\u201d"},"content":{"rendered":"<div class=\"flex_column av_one_full  flex_column_div av-zero-column-padding first  avia-builder-el-0  el_before_av_one_full  avia-builder-el-first  \" style='border-radius:0px; '><div  class='avia-image-container  av-styling-    avia-builder-el-1  avia-builder-el-no-sibling  avia-align-center '  itemprop=\"image\" itemscope=\"itemscope\" itemtype=\"https:\/\/schema.org\/ImageObject\"  ><div class='avia-image-container-inner'><div class='avia-image-overlay-wrap'><img decoding=\"async\" class='wp-image-8636 avia-img-lazy-loading-not-8636 avia_image' src=\"https:\/\/radiorevelacionfm.cl\/wp-content\/uploads\/2021\/09\/Diputado-Alinco-2021-09-12-1-1.jpeg\" alt='' title='Diputado Alinco 2021-09-12 (1) (1)' height=\"600\" width=\"1000\"  itemprop=\"thumbnailUrl\" srcset=\"https:\/\/radiorevelacionfm.cl\/wp-content\/uploads\/2021\/09\/Diputado-Alinco-2021-09-12-1-1.jpeg 1000w, https:\/\/radiorevelacionfm.cl\/wp-content\/uploads\/2021\/09\/Diputado-Alinco-2021-09-12-1-1-300x180.jpeg 300w, https:\/\/radiorevelacionfm.cl\/wp-content\/uploads\/2021\/09\/Diputado-Alinco-2021-09-12-1-1-768x461.jpeg 768w, https:\/\/radiorevelacionfm.cl\/wp-content\/uploads\/2021\/09\/Diputado-Alinco-2021-09-12-1-1-705x423.jpeg 705w, https:\/\/radiorevelacionfm.cl\/wp-content\/uploads\/2021\/09\/Diputado-Alinco-2021-09-12-1-1-600x360.jpeg 600w\" sizes=\"(max-width: 1000px) 100vw, 1000px\" \/><\/div><\/div><\/div><\/div><div class=\"flex_column av_one_full  flex_column_div av-zero-column-padding first  avia-builder-el-2  el_after_av_one_full  el_before_av_one_full  column-top-margin\" style='border-radius:0px; '><section class=\"av_textblock_section \"  itemscope=\"itemscope\" itemtype=\"https:\/\/schema.org\/BlogPosting\" itemprop=\"blogPost\" ><div class='avia_textblock  '   itemprop=\"text\" ><p style=\"text-align: center;\"><strong><span style=\"font-size: 18pt;\">Diputado Alinco: \u201cNo debemos aceptar soluciones parche, la regi\u00f3n necesita un Centro Oncol\u00f3gico de alto est\u00e1ndar\u201d<\/span><\/strong><\/p>\n<div id=\"gtx-trans\" style=\"position: absolute; left: -50px; top: 4.31534px;\">\n<div class=\"gtx-trans-icon\"><\/div>\n<\/div>\n<\/div><\/section><\/div><div class=\"flex_column av_one_full  flex_column_div av-zero-column-padding first  avia-builder-el-4  el_after_av_one_full  el_before_av_hr  column-top-margin\" style='border-radius:0px; '><section class=\"av_textblock_section \"  itemscope=\"itemscope\" itemtype=\"https:\/\/schema.org\/BlogPosting\" itemprop=\"blogPost\" ><div class='avia_textblock  '   itemprop=\"text\" ><p style=\"text-align: justify;\">En la tarde de este domingo se desarroll\u00f3 una reuni\u00f3n ampliada entre la agrupaci\u00f3n Caricias para el Alma, autoridades parlamentarias y la comunidad interesada, pues se toc\u00f3 como tema \u00fanico la lucha por conseguir un Centro Oncol\u00f3gico para la regi\u00f3n de Ays\u00e9n. A la actividad convocada por la organizaci\u00f3n sin fines de lucro asisti\u00f3 el diputado Ren\u00e9 Alinco Bustos, quien en primera instancia lament\u00f3 la falta de compromiso de las autoridades de Salud de la regi\u00f3n, quienes no acudieron a la cita en el polideportivo de la ciudad porte\u00f1a.<\/p>\n<p style=\"text-align: justify;\">En su intervenci\u00f3n, el parlamentario aysenino coment\u00f3 las complicaciones que incluso a nivel familiar ha vivido producto del c\u00e1ncer en la d\u00e9cada del 70, se\u00f1alando que entre esa \u00e9poca y el actual siglo XXI, no hay mucho avance ya que no existe una infraestructura adecuada para el tratamiento contra el c\u00e1ncer, considerando que es la principal causa de muerte en la regi\u00f3n de Ays\u00e9n y a\u00fan hay pacientes que se trasladan a otras ciudades.<\/p>\n<p style=\"text-align: justify;\">Alinco, ante esto se\u00f1al\u00f3 que \u201ceste compromiso de la unidad oncol\u00f3gica pasa por decisiones pol\u00edticas y es por eso que aqu\u00ed los entes pol\u00edticos designados y elegidos tenemos una labor fundamental que ejecutar. Yo no quiero que pase lo que pas\u00f3 ac\u00e1 en Ays\u00e9n con la zona franca, por ejemplo\u2026\u201d, dijo el diputado en referencia a los proyectos que se han anunciado inclusive como promesa presidencial y que no han sido considerados como prioridad a nivel nacional, quedando muchas veces la regi\u00f3n de Ays\u00e9n al final del camino.<\/p>\n<p style=\"text-align: justify;\"><strong>\u201cNada de soluciones parche\u201d<\/strong><\/p>\n<p style=\"text-align: justify;\">Mientras la reuni\u00f3n segu\u00eda su curso, el diputado se comunic\u00f3 v\u00eda whatsapp con el ministro de Salud, Enrique Paris, para consultarle si el Centro Oncol\u00f3gico para Ays\u00e9n est\u00e1 incluido en el presupuesto del pr\u00f3ximo a\u00f1o, \u201c\u2026y me responde el ministro Paris y dice: \u2018El centro oncol\u00f3gico ambulatorio s\u00ed esta incluido y espero que comience a funcionar a fin de a\u00f1o para dejar solo a quimioterapia en el hospital\u2019\u201d, coment\u00f3 el parlamentario seg\u00fan la respuesta del secretario de Estado, ante lo cual Alinco nuevamente consult\u00f3 al ministro, \u201c\u00bfEl centro oncol\u00f3gico definitivo, est\u00e1 incluido en el presupuesto del a\u00f1o 2022?&#8230; y Paris me responde que \u2018el centro definitivo deber\u00eda estar dentro del proyecto del nuevo hospital\u2019\u2026\u201d.<\/p>\n<p style=\"text-align: justify;\">De este modo, el congresista comunic\u00f3 a los asistentes la respuesta del ministro de Salud, por lo que nuevamente se hizo el llamado a las autoridades de Gobierno a \u201cgolpear la mesa\u201d y exigir que se cumpla el compromiso presidencial, el que tambi\u00e9n fue anunciado en Coyhaique en el a\u00f1o 2018, cuando se indic\u00f3 que se iba a avanzar en el dise\u00f1o del mismo centro.<\/p>\n<p style=\"text-align: justify;\">Finalmente, Alinco Bustos felicit\u00f3 la labor loable que est\u00e1 realizando la agrupaci\u00f3n oncol\u00f3gica establecida en la ciudad de Puerto Ays\u00e9n, pero que trabaja por conseguir este centro que beneficiar\u00e1 a todos los habitantes de la regi\u00f3n.<\/p>\n<\/div><\/section><\/div><div  style='height:50px' class='hr hr-invisible   avia-builder-el-6  el_after_av_one_full  el_before_av_social_share '><span class='hr-inner ' ><span class='hr-inner-style'><\/span><\/span><\/div><\/p>\n<div  class='av-social-sharing-box  avia-builder-el-7  el_after_av_hr  el_before_av_hr  '><div class='av-share-box'><h5 class='av-share-link-description av-no-toc '>Compartir esta noticia<\/h5><ul class='av-share-box-list noLightbox'><li class='av-share-link av-social-link-facebook' ><a target=\"_blank\" aria-label=\"Compartir en Facebook\" href='https:\/\/www.facebook.com\/sharer.php?u=https:\/\/radiorevelacionfm.cl\/?p=8635&#038;t=Diputado%20Alinco%3A%20%E2%80%9CNo%20debemos%20aceptar%20soluciones%20parche%2C%20la%20regi%C3%B3n%20necesita%20un%20Centro%20Oncol%C3%B3gico%20de%20alto%20est%C3%A1ndar%E2%80%9D' aria-hidden='false' data-av_icon='\ue8f3' data-av_iconfont='entypo-fontello' title='' data-avia-related-tooltip='Compartir en Facebook' rel=\"noopener\"><span class='avia_hidden_link_text'>Compartir en Facebook<\/span><\/a><\/li><li class='av-share-link av-social-link-twitter' ><a target=\"_blank\" aria-label=\"Compartir en Twitter\" href='https:\/\/twitter.com\/share?text=Diputado%20Alinco%3A%20%E2%80%9CNo%20debemos%20aceptar%20soluciones%20parche%2C%20la%20regi%C3%B3n%20necesita%20un%20Centro%20Oncol%C3%B3gico%20de%20alto%20est%C3%A1ndar%E2%80%9D&#038;url=https:\/\/radiorevelacionfm.cl\/?p=8635' aria-hidden='false' data-av_icon='\ue8f1' data-av_iconfont='entypo-fontello' title='' data-avia-related-tooltip='Compartir en Twitter' rel=\"noopener\"><span class='avia_hidden_link_text'>Compartir en Twitter<\/span><\/a><\/li><li class='av-share-link av-social-link-whatsapp' ><a target=\"_blank\" aria-label=\"Compartir en Whatsapp\" href='https:\/\/api.whatsapp.com\/send?text=https:\/\/radiorevelacionfm.cl\/?p=8635' aria-hidden='false' data-av_icon='\uf232' data-av_iconfont='entypo-fontello' title='' data-avia-related-tooltip='Compartir en Whatsapp' rel=\"noopener\"><span class='avia_hidden_link_text'>Compartir en Whatsapp<\/span><\/a><\/li><li class='av-share-link av-social-link-linkedin' ><a target=\"_blank\" aria-label=\"Compartir en LinkedIn\" href='https:\/\/linkedin.com\/shareArticle?mini=true&#038;title=Diputado%20Alinco%3A%20%E2%80%9CNo%20debemos%20aceptar%20soluciones%20parche%2C%20la%20regi%C3%B3n%20necesita%20un%20Centro%20Oncol%C3%B3gico%20de%20alto%20est%C3%A1ndar%E2%80%9D&#038;url=https:\/\/radiorevelacionfm.cl\/?p=8635' aria-hidden='false' data-av_icon='\ue8fc' data-av_iconfont='entypo-fontello' title='' data-avia-related-tooltip='Compartir en LinkedIn' rel=\"noopener\"><span class='avia_hidden_link_text'>Compartir en LinkedIn<\/span><\/a><\/li><li class='av-share-link av-social-link-mail' ><a  aria-label=\"Compartir por correo\" href='mailto:?subject=Diputado%20Alinco%3A%20%E2%80%9CNo%20debemos%20aceptar%20soluciones%20parche%2C%20la%20regi%C3%B3n%20necesita%20un%20Centro%20Oncol%C3%B3gico%20de%20alto%20est%C3%A1ndar%E2%80%9D&#038;body=https:\/\/radiorevelacionfm.cl\/?p=8635' aria-hidden='false' data-av_icon='\ue805' data-av_iconfont='entypo-fontello' title='' data-avia-related-tooltip='Compartir por correo'><span class='avia_hidden_link_text'>Compartir por correo<\/span><\/a><\/li><\/ul><\/div><\/div>\n<div  style='height:50px' class='hr hr-invisible   avia-builder-el-8  el_after_av_social_share  el_before_av_comments_list '><span class='hr-inner ' ><span class='hr-inner-style'><\/span><\/span><\/div>\n<div  class='av-buildercomment  av-blog-meta-html-info-disabled av-blog-meta-tag-disabled  '><\/div>\n","protected":false},"excerpt":{"rendered":"","protected":false},"author":1,"featured_media":8636,"comment_status":"open","ping_status":"open","sticky":false,"template":"","format":"standard","meta":{"footnotes":""},"categories":[35],"tags":[],"class_list":["post-8635","post","type-post","status-publish","format-standard","has-post-thumbnail","hentry","category-politica"],"jetpack_featured_media_url":"https:\/\/radiorevelacionfm.cl\/wp-content\/uploads\/2021\/09\/Diputado-Alinco-2021-09-12-1-1.jpeg","_links":{"self":[{"href":"https:\/\/radiorevelacionfm.cl\/index.php?rest_route=\/wp\/v2\/posts\/8635","targetHints":{"allow":["GET"]}}],"collection":[{"href":"https:\/\/radiorevelacionfm.cl\/index.php?rest_route=\/wp\/v2\/posts"}],"about":[{"href":"https:\/\/radiorevelacionfm.cl\/index.php?rest_route=\/wp\/v2\/types\/post"}],"author":[{"embeddable":true,"href":"https:\/\/radiorevelacionfm.cl\/index.php?rest_route=\/wp\/v2\/users\/1"}],"replies":[{"embeddable":true,"href":"https:\/\/radiorevelacionfm.cl\/index.php?rest_route=%2Fwp%2Fv2%2Fcomments&post=8635"}],"version-history":[{"count":1,"href":"https:\/\/radiorevelacionfm.cl\/index.php?rest_route=\/wp\/v2\/posts\/8635\/revisions"}],"predecessor-version":[{"id":8637,"href":"https:\/\/radiorevelacionfm.cl\/index.php?rest_route=\/wp\/v2\/posts\/8635\/revisions\/8637"}],"wp:featuredmedia":[{"embeddable":true,"href":"https:\/\/radiorevelacionfm.cl\/index.php?rest_route=\/wp\/v2\/media\/8636"}],"wp:attachment":[{"href":"https:\/\/radiorevelacionfm.cl\/index.php?rest_route=%2Fwp%2Fv2%2Fmedia&parent=8635"}],"wp:term":[{"taxonomy":"category","embeddable":true,"href":"https:\/\/radiorevelacionfm.cl\/index.php?rest_route=%2Fwp%2Fv2%2Fcategories&post=8635"},{"taxonomy":"post_tag","embeddable":true,"href":"https:\/\/radiorevelacionfm.cl\/index.php?rest_route=%2Fwp%2Fv2%2Ftags&post=8635"}],"curies":[{"name":"wp","href":"https:\/\/api.w.org\/{rel}","templated":true}]}}