{"id":8631,"date":"2021-09-13T10:23:26","date_gmt":"2021-09-13T13:23:26","guid":{"rendered":"https:\/\/radiorevelacionfm.cl\/?p=8631"},"modified":"2021-09-13T21:30:49","modified_gmt":"2021-09-14T00:30:49","slug":"memoria-para-una-region-mas-justa","status":"publish","type":"post","link":"https:\/\/radiorevelacionfm.cl\/?p=8631","title":{"rendered":"Andrea Mac\u00edas, Gobernadora Regional: Memoria para una regi\u00f3n m\u00e1s justa"},"content":{"rendered":"<div class=\"flex_column av_one_full  flex_column_div av-zero-column-padding first  avia-builder-el-0  el_before_av_one_full  avia-builder-el-first  \" style='border-radius:0px; '><div  class='avia-image-container  av-styling-    avia-builder-el-1  avia-builder-el-no-sibling  avia-align-center '  itemprop=\"image\" itemscope=\"itemscope\" itemtype=\"https:\/\/schema.org\/ImageObject\"  ><div class='avia-image-container-inner'><div class='avia-image-overlay-wrap'><img decoding=\"async\" class='wp-image-8388 avia-img-lazy-loading-not-8388 avia_image' src=\"https:\/\/radiorevelacionfm.cl\/wp-content\/uploads\/2021\/09\/gobernadora1-1-1.jpg\" alt='' title='gobernadora1 (1) (1)' height=\"600\" width=\"1017\"  itemprop=\"thumbnailUrl\" srcset=\"https:\/\/radiorevelacionfm.cl\/wp-content\/uploads\/2021\/09\/gobernadora1-1-1.jpg 1017w, https:\/\/radiorevelacionfm.cl\/wp-content\/uploads\/2021\/09\/gobernadora1-1-1-300x177.jpg 300w, https:\/\/radiorevelacionfm.cl\/wp-content\/uploads\/2021\/09\/gobernadora1-1-1-768x453.jpg 768w, https:\/\/radiorevelacionfm.cl\/wp-content\/uploads\/2021\/09\/gobernadora1-1-1-705x416.jpg 705w, https:\/\/radiorevelacionfm.cl\/wp-content\/uploads\/2021\/09\/gobernadora1-1-1-600x354.jpg 600w\" sizes=\"(max-width: 1017px) 100vw, 1017px\" \/><\/div><\/div><\/div><\/div>\n<div class=\"flex_column av_one_full  flex_column_div av-zero-column-padding first  avia-builder-el-2  el_after_av_one_full  el_before_av_one_full  column-top-margin\" style='border-radius:0px; '><section class=\"av_textblock_section \"  itemscope=\"itemscope\" itemtype=\"https:\/\/schema.org\/BlogPosting\" itemprop=\"blogPost\" ><div class='avia_textblock  '   itemprop=\"text\" ><p style=\"text-align: center;\"><strong><span style=\"font-size: 18pt;\">Andrea Mac\u00edas, Gobernadora Regional: Memoria para una regi\u00f3n m\u00e1s justa<\/span><\/strong><\/p>\n<div id=\"gtx-trans\" style=\"position: absolute; left: -50px; top: 4.31534px;\">\n<div class=\"gtx-trans-icon\"><\/div>\n<\/div>\n<\/div><\/section><\/div>\n<div class=\"flex_column av_one_full  flex_column_div av-zero-column-padding first  avia-builder-el-4  el_after_av_one_full  el_before_av_hr  column-top-margin\" style='border-radius:0px; '><section class=\"av_textblock_section \"  itemscope=\"itemscope\" itemtype=\"https:\/\/schema.org\/BlogPosting\" itemprop=\"blogPost\" ><div class='avia_textblock  '   itemprop=\"text\" ><p style=\"text-align: justify;\">Hace 48 a\u00f1os nuestro pa\u00eds ve\u00eda como su historia cambiaba para siempre. Desde el momento en que el proceso democr\u00e1tico se interrumpe con el Golpe de Estado al Gobierno del Presidente Salvador Allende, los colores de nuestra historia comenzaron a oscurecer con un duro per\u00edodo que termin\u00f3 con una dictadura implacable de 17 a\u00f1os.<\/p>\n<p style=\"text-align: justify;\">Los sue\u00f1os de hombres y mujeres de esfuerzo, de j\u00f3venes, ni\u00f1os, ni\u00f1as, profesionales y trabajadores\/as se vieron cruelmente interrumpidos por un terrorismo de estado que persigui\u00f3, asesin\u00f3 e hizo desaparecer a miles de compatriotas.<\/p>\n<p style=\"text-align: justify;\">Por esa historia, que est\u00e1 grabada en la piel de muchos y muchas, es el compromiso por una democracia plena y robusta. Valorar el proceso de la Unidad Popular como un proyecto in\u00e9dito y vanguardista, tambi\u00e9n se vuelve presente, especialmente cuando por primera vez en nuestra historia republicana, se inicia un proceso constituyente democr\u00e1tico y paritario.<\/p>\n<p style=\"text-align: justify;\">Cuando estamos atravesando tiempos convulsionados en que las disputas electorales se toman el debate p\u00fablico y la crisis de \u00e9tica en los nuevos\/as representantes nos deja con algunos tragos amargos, creemos que la buena pol\u00edtica debe reivindicar, por sobre todo, procesos colectivos apegados a las necesidades de sus habitantes.<\/p>\n<p style=\"text-align: justify;\">Por eso, como autoridades regionales electas por primera vez, tenemos la responsabilidad de hacer que esa historia que nos marca, no se olvide y que el combustible hist\u00f3rico de nuestra memoria motive nuestro accionar, para hacer de nuestra regi\u00f3n de Ays\u00e9n una m\u00e1s justa, democr\u00e1tica e igualitaria para todos\/as sus habitantes.<\/p>\n<p style=\"text-align: justify;\">Hacer que nuestro territorio se piense desde sus necesidades, que se vuelva m\u00e1s justo entre quienes tienen m\u00e1s y quienes menos, que el aprovechamiento de nuestros recursos naturales se haga con sentido y responsabilidad, que el reconocimiento de los derechos de los pueblos originarios y de las mujeres sea efectivo, es nuestro imperativo moral.<\/p>\n<p style=\"text-align: justify;\">Estamos listas para que las pr\u00f3ximas decisiones que en nuestra regi\u00f3n se tomen vayan en ese camino y que la memoria de todo lo pasado no s\u00f3lo vuelva en estas fechas, sino que el ejemplo de dignidad inclaudicable de los chilenos\/as y Ayseninos\/as que lucharon por la restituci\u00f3n de la democracia, sea el carne en esta nueva etapa. Con todas, todos y todes.<\/p>\n<p style=\"text-align: justify;\">Andrea Mac\u00edas Palma, Gobernadora Regional de Ays\u00e9n<\/p>\n<\/div><\/section><\/div><div  style='height:50px' class='hr hr-invisible   avia-builder-el-6  el_after_av_one_full  el_before_av_social_share '><span class='hr-inner ' ><span class='hr-inner-style'><\/span><\/span><\/div><\/p>\n<div  class='av-social-sharing-box  avia-builder-el-7  el_after_av_hr  el_before_av_hr  '><div class='av-share-box'><h5 class='av-share-link-description av-no-toc '>Compartir esta noticia<\/h5><ul class='av-share-box-list noLightbox'><li class='av-share-link av-social-link-facebook' ><a target=\"_blank\" aria-label=\"Compartir en Facebook\" href='https:\/\/www.facebook.com\/sharer.php?u=https:\/\/radiorevelacionfm.cl\/?p=8631&#038;t=Andrea%20Mac%C3%ADas%2C%20Gobernadora%20Regional%3A%20Memoria%20para%20una%20regi%C3%B3n%20m%C3%A1s%20justa' aria-hidden='false' data-av_icon='\ue8f3' data-av_iconfont='entypo-fontello' title='' data-avia-related-tooltip='Compartir en Facebook' rel=\"noopener\"><span class='avia_hidden_link_text'>Compartir en Facebook<\/span><\/a><\/li><li class='av-share-link av-social-link-twitter' ><a target=\"_blank\" aria-label=\"Compartir en Twitter\" href='https:\/\/twitter.com\/share?text=Andrea%20Mac%C3%ADas%2C%20Gobernadora%20Regional%3A%20Memoria%20para%20una%20regi%C3%B3n%20m%C3%A1s%20justa&#038;url=https:\/\/radiorevelacionfm.cl\/?p=8631' aria-hidden='false' data-av_icon='\ue8f1' data-av_iconfont='entypo-fontello' title='' data-avia-related-tooltip='Compartir en Twitter' rel=\"noopener\"><span class='avia_hidden_link_text'>Compartir en Twitter<\/span><\/a><\/li><li class='av-share-link av-social-link-whatsapp' ><a target=\"_blank\" aria-label=\"Compartir en Whatsapp\" href='https:\/\/api.whatsapp.com\/send?text=https:\/\/radiorevelacionfm.cl\/?p=8631' aria-hidden='false' data-av_icon='\uf232' data-av_iconfont='entypo-fontello' title='' data-avia-related-tooltip='Compartir en Whatsapp' rel=\"noopener\"><span class='avia_hidden_link_text'>Compartir en Whatsapp<\/span><\/a><\/li><li class='av-share-link av-social-link-linkedin' ><a target=\"_blank\" aria-label=\"Compartir en LinkedIn\" href='https:\/\/linkedin.com\/shareArticle?mini=true&#038;title=Andrea%20Mac%C3%ADas%2C%20Gobernadora%20Regional%3A%20Memoria%20para%20una%20regi%C3%B3n%20m%C3%A1s%20justa&#038;url=https:\/\/radiorevelacionfm.cl\/?p=8631' aria-hidden='false' data-av_icon='\ue8fc' data-av_iconfont='entypo-fontello' title='' data-avia-related-tooltip='Compartir en LinkedIn' rel=\"noopener\"><span class='avia_hidden_link_text'>Compartir en LinkedIn<\/span><\/a><\/li><li class='av-share-link av-social-link-mail' ><a  aria-label=\"Compartir por correo\" href='mailto:?subject=Andrea%20Mac%C3%ADas%2C%20Gobernadora%20Regional%3A%20Memoria%20para%20una%20regi%C3%B3n%20m%C3%A1s%20justa&#038;body=https:\/\/radiorevelacionfm.cl\/?p=8631' aria-hidden='false' data-av_icon='\ue805' data-av_iconfont='entypo-fontello' title='' data-avia-related-tooltip='Compartir por correo'><span class='avia_hidden_link_text'>Compartir por correo<\/span><\/a><\/li><\/ul><\/div><\/div>\n<div  style='height:50px' class='hr hr-invisible   avia-builder-el-8  el_after_av_social_share  el_before_av_comments_list '><span class='hr-inner ' ><span class='hr-inner-style'><\/span><\/span><\/div>\n<div  class='av-buildercomment  av-blog-meta-html-info-disabled av-blog-meta-tag-disabled  '><\/div>\n","protected":false},"excerpt":{"rendered":"","protected":false},"author":1,"featured_media":8388,"comment_status":"open","ping_status":"open","sticky":false,"template":"","format":"standard","meta":{"footnotes":""},"categories":[38],"tags":[],"class_list":["post-8631","post","type-post","status-publish","format-standard","has-post-thumbnail","hentry","category-regional"],"jetpack_featured_media_url":"https:\/\/radiorevelacionfm.cl\/wp-content\/uploads\/2021\/09\/gobernadora1-1-1.jpg","_links":{"self":[{"href":"https:\/\/radiorevelacionfm.cl\/index.php?rest_route=\/wp\/v2\/posts\/8631","targetHints":{"allow":["GET"]}}],"collection":[{"href":"https:\/\/radiorevelacionfm.cl\/index.php?rest_route=\/wp\/v2\/posts"}],"about":[{"href":"https:\/\/radiorevelacionfm.cl\/index.php?rest_route=\/wp\/v2\/types\/post"}],"author":[{"embeddable":true,"href":"https:\/\/radiorevelacionfm.cl\/index.php?rest_route=\/wp\/v2\/users\/1"}],"replies":[{"embeddable":true,"href":"https:\/\/radiorevelacionfm.cl\/index.php?rest_route=%2Fwp%2Fv2%2Fcomments&post=8631"}],"version-history":[{"count":4,"href":"https:\/\/radiorevelacionfm.cl\/index.php?rest_route=\/wp\/v2\/posts\/8631\/revisions"}],"predecessor-version":[{"id":8672,"href":"https:\/\/radiorevelacionfm.cl\/index.php?rest_route=\/wp\/v2\/posts\/8631\/revisions\/8672"}],"wp:featuredmedia":[{"embeddable":true,"href":"https:\/\/radiorevelacionfm.cl\/index.php?rest_route=\/wp\/v2\/media\/8388"}],"wp:attachment":[{"href":"https:\/\/radiorevelacionfm.cl\/index.php?rest_route=%2Fwp%2Fv2%2Fmedia&parent=8631"}],"wp:term":[{"taxonomy":"category","embeddable":true,"href":"https:\/\/radiorevelacionfm.cl\/index.php?rest_route=%2Fwp%2Fv2%2Fcategories&post=8631"},{"taxonomy":"post_tag","embeddable":true,"href":"https:\/\/radiorevelacionfm.cl\/index.php?rest_route=%2Fwp%2Fv2%2Ftags&post=8631"}],"curies":[{"name":"wp","href":"https:\/\/api.w.org\/{rel}","templated":true}]}}