{"id":8614,"date":"2021-09-12T17:42:49","date_gmt":"2021-09-12T20:42:49","guid":{"rendered":"https:\/\/radiorevelacionfm.cl\/?p=8614"},"modified":"2021-09-12T17:42:49","modified_gmt":"2021-09-12T20:42:49","slug":"pdi-incauta-en-puerto-montt-vehiculo-denunciado-por-contrabando-en-aysen","status":"publish","type":"post","link":"https:\/\/radiorevelacionfm.cl\/?p=8614","title":{"rendered":"PDI incauta en Puerto Montt veh\u00edculo denunciado por contrabando en Ays\u00e9n"},"content":{"rendered":"<div class=\"flex_column av_one_full  flex_column_div av-zero-column-padding first  avia-builder-el-0  el_before_av_one_full  avia-builder-el-first  \" style='border-radius:0px; '><div  class='avia-image-container  av-styling-    avia-builder-el-1  avia-builder-el-no-sibling  avia-align-center '  itemprop=\"image\" itemscope=\"itemscope\" itemtype=\"https:\/\/schema.org\/ImageObject\"  ><div class='avia-image-container-inner'><div class='avia-image-overlay-wrap'><img decoding=\"async\" class='wp-image-8615 avia-img-lazy-loading-not-8615 avia_image' src=\"https:\/\/radiorevelacionfm.cl\/wp-content\/uploads\/2021\/09\/Recuperacion-vehiculo-contrabando-en-Puerto-Montt-BICRIM-Aysen-001-1-1.jpeg\" alt='' title='Recuperaci\u00f3n veh\u00edculo contrabando en Puerto Montt - BICRIM Ays\u00e9n 001 (1) (1)' height=\"600\" width=\"1301\"  itemprop=\"thumbnailUrl\" srcset=\"https:\/\/radiorevelacionfm.cl\/wp-content\/uploads\/2021\/09\/Recuperacion-vehiculo-contrabando-en-Puerto-Montt-BICRIM-Aysen-001-1-1.jpeg 1301w, https:\/\/radiorevelacionfm.cl\/wp-content\/uploads\/2021\/09\/Recuperacion-vehiculo-contrabando-en-Puerto-Montt-BICRIM-Aysen-001-1-1-300x138.jpeg 300w, https:\/\/radiorevelacionfm.cl\/wp-content\/uploads\/2021\/09\/Recuperacion-vehiculo-contrabando-en-Puerto-Montt-BICRIM-Aysen-001-1-1-1030x475.jpeg 1030w, https:\/\/radiorevelacionfm.cl\/wp-content\/uploads\/2021\/09\/Recuperacion-vehiculo-contrabando-en-Puerto-Montt-BICRIM-Aysen-001-1-1-768x354.jpeg 768w, https:\/\/radiorevelacionfm.cl\/wp-content\/uploads\/2021\/09\/Recuperacion-vehiculo-contrabando-en-Puerto-Montt-BICRIM-Aysen-001-1-1-705x325.jpeg 705w, https:\/\/radiorevelacionfm.cl\/wp-content\/uploads\/2021\/09\/Recuperacion-vehiculo-contrabando-en-Puerto-Montt-BICRIM-Aysen-001-1-1-600x277.jpeg 600w\" sizes=\"(max-width: 1301px) 100vw, 1301px\" \/><\/div><\/div><\/div><\/div><div class=\"flex_column av_one_full  flex_column_div av-zero-column-padding first  avia-builder-el-2  el_after_av_one_full  el_before_av_one_full  column-top-margin\" style='border-radius:0px; '><section class=\"av_textblock_section \"  itemscope=\"itemscope\" itemtype=\"https:\/\/schema.org\/BlogPosting\" itemprop=\"blogPost\" ><div class='avia_textblock  '   itemprop=\"text\" ><p style=\"text-align: center;\"><strong><span style=\"font-size: 18pt;\">PDI incauta en Puerto Montt veh\u00edculo denunciado por contrabando en Ays\u00e9n<\/span><\/strong><\/p>\n<div id=\"gtx-trans\" style=\"position: absolute; left: -50px; top: 4.31534px;\">\n<div class=\"gtx-trans-icon\"><\/div>\n<\/div>\n<\/div><\/section><\/div><div class=\"flex_column av_one_full  flex_column_div av-zero-column-padding first  avia-builder-el-4  el_after_av_one_full  el_before_av_hr  column-top-margin\" style='border-radius:0px; '><section class=\"av_textblock_section \"  itemscope=\"itemscope\" itemtype=\"https:\/\/schema.org\/BlogPosting\" itemprop=\"blogPost\" ><div class='avia_textblock  '   itemprop=\"text\" ><p style=\"text-align: justify;\">Durante la semana reci\u00e9n pasada, en un trabajo coordinado entre el Ministerio P\u00fablico, Polic\u00eda de Investigaciones y Servicio Nacional de Aduanas, detectives de la Brigada de Investigaci\u00f3n Criminal (BICRIM) Ays\u00e9n recuperaron en Puerto Montt un veh\u00edculo que hab\u00eda sido denunciado por contrabando e infracci\u00f3n a la Ordenanza de Aduanas al hacer mal uso de la franquicia.<\/p>\n<p style=\"text-align: justify;\">Al respecto, el jefe de la Brigada de Investigaci\u00f3n Criminal Ays\u00e9n, subprefecto Eduardo Charpentier, se\u00f1al\u00f3 que \u201cdetectives de la Brigada de Investigaci\u00f3n Criminal Ays\u00e9n en el marco de una investigaci\u00f3n por el delito de contrabando e infracci\u00f3n a la Ordenanza de Aduanas en su art\u00edculo 268, emanada de la Fiscal\u00eda Local de Puerto Ays\u00e9n, luego de diversas diligencias investigativas establecieron que el veh\u00edculo materia de la presente investigaci\u00f3n hab\u00eda sido trasladado desde la regi\u00f3n de Ays\u00e9n a la regi\u00f3n de Los Lagos sin haber realizado los tr\u00e1mites pertinentes para que pudiese circular fuera de la zona franca\u201d.<\/p>\n<p style=\"text-align: justify;\">Gracias a un trabajo de an\u00e1lisis criminal, inteligencia operativa y coordinaci\u00f3n interinstitucional, \u201cse ubic\u00f3 el veh\u00edculo que se encontraba en poder del imputado en la ciudad de Puerto Montt, procediendo en conjunto con el personal del Servicio Nacional de Aduanas a la incautaci\u00f3n del veh\u00edculo y traslado de este hasta las dependencias de dicha instituci\u00f3n\u201d, agreg\u00f3 el subprefecto Charpentier.<\/p>\n<p style=\"text-align: justify;\">Sobre las infracciones cometidas en este caso, el jefe de la BICRIM Ays\u00e9n indic\u00f3 que \u201ces importante que la comunidad tenga conocimiento que las personas que cometen estas acciones infringen el art\u00edculo 21 del estatuto automotriz, as\u00ed como tambi\u00e9n el art\u00edculo 168 inciso 2\u00ba de la Ordenanza de aduanas del a\u00f1o 2005\u201d, enfatizando que \u201cse pueden exponer a multas que van de uno a cinco veces el valor de la mercanc\u00eda\u201d.<\/p>\n<p style=\"text-align: justify;\">Finalmente, el subprefecto Eduardo Charpentier indic\u00f3 que \u201ces importante conocer que las personas que deseen trasladar veh\u00edculos desde la regi\u00f3n de Ays\u00e9n o regiones de zona franca a otras regiones, deben realizar el tr\u00e1mite respectivo en el Servicio Nacional de Aduanas con la finalidad de evitar las infracciones a las normativas antes mencionadas y cometer el delito de contrabando\u201d.<\/p>\n<\/div><\/section><\/div><div  style='height:50px' class='hr hr-invisible   avia-builder-el-6  el_after_av_one_full  el_before_av_social_share '><span class='hr-inner ' ><span class='hr-inner-style'><\/span><\/span><\/div><\/p>\n<div  class='av-social-sharing-box  avia-builder-el-7  el_after_av_hr  el_before_av_hr  '><div class='av-share-box'><h5 class='av-share-link-description av-no-toc '>Compartir esta noticia<\/h5><ul class='av-share-box-list noLightbox'><li class='av-share-link av-social-link-facebook' ><a target=\"_blank\" aria-label=\"Compartir en Facebook\" href='https:\/\/www.facebook.com\/sharer.php?u=https:\/\/radiorevelacionfm.cl\/?p=8614&#038;t=PDI%20incauta%20en%20Puerto%20Montt%20veh%C3%ADculo%20denunciado%20por%20contrabando%20en%20Ays%C3%A9n' aria-hidden='false' data-av_icon='\ue8f3' data-av_iconfont='entypo-fontello' title='' data-avia-related-tooltip='Compartir en Facebook' rel=\"noopener\"><span class='avia_hidden_link_text'>Compartir en Facebook<\/span><\/a><\/li><li class='av-share-link av-social-link-twitter' ><a target=\"_blank\" aria-label=\"Compartir en Twitter\" href='https:\/\/twitter.com\/share?text=PDI%20incauta%20en%20Puerto%20Montt%20veh%C3%ADculo%20denunciado%20por%20contrabando%20en%20Ays%C3%A9n&#038;url=https:\/\/radiorevelacionfm.cl\/?p=8614' aria-hidden='false' data-av_icon='\ue8f1' data-av_iconfont='entypo-fontello' title='' data-avia-related-tooltip='Compartir en Twitter' rel=\"noopener\"><span class='avia_hidden_link_text'>Compartir en Twitter<\/span><\/a><\/li><li class='av-share-link av-social-link-whatsapp' ><a target=\"_blank\" aria-label=\"Compartir en Whatsapp\" href='https:\/\/api.whatsapp.com\/send?text=https:\/\/radiorevelacionfm.cl\/?p=8614' aria-hidden='false' data-av_icon='\uf232' data-av_iconfont='entypo-fontello' title='' data-avia-related-tooltip='Compartir en Whatsapp' rel=\"noopener\"><span class='avia_hidden_link_text'>Compartir en Whatsapp<\/span><\/a><\/li><li class='av-share-link av-social-link-linkedin' ><a target=\"_blank\" aria-label=\"Compartir en LinkedIn\" href='https:\/\/linkedin.com\/shareArticle?mini=true&#038;title=PDI%20incauta%20en%20Puerto%20Montt%20veh%C3%ADculo%20denunciado%20por%20contrabando%20en%20Ays%C3%A9n&#038;url=https:\/\/radiorevelacionfm.cl\/?p=8614' aria-hidden='false' data-av_icon='\ue8fc' data-av_iconfont='entypo-fontello' title='' data-avia-related-tooltip='Compartir en LinkedIn' rel=\"noopener\"><span class='avia_hidden_link_text'>Compartir en LinkedIn<\/span><\/a><\/li><li class='av-share-link av-social-link-mail' ><a  aria-label=\"Compartir por correo\" href='mailto:?subject=PDI%20incauta%20en%20Puerto%20Montt%20veh%C3%ADculo%20denunciado%20por%20contrabando%20en%20Ays%C3%A9n&#038;body=https:\/\/radiorevelacionfm.cl\/?p=8614' aria-hidden='false' data-av_icon='\ue805' data-av_iconfont='entypo-fontello' title='' data-avia-related-tooltip='Compartir por correo'><span class='avia_hidden_link_text'>Compartir por correo<\/span><\/a><\/li><\/ul><\/div><\/div>\n<div  style='height:50px' class='hr hr-invisible   avia-builder-el-8  el_after_av_social_share  el_before_av_comments_list '><span class='hr-inner ' ><span class='hr-inner-style'><\/span><\/span><\/div>\n<div  class='av-buildercomment  av-blog-meta-html-info-disabled av-blog-meta-tag-disabled  '><\/div>\n","protected":false},"excerpt":{"rendered":"","protected":false},"author":1,"featured_media":8615,"comment_status":"open","ping_status":"open","sticky":false,"template":"","format":"standard","meta":{"footnotes":""},"categories":[36],"tags":[],"class_list":["post-8614","post","type-post","status-publish","format-standard","has-post-thumbnail","hentry","category-policial"],"jetpack_featured_media_url":"https:\/\/radiorevelacionfm.cl\/wp-content\/uploads\/2021\/09\/Recuperacion-vehiculo-contrabando-en-Puerto-Montt-BICRIM-Aysen-001-1-1.jpeg","_links":{"self":[{"href":"https:\/\/radiorevelacionfm.cl\/index.php?rest_route=\/wp\/v2\/posts\/8614","targetHints":{"allow":["GET"]}}],"collection":[{"href":"https:\/\/radiorevelacionfm.cl\/index.php?rest_route=\/wp\/v2\/posts"}],"about":[{"href":"https:\/\/radiorevelacionfm.cl\/index.php?rest_route=\/wp\/v2\/types\/post"}],"author":[{"embeddable":true,"href":"https:\/\/radiorevelacionfm.cl\/index.php?rest_route=\/wp\/v2\/users\/1"}],"replies":[{"embeddable":true,"href":"https:\/\/radiorevelacionfm.cl\/index.php?rest_route=%2Fwp%2Fv2%2Fcomments&post=8614"}],"version-history":[{"count":1,"href":"https:\/\/radiorevelacionfm.cl\/index.php?rest_route=\/wp\/v2\/posts\/8614\/revisions"}],"predecessor-version":[{"id":8616,"href":"https:\/\/radiorevelacionfm.cl\/index.php?rest_route=\/wp\/v2\/posts\/8614\/revisions\/8616"}],"wp:featuredmedia":[{"embeddable":true,"href":"https:\/\/radiorevelacionfm.cl\/index.php?rest_route=\/wp\/v2\/media\/8615"}],"wp:attachment":[{"href":"https:\/\/radiorevelacionfm.cl\/index.php?rest_route=%2Fwp%2Fv2%2Fmedia&parent=8614"}],"wp:term":[{"taxonomy":"category","embeddable":true,"href":"https:\/\/radiorevelacionfm.cl\/index.php?rest_route=%2Fwp%2Fv2%2Fcategories&post=8614"},{"taxonomy":"post_tag","embeddable":true,"href":"https:\/\/radiorevelacionfm.cl\/index.php?rest_route=%2Fwp%2Fv2%2Ftags&post=8614"}],"curies":[{"name":"wp","href":"https:\/\/api.w.org\/{rel}","templated":true}]}}