{"id":8604,"date":"2021-09-11T12:58:39","date_gmt":"2021-09-11T15:58:39","guid":{"rendered":"https:\/\/radiorevelacionfm.cl\/?p=8604"},"modified":"2021-09-11T12:58:39","modified_gmt":"2021-09-11T15:58:39","slug":"realizan-lanzamiento-de-campana-de-seguridad-vial-2021-elultimocarrete","status":"publish","type":"post","link":"https:\/\/radiorevelacionfm.cl\/?p=8604","title":{"rendered":"Realizan lanzamiento de Campa\u00f1a de Seguridad Vial 2021 #EL\u00daLTIMOCARRETE"},"content":{"rendered":"<div class=\"flex_column av_one_full  flex_column_div av-zero-column-padding first  avia-builder-el-0  el_before_av_one_full  avia-builder-el-first  \" style='border-radius:0px; '><div  class='avia-image-container  av-styling-    avia-builder-el-1  avia-builder-el-no-sibling  avia-align-center '  itemprop=\"image\" itemscope=\"itemscope\" itemtype=\"https:\/\/schema.org\/ImageObject\"  ><div class='avia-image-container-inner'><div class='avia-image-overlay-wrap'><img decoding=\"async\" class='wp-image-8605 avia-img-lazy-loading-not-8605 avia_image' src=\"https:\/\/radiorevelacionfm.cl\/wp-content\/uploads\/2021\/09\/Lanzamiento-Campana-1-1.jpeg\" alt='' title='Lanzamiento Campa\u00f1a 1 (1)' height=\"600\" width=\"800\"  itemprop=\"thumbnailUrl\" srcset=\"https:\/\/radiorevelacionfm.cl\/wp-content\/uploads\/2021\/09\/Lanzamiento-Campana-1-1.jpeg 800w, https:\/\/radiorevelacionfm.cl\/wp-content\/uploads\/2021\/09\/Lanzamiento-Campana-1-1-300x225.jpeg 300w, https:\/\/radiorevelacionfm.cl\/wp-content\/uploads\/2021\/09\/Lanzamiento-Campana-1-1-768x576.jpeg 768w, https:\/\/radiorevelacionfm.cl\/wp-content\/uploads\/2021\/09\/Lanzamiento-Campana-1-1-705x529.jpeg 705w, https:\/\/radiorevelacionfm.cl\/wp-content\/uploads\/2021\/09\/Lanzamiento-Campana-1-1-600x450.jpeg 600w\" sizes=\"(max-width: 800px) 100vw, 800px\" \/><\/div><\/div><\/div><\/div><div class=\"flex_column av_one_full  flex_column_div av-zero-column-padding first  avia-builder-el-2  el_after_av_one_full  el_before_av_one_full  column-top-margin\" style='border-radius:0px; '><section class=\"av_textblock_section \"  itemscope=\"itemscope\" itemtype=\"https:\/\/schema.org\/BlogPosting\" itemprop=\"blogPost\" ><div class='avia_textblock  '   itemprop=\"text\" ><p style=\"text-align: center;\"><strong><span style=\"font-size: 18pt;\">Realizan lanzamiento de Campa\u00f1a de Seguridad Vial 2021 #EL\u00daLTIMOCARRETE<\/span><\/strong><\/p>\n<div id=\"gtx-trans\" style=\"position: absolute; left: -50px; top: 4.31534px;\">\n<div class=\"gtx-trans-icon\"><\/div>\n<\/div>\n<\/div><\/section><\/div><div class=\"flex_column av_one_full  flex_column_div av-zero-column-padding first  avia-builder-el-4  el_after_av_one_full  el_before_av_hr  column-top-margin\" style='border-radius:0px; '><section class=\"av_textblock_section \"  itemscope=\"itemscope\" itemtype=\"https:\/\/schema.org\/BlogPosting\" itemprop=\"blogPost\" ><div class='avia_textblock  '   itemprop=\"text\" ><p style=\"text-align: justify;\">El medio d\u00eda de este viernes 10, en las oficinas regionales de SENDA Ays\u00e9n el CORESET de la regi\u00f3n de Ays\u00e9n realiz\u00f3 el lanzamiento de la campa\u00f1a #EL\u00daLTIMOCARRETE, Campa\u00f1a de Seguridad Vial 2021 en marco del plan Nacional #18SEGURO, organizado por el Gobierno de Chile para el mes de septiembre.<\/p>\n<p style=\"text-align: justify;\">La instancia fue liderada por SENDA Ays\u00e9n, sin perjuicio que en la misma participaron en forma activa Carabineros de Chile representados por el Prefecto de Ays\u00e9n de Carabineros de Chile, Coronel Pino, el Ministerio de Transportes y Telecomunicaciones, ONEMI, Subsecretar\u00eda de Prevenci\u00f3n del Delito y se cont\u00f3 con la presencia de la Concejala Yohana Hern\u00e1ndez, en representaci\u00f3n de la Ilustre Municipalidad de Coyhaique.<\/p>\n<p style=\"text-align: justify;\">En la ocasi\u00f3n se dio a conocer a la prensa las caracter\u00edsticas, el \u00e9nfasis y la idea fuerza de la campa\u00f1a, como as\u00ed mismo se proyect\u00f3 el spot o video que incorpora la campa\u00f1a y que ser\u00e1 distribuido a todos los medios de comunicaci\u00f3n para que, a trav\u00e9s de sus medios audiovisuales puedan compartirlos de cara a la comunidad.<\/p>\n<p style=\"text-align: justify;\">Consultado el Seremi de Transporte y Telecomunicaciones Fabi\u00e1n Rojas, sobre el particular se\u00f1al\u00f3: \u201cJunto a Senda, se ha difundido una nueva campa\u00f1a en vista de las pr\u00f3ximas fiestas patrias, una mala decisi\u00f3n puede destruir tu vida. El video nos muestra esta acci\u00f3n de amigos, de una pareja en donde producto del consumo del alcohol y las drogas, cambia dram\u00e1ticamente la historia de vida de esas personas. Ese es el llamado que estamos haciendo en Fiestas Patrias, en estos d\u00edas de festividad. Celebremos con responsabilidad pero sin el uso de drogas en la conducci\u00f3n, ni tampoco bajo el estado de ebriedad o bajo la influencia del alcohol. Est\u00e1 comprobado cient\u00edficamente, que el uso de estas sustancias, ya sea drogas o alcohol, disminuyen la capacidad de reacci\u00f3n que tiene un conductor antes la acci\u00f3n de peligro por lo tanto el llamado es a respetarnos entre todos, en esta regi\u00f3n que es tan hermosa, en donde todos nos conocemos, respet\u00e9monos y cuid\u00e9monos los unos con los otros.\u201d<\/p>\n<p style=\"text-align: justify;\">Claramente el \u00e9nfasis este a\u00f1o est\u00e1 puesto en quien toma la mala decisi\u00f3n de consumir alcohol u otra droga y de ponerse tras el volante; el \u00e9nfasis est\u00e1 en quien ocasiona el siniestro producto de la ingesta de alcohol u otra droga y de ah\u00ed el contenido del video de la campa\u00f1a y el nombre de la misma, \u201cEl \u00faltimo carrete\u201d, \u00bfde qui\u00e9n?, en el caso del spot, de los integrantes del veh\u00edculo y del mismo conductor que maneja habiendo consumido alcohol.<\/p>\n<p style=\"text-align: justify;\">Annie Katherine Hunter; Directora de SENDA Ays\u00e9n, comparti\u00f3 con los presentes el llamado fuerte y claro para la comunidad Aisenina \u201ca ser responsables y conscientes de que el consumo de alcohol o de otra droga no es compatible con la conducci\u00f3n de veh\u00edculos y que una mala decisi\u00f3n puede significar la p\u00e9rdida de vidas como ya ocurri\u00f3 el 2020 en Puerto Ays\u00e9n, por lo tanto no olvidar que la tolerancia es cero con el alcohol y drogas al volante\u201d.<\/p>\n<p style=\"text-align: justify;\">En forma permanente SENDA Ays\u00e9n y Carabineros de Chile trabaja en informar a cada familia de la Regi\u00f3n de Ays\u00e9n, el mensaje preventivo dirigido a los conductores, recalcando que la consigna es de tolerancia cero al alcohol y a las drogas al volante y previo a las festividades patrias el trabajo y el llamado preventivo se refuerza, para tener festividades sin eventos que lamentar.<\/p>\n<\/div><\/section><\/div><div  style='height:50px' class='hr hr-invisible   avia-builder-el-6  el_after_av_one_full  el_before_av_social_share '><span class='hr-inner ' ><span class='hr-inner-style'><\/span><\/span><\/div><\/p>\n<div  class='av-social-sharing-box  avia-builder-el-7  el_after_av_hr  el_before_av_hr  '><div class='av-share-box'><h5 class='av-share-link-description av-no-toc '>Compartir esta noticia<\/h5><ul class='av-share-box-list noLightbox'><li class='av-share-link av-social-link-facebook' ><a target=\"_blank\" aria-label=\"Compartir en Facebook\" href='https:\/\/www.facebook.com\/sharer.php?u=https:\/\/radiorevelacionfm.cl\/?p=8604&#038;t=Realizan%20lanzamiento%20de%20Campa%C3%B1a%20de%20Seguridad%20Vial%202021%20%23EL%C3%9ALTIMOCARRETE' aria-hidden='false' data-av_icon='\ue8f3' data-av_iconfont='entypo-fontello' title='' data-avia-related-tooltip='Compartir en Facebook' rel=\"noopener\"><span class='avia_hidden_link_text'>Compartir en Facebook<\/span><\/a><\/li><li class='av-share-link av-social-link-twitter' ><a target=\"_blank\" aria-label=\"Compartir en Twitter\" href='https:\/\/twitter.com\/share?text=Realizan%20lanzamiento%20de%20Campa%C3%B1a%20de%20Seguridad%20Vial%202021%20%23EL%C3%9ALTIMOCARRETE&#038;url=https:\/\/radiorevelacionfm.cl\/?p=8604' aria-hidden='false' data-av_icon='\ue8f1' data-av_iconfont='entypo-fontello' title='' data-avia-related-tooltip='Compartir en Twitter' rel=\"noopener\"><span class='avia_hidden_link_text'>Compartir en Twitter<\/span><\/a><\/li><li class='av-share-link av-social-link-whatsapp' ><a target=\"_blank\" aria-label=\"Compartir en Whatsapp\" href='https:\/\/api.whatsapp.com\/send?text=https:\/\/radiorevelacionfm.cl\/?p=8604' aria-hidden='false' data-av_icon='\uf232' data-av_iconfont='entypo-fontello' title='' data-avia-related-tooltip='Compartir en Whatsapp' rel=\"noopener\"><span class='avia_hidden_link_text'>Compartir en Whatsapp<\/span><\/a><\/li><li class='av-share-link av-social-link-linkedin' ><a target=\"_blank\" aria-label=\"Compartir en LinkedIn\" href='https:\/\/linkedin.com\/shareArticle?mini=true&#038;title=Realizan%20lanzamiento%20de%20Campa%C3%B1a%20de%20Seguridad%20Vial%202021%20%23EL%C3%9ALTIMOCARRETE&#038;url=https:\/\/radiorevelacionfm.cl\/?p=8604' aria-hidden='false' data-av_icon='\ue8fc' data-av_iconfont='entypo-fontello' title='' data-avia-related-tooltip='Compartir en LinkedIn' rel=\"noopener\"><span class='avia_hidden_link_text'>Compartir en LinkedIn<\/span><\/a><\/li><li class='av-share-link av-social-link-mail' ><a  aria-label=\"Compartir por correo\" href='mailto:?subject=Realizan%20lanzamiento%20de%20Campa%C3%B1a%20de%20Seguridad%20Vial%202021%20%23EL%C3%9ALTIMOCARRETE&#038;body=https:\/\/radiorevelacionfm.cl\/?p=8604' aria-hidden='false' data-av_icon='\ue805' data-av_iconfont='entypo-fontello' title='' data-avia-related-tooltip='Compartir por correo'><span class='avia_hidden_link_text'>Compartir por correo<\/span><\/a><\/li><\/ul><\/div><\/div>\n<div  style='height:50px' class='hr hr-invisible   avia-builder-el-8  el_after_av_social_share  el_before_av_comments_list '><span class='hr-inner ' ><span class='hr-inner-style'><\/span><\/span><\/div>\n<div  class='av-buildercomment  av-blog-meta-html-info-disabled av-blog-meta-tag-disabled  '><\/div>\n","protected":false},"excerpt":{"rendered":"","protected":false},"author":1,"featured_media":8605,"comment_status":"open","ping_status":"open","sticky":false,"template":"","format":"standard","meta":{"footnotes":""},"categories":[38],"tags":[],"class_list":["post-8604","post","type-post","status-publish","format-standard","has-post-thumbnail","hentry","category-regional"],"jetpack_featured_media_url":"https:\/\/radiorevelacionfm.cl\/wp-content\/uploads\/2021\/09\/Lanzamiento-Campana-1-1.jpeg","_links":{"self":[{"href":"https:\/\/radiorevelacionfm.cl\/index.php?rest_route=\/wp\/v2\/posts\/8604","targetHints":{"allow":["GET"]}}],"collection":[{"href":"https:\/\/radiorevelacionfm.cl\/index.php?rest_route=\/wp\/v2\/posts"}],"about":[{"href":"https:\/\/radiorevelacionfm.cl\/index.php?rest_route=\/wp\/v2\/types\/post"}],"author":[{"embeddable":true,"href":"https:\/\/radiorevelacionfm.cl\/index.php?rest_route=\/wp\/v2\/users\/1"}],"replies":[{"embeddable":true,"href":"https:\/\/radiorevelacionfm.cl\/index.php?rest_route=%2Fwp%2Fv2%2Fcomments&post=8604"}],"version-history":[{"count":1,"href":"https:\/\/radiorevelacionfm.cl\/index.php?rest_route=\/wp\/v2\/posts\/8604\/revisions"}],"predecessor-version":[{"id":8606,"href":"https:\/\/radiorevelacionfm.cl\/index.php?rest_route=\/wp\/v2\/posts\/8604\/revisions\/8606"}],"wp:featuredmedia":[{"embeddable":true,"href":"https:\/\/radiorevelacionfm.cl\/index.php?rest_route=\/wp\/v2\/media\/8605"}],"wp:attachment":[{"href":"https:\/\/radiorevelacionfm.cl\/index.php?rest_route=%2Fwp%2Fv2%2Fmedia&parent=8604"}],"wp:term":[{"taxonomy":"category","embeddable":true,"href":"https:\/\/radiorevelacionfm.cl\/index.php?rest_route=%2Fwp%2Fv2%2Fcategories&post=8604"},{"taxonomy":"post_tag","embeddable":true,"href":"https:\/\/radiorevelacionfm.cl\/index.php?rest_route=%2Fwp%2Fv2%2Ftags&post=8604"}],"curies":[{"name":"wp","href":"https:\/\/api.w.org\/{rel}","templated":true}]}}