{"id":8601,"date":"2021-09-10T19:40:16","date_gmt":"2021-09-10T22:40:16","guid":{"rendered":"https:\/\/radiorevelacionfm.cl\/?p=8601"},"modified":"2021-09-10T19:40:16","modified_gmt":"2021-09-10T22:40:16","slug":"rene-alinco-hay-medios-que-intentan-incluir-mi-nombre-dentro-de-una-lista-de-parlamentarios-que-pretende-rechazar-el-proyecto-del-4to-retiro","status":"publish","type":"post","link":"https:\/\/radiorevelacionfm.cl\/?p=8601","title":{"rendered":"Ren\u00e9 Alinco: \u00abHay medios que intentan incluir mi nombre dentro de una lista de parlamentarios que pretende rechazar el proyecto del 4to retiro\u00bb"},"content":{"rendered":"<div class=\"flex_column av_one_full  flex_column_div av-zero-column-padding first  avia-builder-el-0  el_before_av_one_full  avia-builder-el-first  \" style='border-radius:0px; '><div  class='avia-image-container  av-styling-    avia-builder-el-1  avia-builder-el-no-sibling  avia-align-center '  itemprop=\"image\" itemscope=\"itemscope\" itemtype=\"https:\/\/schema.org\/ImageObject\"  ><div class='avia-image-container-inner'><div class='avia-image-overlay-wrap'><img decoding=\"async\" class='wp-image-8602 avia-img-lazy-loading-not-8602 avia_image' src=\"https:\/\/radiorevelacionfm.cl\/wp-content\/uploads\/2021\/09\/diputado-1-1.jpg\" alt='' title='diputado (1) (1)' height=\"600\" width=\"900\"  itemprop=\"thumbnailUrl\" srcset=\"https:\/\/radiorevelacionfm.cl\/wp-content\/uploads\/2021\/09\/diputado-1-1.jpg 900w, https:\/\/radiorevelacionfm.cl\/wp-content\/uploads\/2021\/09\/diputado-1-1-300x200.jpg 300w, https:\/\/radiorevelacionfm.cl\/wp-content\/uploads\/2021\/09\/diputado-1-1-768x512.jpg 768w, https:\/\/radiorevelacionfm.cl\/wp-content\/uploads\/2021\/09\/diputado-1-1-705x470.jpg 705w, https:\/\/radiorevelacionfm.cl\/wp-content\/uploads\/2021\/09\/diputado-1-1-600x400.jpg 600w\" sizes=\"(max-width: 900px) 100vw, 900px\" \/><\/div><\/div><\/div><\/div><div class=\"flex_column av_one_full  flex_column_div av-zero-column-padding first  avia-builder-el-2  el_after_av_one_full  el_before_av_one_full  column-top-margin\" style='border-radius:0px; '><section class=\"av_textblock_section \"  itemscope=\"itemscope\" itemtype=\"https:\/\/schema.org\/BlogPosting\" itemprop=\"blogPost\" ><div class='avia_textblock  '   itemprop=\"text\" ><p style=\"text-align: center;\"><strong><span style=\"font-size: 18pt;\">Ren\u00e9 Alinco: \u00abHay medios que intentan incluir mi nombre dentro de una lista de parlamentarios que pretende rechazar el proyecto del 4to retiro\u00bb<\/span><\/strong><\/p>\n<div id=\"gtx-trans\" style=\"position: absolute; left: -50px; top: 4.31534px;\">\n<div class=\"gtx-trans-icon\"><\/div>\n<\/div>\n<\/div><\/section><\/div><div class=\"flex_column av_one_full  flex_column_div av-zero-column-padding first  avia-builder-el-4  el_after_av_one_full  el_before_av_hr  column-top-margin\" style='border-radius:0px; '><section class=\"av_textblock_section \"  itemscope=\"itemscope\" itemtype=\"https:\/\/schema.org\/BlogPosting\" itemprop=\"blogPost\" ><div class='avia_textblock  '   itemprop=\"text\" ><p style=\"text-align: justify;\">Esta tarde el Diputado Alinco sali\u00f3 a aclarar informaci\u00f3n que circula en algunos medios a trav\u00e9s de una declaraci\u00f3n p\u00fablica, se\u00f1al\u00f3:<\/p>\n<p style=\"text-align: justify;\">Fui autor del primer, segundo y tercer proyecto que promovieron retiros del 10% de las AFP, incluyendo a rentas vitalicias en este \u00faltimo; cuando muchos pensaban que estas eran medidas imposibles de ejecutarse en nuestro pa\u00eds. En este cuarto retiro, he presentado indicaciones y he manifestado mi compromiso de apoyar y votar a favor, firme junto al pueblo, de eso no cabe duda alguna&#8230;<\/p>\n<p style=\"text-align: justify;\">Hay medios de comunicaci\u00f3n que, sin consultarme, intentan incluir mi nombre dentro de una lista de parlamentarios que pretende rechazar el proyecto del cuarto retiro. Ante esto, quiero comunicar desde ahora que mi voto ser\u00e1 A FAVOR, as\u00ed tambi\u00e9n, aclarar que en la votaci\u00f3n del tercer retiro no pude aparecer en pantalla por fallas de conectividad -no deben olvidar que estaba en Coyhaique, donde la se\u00f1al muchas veces es inestable-, sin embargo, mi voto s\u00ed fue consignado en acta, lo cual ha sido corroborado por el secretario de la mesa, el se\u00f1or Miguel Landeros.<\/p>\n<p style=\"text-align: justify;\">Por lo tanto, invito a los respetables periodistas de los distintos medios de comunicaci\u00f3n a contactarse conmigo directamente cuando deseen obtener una opini\u00f3n m\u00eda y no dejarse llevar por lo que otros parlamentarios asuman, creando conjeturas que solo confunden a quienes me dieron su voto de confianza.<\/p>\n<p style=\"text-align: justify;\">Ren\u00e9 Alinco Bustos siempre estar\u00e1 junto a los trabajadores de la regi\u00f3n de Ays\u00e9n y de todo el pa\u00eds&#8230;<\/p>\n<p style=\"text-align: justify;\">\u00a1Firme junto al pueblo!<\/p>\n<p style=\"text-align: justify;\">\u00a1Cuarto retiro sin letra chica!<\/p>\n<\/div><\/section><\/div><div  style='height:50px' class='hr hr-invisible   avia-builder-el-6  el_after_av_one_full  el_before_av_social_share '><span class='hr-inner ' ><span class='hr-inner-style'><\/span><\/span><\/div><\/p>\n<div  class='av-social-sharing-box  avia-builder-el-7  el_after_av_hr  el_before_av_hr  '><div class='av-share-box'><h5 class='av-share-link-description av-no-toc '>Compartir esta noticia<\/h5><ul class='av-share-box-list noLightbox'><li class='av-share-link av-social-link-facebook' ><a target=\"_blank\" aria-label=\"Compartir en Facebook\" href='https:\/\/www.facebook.com\/sharer.php?u=https:\/\/radiorevelacionfm.cl\/?p=8601&#038;t=Ren%C3%A9%20Alinco%3A%20%C2%ABHay%20medios%20que%20intentan%20incluir%20mi%20nombre%20dentro%20de%20una%20lista%20de%20parlamentarios%20que%20pretende%20rechazar%20el%20proyecto%20del%204to%20retiro%C2%BB' aria-hidden='false' data-av_icon='\ue8f3' data-av_iconfont='entypo-fontello' title='' data-avia-related-tooltip='Compartir en Facebook' rel=\"noopener\"><span class='avia_hidden_link_text'>Compartir en Facebook<\/span><\/a><\/li><li class='av-share-link av-social-link-twitter' ><a target=\"_blank\" aria-label=\"Compartir en Twitter\" href='https:\/\/twitter.com\/share?text=Ren%C3%A9%20Alinco%3A%20%C2%ABHay%20medios%20que%20intentan%20incluir%20mi%20nombre%20dentro%20de%20una%20lista%20de%20parlamentarios%20que%20pretende%20rechazar%20el%20proyecto%20del%204to%20retiro%C2%BB&#038;url=https:\/\/radiorevelacionfm.cl\/?p=8601' aria-hidden='false' data-av_icon='\ue8f1' data-av_iconfont='entypo-fontello' title='' data-avia-related-tooltip='Compartir en Twitter' rel=\"noopener\"><span class='avia_hidden_link_text'>Compartir en Twitter<\/span><\/a><\/li><li class='av-share-link av-social-link-whatsapp' ><a target=\"_blank\" aria-label=\"Compartir en Whatsapp\" href='https:\/\/api.whatsapp.com\/send?text=https:\/\/radiorevelacionfm.cl\/?p=8601' aria-hidden='false' data-av_icon='\uf232' data-av_iconfont='entypo-fontello' title='' data-avia-related-tooltip='Compartir en Whatsapp' rel=\"noopener\"><span class='avia_hidden_link_text'>Compartir en Whatsapp<\/span><\/a><\/li><li class='av-share-link av-social-link-linkedin' ><a target=\"_blank\" aria-label=\"Compartir en LinkedIn\" href='https:\/\/linkedin.com\/shareArticle?mini=true&#038;title=Ren%C3%A9%20Alinco%3A%20%C2%ABHay%20medios%20que%20intentan%20incluir%20mi%20nombre%20dentro%20de%20una%20lista%20de%20parlamentarios%20que%20pretende%20rechazar%20el%20proyecto%20del%204to%20retiro%C2%BB&#038;url=https:\/\/radiorevelacionfm.cl\/?p=8601' aria-hidden='false' data-av_icon='\ue8fc' data-av_iconfont='entypo-fontello' title='' data-avia-related-tooltip='Compartir en LinkedIn' rel=\"noopener\"><span class='avia_hidden_link_text'>Compartir en LinkedIn<\/span><\/a><\/li><li class='av-share-link av-social-link-mail' ><a  aria-label=\"Compartir por correo\" href='mailto:?subject=Ren%C3%A9%20Alinco%3A%20%C2%ABHay%20medios%20que%20intentan%20incluir%20mi%20nombre%20dentro%20de%20una%20lista%20de%20parlamentarios%20que%20pretende%20rechazar%20el%20proyecto%20del%204to%20retiro%C2%BB&#038;body=https:\/\/radiorevelacionfm.cl\/?p=8601' aria-hidden='false' data-av_icon='\ue805' data-av_iconfont='entypo-fontello' title='' data-avia-related-tooltip='Compartir por correo'><span class='avia_hidden_link_text'>Compartir por correo<\/span><\/a><\/li><\/ul><\/div><\/div>\n<div  style='height:50px' class='hr hr-invisible   avia-builder-el-8  el_after_av_social_share  el_before_av_comments_list '><span class='hr-inner ' ><span class='hr-inner-style'><\/span><\/span><\/div>\n<div  class='av-buildercomment  av-blog-meta-html-info-disabled av-blog-meta-tag-disabled  '><\/div>\n","protected":false},"excerpt":{"rendered":"","protected":false},"author":1,"featured_media":8602,"comment_status":"open","ping_status":"open","sticky":false,"template":"","format":"standard","meta":{"footnotes":""},"categories":[35],"tags":[],"class_list":["post-8601","post","type-post","status-publish","format-standard","has-post-thumbnail","hentry","category-politica"],"jetpack_featured_media_url":"https:\/\/radiorevelacionfm.cl\/wp-content\/uploads\/2021\/09\/diputado-1-1.jpg","_links":{"self":[{"href":"https:\/\/radiorevelacionfm.cl\/index.php?rest_route=\/wp\/v2\/posts\/8601","targetHints":{"allow":["GET"]}}],"collection":[{"href":"https:\/\/radiorevelacionfm.cl\/index.php?rest_route=\/wp\/v2\/posts"}],"about":[{"href":"https:\/\/radiorevelacionfm.cl\/index.php?rest_route=\/wp\/v2\/types\/post"}],"author":[{"embeddable":true,"href":"https:\/\/radiorevelacionfm.cl\/index.php?rest_route=\/wp\/v2\/users\/1"}],"replies":[{"embeddable":true,"href":"https:\/\/radiorevelacionfm.cl\/index.php?rest_route=%2Fwp%2Fv2%2Fcomments&post=8601"}],"version-history":[{"count":1,"href":"https:\/\/radiorevelacionfm.cl\/index.php?rest_route=\/wp\/v2\/posts\/8601\/revisions"}],"predecessor-version":[{"id":8603,"href":"https:\/\/radiorevelacionfm.cl\/index.php?rest_route=\/wp\/v2\/posts\/8601\/revisions\/8603"}],"wp:featuredmedia":[{"embeddable":true,"href":"https:\/\/radiorevelacionfm.cl\/index.php?rest_route=\/wp\/v2\/media\/8602"}],"wp:attachment":[{"href":"https:\/\/radiorevelacionfm.cl\/index.php?rest_route=%2Fwp%2Fv2%2Fmedia&parent=8601"}],"wp:term":[{"taxonomy":"category","embeddable":true,"href":"https:\/\/radiorevelacionfm.cl\/index.php?rest_route=%2Fwp%2Fv2%2Fcategories&post=8601"},{"taxonomy":"post_tag","embeddable":true,"href":"https:\/\/radiorevelacionfm.cl\/index.php?rest_route=%2Fwp%2Fv2%2Ftags&post=8601"}],"curies":[{"name":"wp","href":"https:\/\/api.w.org\/{rel}","templated":true}]}}