{"id":8598,"date":"2021-09-12T19:03:01","date_gmt":"2021-09-12T22:03:01","guid":{"rendered":"https:\/\/radiorevelacionfm.cl\/?p=8598"},"modified":"2021-09-12T19:03:01","modified_gmt":"2021-09-12T22:03:01","slug":"casi-1-000-emprendedoras-participaron-en-exitoso-ciclo-de-charlas-para-fortalecer-sus-negocios","status":"publish","type":"post","link":"https:\/\/radiorevelacionfm.cl\/?p=8598","title":{"rendered":"Casi 1.000 emprendedoras participaron en exitoso ciclo de charlas para fortalecer sus negocios"},"content":{"rendered":"<div class=\"flex_column av_one_full  flex_column_div av-zero-column-padding first  avia-builder-el-0  el_before_av_one_full  avia-builder-el-first  \" style='border-radius:0px; '><div  class='avia-image-container  av-styling-    avia-builder-el-1  avia-builder-el-no-sibling  avia-align-center '  itemprop=\"image\" itemscope=\"itemscope\" itemtype=\"https:\/\/schema.org\/ImageObject\"  ><div class='avia-image-container-inner'><div class='avia-image-overlay-wrap'><img decoding=\"async\" class='wp-image-8599 avia-img-lazy-loading-not-8599 avia_image' src=\"https:\/\/radiorevelacionfm.cl\/wp-content\/uploads\/2021\/09\/Sernameg-1-1-1.jpg\" alt='' title='Sernameg 1 (1) (1)' height=\"600\" width=\"800\"  itemprop=\"thumbnailUrl\" srcset=\"https:\/\/radiorevelacionfm.cl\/wp-content\/uploads\/2021\/09\/Sernameg-1-1-1.jpg 800w, https:\/\/radiorevelacionfm.cl\/wp-content\/uploads\/2021\/09\/Sernameg-1-1-1-300x225.jpg 300w, https:\/\/radiorevelacionfm.cl\/wp-content\/uploads\/2021\/09\/Sernameg-1-1-1-768x576.jpg 768w, https:\/\/radiorevelacionfm.cl\/wp-content\/uploads\/2021\/09\/Sernameg-1-1-1-705x529.jpg 705w, https:\/\/radiorevelacionfm.cl\/wp-content\/uploads\/2021\/09\/Sernameg-1-1-1-600x450.jpg 600w\" sizes=\"(max-width: 800px) 100vw, 800px\" \/><\/div><\/div><\/div><\/div><div class=\"flex_column av_one_full  flex_column_div av-zero-column-padding first  avia-builder-el-2  el_after_av_one_full  el_before_av_one_full  column-top-margin\" style='border-radius:0px; '><section class=\"av_textblock_section \"  itemscope=\"itemscope\" itemtype=\"https:\/\/schema.org\/BlogPosting\" itemprop=\"blogPost\" ><div class='avia_textblock  '   itemprop=\"text\" ><p style=\"font-weight: 400; text-align: center;\"><span style=\"font-size: 18pt;\"><strong>Casi 1.000 emprendedoras participaron en <\/strong><strong>exitoso ciclo de charlas para fortalecer sus negocios<\/strong><\/span><\/p>\n<div id=\"gtx-trans\" style=\"position: absolute; left: -50px; top: 4.31534px;\">\n<div class=\"gtx-trans-icon\"><\/div>\n<\/div>\n<\/div><\/section><\/div><div class=\"flex_column av_one_full  flex_column_div av-zero-column-padding first  avia-builder-el-4  el_after_av_one_full  el_before_av_hr  column-top-margin\" style='border-radius:0px; '><section class=\"av_textblock_section \"  itemscope=\"itemscope\" itemtype=\"https:\/\/schema.org\/BlogPosting\" itemprop=\"blogPost\" ><div class='avia_textblock  '   itemprop=\"text\" ><p style=\"font-weight: 400; text-align: justify;\">La recuperaci\u00f3n econ\u00f3mica del pa\u00eds est\u00e1 en marcha y los emprendimientos se han transformado en una pieza clave para reimpulsar la fuerza laboral femenina, la cual ha sido afectada por la pandemia del covid-19.<\/p>\n<p style=\"font-weight: 400; text-align: justify;\">Es por eso que, el Servicio Nacional de la Mujer y la Equidad de G\u00e9nero (SernamEG), a trav\u00e9s de su programa Mujer Emprende, en coordinaci\u00f3n con\u00a0CreceMujer\u00a0de BancoEstado, llevaron adelante por cuarto a\u00f1o consecutivo el ciclo de charlas\u00a0#QueNoTeFaltenLikes,\u00a0con el objetivo de potenciar los emprendimientos femeninos del pa\u00eds.<\/p>\n<p style=\"font-weight: 400; text-align: justify;\">Los encuentros se realizaron a trav\u00e9s de la plataforma Facebook Live los d\u00edas 05, 12 y 19 de agosto, donde se abordaron las siguientes tem\u00e1ticas: Mujeres, Emprendimiento y Redes Sociales; Fotograf\u00eda y Packaging para tu Emprendimiento; y Post Venta y Fidelizaci\u00f3n.<\/p>\n<p style=\"font-weight: 400; text-align: justify;\">\u201cNos alegra mucho la alta convocatoria que hemos logrado con estos talleres, ya que junto al SernamEG, buscamos que las emprendedoras puedan aumentar sus ventas, para lo cual les entregamos m\u00e1s conocimientos digitales, herramientas concretas para que incorporen en las distintas etapas de comercializaci\u00f3n de sus productos y tambi\u00e9n capacitaci\u00f3n sobre calidad de servicio\u201d,\u00a0se\u00f1al\u00f3 Marialy Mu\u00f1oz, Gerenta Comercial de BancoEstado Microemprensas.<\/p>\n<p style=\"font-weight: 400; text-align: justify;\">Cada una de las charlas fue liderada por emprendedoras y por expertas en las tem\u00e1ticas expuestas, acercando los contenidos a la realidad de las emprendedoras, entreg\u00e1ndoles consejos relevantes y de f\u00e1cil aplicaci\u00f3n, adem\u00e1s de responder a las dudas que las participantes pudieran tener. En total, la iniciativa lleg\u00f3 a 914 mujeres a nivel nacional.<\/p>\n<p style=\"font-weight: 400; text-align: justify;\">\u201cEs fundamental para SernamEG trabajar en la disminuci\u00f3n de las diversas brechas a las que nos enfrentamos las mujeres y, sin duda, la brecha digital es una barrera importante que han tenido que sobrellevar las emprendedoras. Como instituci\u00f3n, relevamos la entregar capacitaci\u00f3n en herramientas digitales de uso pr\u00e1ctico y que les ayuden a posicionar y visibilizar su negocio en las redes sociales, incrementando de esta manera sus ventas. Esta alianza colaborativa con CreceMujer de Banco Estado nos impulsa a continuar trabajando en fortalecer la autonom\u00eda econ\u00f3mica de las emprendedoras del pa\u00eds\u201d,\u00a0afirm\u00f3 la jefa (s) de Mujer y Trabajo del SernamEG, Elizabeth Matta Guzm\u00e1n.<\/p>\n<p style=\"font-weight: 400; text-align: justify;\">Esta alianza virtuosa entre dos instituciones estatales se viene desarrollando desde 2017 y en total ha capacitado a m\u00e1s de 3.500 mujeres de todos los rincones del pa\u00eds.<\/p>\n<p style=\"font-weight: 400; text-align: justify;\">El formato a distancia de esta capacitaci\u00f3n le permiti\u00f3 a Viviana Barrientos Maza participar desde Co\u00f1aripe, regi\u00f3n de Los R\u00edos, lugar donde reside y tiene su emprendimiento de productos gastron\u00f3micos caseros (@elarrayan45).\u00a0\u201cFue un curso muy did\u00e1ctico, entretenido y provechoso. Lo que m\u00e1s me gust\u00f3 a m\u00ed es que nos ense\u00f1aron c\u00f3mo sacar buenas fotograf\u00edas, con un programa muy f\u00e1cil de usar, con el objetivo de publicar im\u00e1genes mucho m\u00e1s atractivas de nuestros productos, y as\u00ed incrementar nuestras ventas\u201d.<\/p>\n<p style=\"font-weight: 400; text-align: justify;\">Por su parte, Carmen Gloria Gonz\u00e1les Salinas, emprendedora que vende recuerdos de matrimonios y accesorios para las novias y novios (@creacionesbanron), agradeci\u00f3 la oportunidad de capacitarse ya que\u00a0\u201ctodo lo que aprendimos fue llevado a la pr\u00e1ctica mientras se realizaban las clases, entonces eso fue muy bueno para que todas pudi\u00e9ramos ir aprendiendo a nuestro ritmo. Porque no todas tenemos la misma edad y capacidades de entender r\u00e1pidamente. Nos ense\u00f1aron c\u00f3mo mejorar nuestros negocios para que sean m\u00e1s competitivos\u201d.<\/p>\n<p style=\"font-weight: 400; text-align: justify;\">Para mayor informaci\u00f3n sobre c\u00f3mo participar en pr\u00f3ximas capacitaciones, te invitamos ingresar al sitio\u00a0<a href=\"http:\/\/sernameg.gob.cl\/\" data-saferedirecturl=\"https:\/\/www.google.com\/url?q=http:\/\/sernameg.gob.cl&amp;source=gmail&amp;ust=1631394096443000&amp;usg=AFQjCNEYKexgVJFU-zHosd1sb17k0rtBcw\">sernameg.gob.cl<\/a>.<\/p>\n<\/div><\/section><\/div><div  style='height:50px' class='hr hr-invisible   avia-builder-el-6  el_after_av_one_full  el_before_av_social_share '><span class='hr-inner ' ><span class='hr-inner-style'><\/span><\/span><\/div><\/p>\n<div  class='av-social-sharing-box  avia-builder-el-7  el_after_av_hr  el_before_av_hr  '><div class='av-share-box'><h5 class='av-share-link-description av-no-toc '>Compartir esta noticia<\/h5><ul class='av-share-box-list noLightbox'><li class='av-share-link av-social-link-facebook' ><a target=\"_blank\" aria-label=\"Compartir en Facebook\" href='https:\/\/www.facebook.com\/sharer.php?u=https:\/\/radiorevelacionfm.cl\/?p=8598&#038;t=Casi%201.000%20emprendedoras%20participaron%20en%20exitoso%20ciclo%20de%20charlas%20para%20fortalecer%20sus%20negocios' aria-hidden='false' data-av_icon='\ue8f3' data-av_iconfont='entypo-fontello' title='' data-avia-related-tooltip='Compartir en Facebook' rel=\"noopener\"><span class='avia_hidden_link_text'>Compartir en Facebook<\/span><\/a><\/li><li class='av-share-link av-social-link-twitter' ><a target=\"_blank\" aria-label=\"Compartir en Twitter\" href='https:\/\/twitter.com\/share?text=Casi%201.000%20emprendedoras%20participaron%20en%20exitoso%20ciclo%20de%20charlas%20para%20fortalecer%20sus%20negocios&#038;url=https:\/\/radiorevelacionfm.cl\/?p=8598' aria-hidden='false' data-av_icon='\ue8f1' data-av_iconfont='entypo-fontello' title='' data-avia-related-tooltip='Compartir en Twitter' rel=\"noopener\"><span class='avia_hidden_link_text'>Compartir en Twitter<\/span><\/a><\/li><li class='av-share-link av-social-link-whatsapp' ><a target=\"_blank\" aria-label=\"Compartir en Whatsapp\" href='https:\/\/api.whatsapp.com\/send?text=https:\/\/radiorevelacionfm.cl\/?p=8598' aria-hidden='false' data-av_icon='\uf232' data-av_iconfont='entypo-fontello' title='' data-avia-related-tooltip='Compartir en Whatsapp' rel=\"noopener\"><span class='avia_hidden_link_text'>Compartir en Whatsapp<\/span><\/a><\/li><li class='av-share-link av-social-link-linkedin' ><a target=\"_blank\" aria-label=\"Compartir en LinkedIn\" href='https:\/\/linkedin.com\/shareArticle?mini=true&#038;title=Casi%201.000%20emprendedoras%20participaron%20en%20exitoso%20ciclo%20de%20charlas%20para%20fortalecer%20sus%20negocios&#038;url=https:\/\/radiorevelacionfm.cl\/?p=8598' aria-hidden='false' data-av_icon='\ue8fc' data-av_iconfont='entypo-fontello' title='' data-avia-related-tooltip='Compartir en LinkedIn' rel=\"noopener\"><span class='avia_hidden_link_text'>Compartir en LinkedIn<\/span><\/a><\/li><li class='av-share-link av-social-link-mail' ><a  aria-label=\"Compartir por correo\" href='mailto:?subject=Casi%201.000%20emprendedoras%20participaron%20en%20exitoso%20ciclo%20de%20charlas%20para%20fortalecer%20sus%20negocios&#038;body=https:\/\/radiorevelacionfm.cl\/?p=8598' aria-hidden='false' data-av_icon='\ue805' data-av_iconfont='entypo-fontello' title='' data-avia-related-tooltip='Compartir por correo'><span class='avia_hidden_link_text'>Compartir por correo<\/span><\/a><\/li><\/ul><\/div><\/div>\n<div  style='height:50px' class='hr hr-invisible   avia-builder-el-8  el_after_av_social_share  el_before_av_comments_list '><span class='hr-inner ' ><span class='hr-inner-style'><\/span><\/span><\/div>\n<div  class='av-buildercomment  av-blog-meta-html-info-disabled av-blog-meta-tag-disabled  '><\/div>\n","protected":false},"excerpt":{"rendered":"","protected":false},"author":1,"featured_media":8599,"comment_status":"open","ping_status":"open","sticky":false,"template":"","format":"standard","meta":{"footnotes":""},"categories":[61,38],"tags":[],"class_list":["post-8598","post","type-post","status-publish","format-standard","has-post-thumbnail","hentry","category-nacional","category-regional"],"jetpack_featured_media_url":"https:\/\/radiorevelacionfm.cl\/wp-content\/uploads\/2021\/09\/Sernameg-1-1-1.jpg","_links":{"self":[{"href":"https:\/\/radiorevelacionfm.cl\/index.php?rest_route=\/wp\/v2\/posts\/8598","targetHints":{"allow":["GET"]}}],"collection":[{"href":"https:\/\/radiorevelacionfm.cl\/index.php?rest_route=\/wp\/v2\/posts"}],"about":[{"href":"https:\/\/radiorevelacionfm.cl\/index.php?rest_route=\/wp\/v2\/types\/post"}],"author":[{"embeddable":true,"href":"https:\/\/radiorevelacionfm.cl\/index.php?rest_route=\/wp\/v2\/users\/1"}],"replies":[{"embeddable":true,"href":"https:\/\/radiorevelacionfm.cl\/index.php?rest_route=%2Fwp%2Fv2%2Fcomments&post=8598"}],"version-history":[{"count":1,"href":"https:\/\/radiorevelacionfm.cl\/index.php?rest_route=\/wp\/v2\/posts\/8598\/revisions"}],"predecessor-version":[{"id":8600,"href":"https:\/\/radiorevelacionfm.cl\/index.php?rest_route=\/wp\/v2\/posts\/8598\/revisions\/8600"}],"wp:featuredmedia":[{"embeddable":true,"href":"https:\/\/radiorevelacionfm.cl\/index.php?rest_route=\/wp\/v2\/media\/8599"}],"wp:attachment":[{"href":"https:\/\/radiorevelacionfm.cl\/index.php?rest_route=%2Fwp%2Fv2%2Fmedia&parent=8598"}],"wp:term":[{"taxonomy":"category","embeddable":true,"href":"https:\/\/radiorevelacionfm.cl\/index.php?rest_route=%2Fwp%2Fv2%2Fcategories&post=8598"},{"taxonomy":"post_tag","embeddable":true,"href":"https:\/\/radiorevelacionfm.cl\/index.php?rest_route=%2Fwp%2Fv2%2Ftags&post=8598"}],"curies":[{"name":"wp","href":"https:\/\/api.w.org\/{rel}","templated":true}]}}