{"id":8592,"date":"2021-09-11T11:39:37","date_gmt":"2021-09-11T14:39:37","guid":{"rendered":"https:\/\/radiorevelacionfm.cl\/?p=8592"},"modified":"2021-09-11T11:39:37","modified_gmt":"2021-09-11T14:39:37","slug":"entregan-299-millones-a-escuela-rural-de-villa-la-tapera-para-la-conservacion-de-su-infraestructura","status":"publish","type":"post","link":"https:\/\/radiorevelacionfm.cl\/?p=8592","title":{"rendered":"Entregan 299 millones a Escuela Rural de Villa La Tapera para la conservaci\u00f3n de su infraestructura"},"content":{"rendered":"<div class=\"flex_column av_one_full  flex_column_div av-zero-column-padding first  avia-builder-el-0  el_before_av_one_full  avia-builder-el-first  \" style='border-radius:0px; '><div  class='avia-image-container  av-styling-    avia-builder-el-1  avia-builder-el-no-sibling  avia-align-center '  itemprop=\"image\" itemscope=\"itemscope\" itemtype=\"https:\/\/schema.org\/ImageObject\"  ><div class='avia-image-container-inner'><div class='avia-image-overlay-wrap'><img decoding=\"async\" class='wp-image-8593 avia-img-lazy-loading-not-8593 avia_image' src=\"https:\/\/radiorevelacionfm.cl\/wp-content\/uploads\/2021\/09\/Escuela-la-tapera1-1-1.jpeg\" alt='' title='Escuela la tapera1 (1) (1)' height=\"600\" width=\"916\"  itemprop=\"thumbnailUrl\" srcset=\"https:\/\/radiorevelacionfm.cl\/wp-content\/uploads\/2021\/09\/Escuela-la-tapera1-1-1.jpeg 916w, https:\/\/radiorevelacionfm.cl\/wp-content\/uploads\/2021\/09\/Escuela-la-tapera1-1-1-300x197.jpeg 300w, https:\/\/radiorevelacionfm.cl\/wp-content\/uploads\/2021\/09\/Escuela-la-tapera1-1-1-768x503.jpeg 768w, https:\/\/radiorevelacionfm.cl\/wp-content\/uploads\/2021\/09\/Escuela-la-tapera1-1-1-705x462.jpeg 705w, https:\/\/radiorevelacionfm.cl\/wp-content\/uploads\/2021\/09\/Escuela-la-tapera1-1-1-600x393.jpeg 600w\" sizes=\"(max-width: 916px) 100vw, 916px\" \/><\/div><\/div><\/div><\/div><div class=\"flex_column av_one_full  flex_column_div av-zero-column-padding first  avia-builder-el-2  el_after_av_one_full  el_before_av_one_full  column-top-margin\" style='border-radius:0px; '><section class=\"av_textblock_section \"  itemscope=\"itemscope\" itemtype=\"https:\/\/schema.org\/BlogPosting\" itemprop=\"blogPost\" ><div class='avia_textblock  '   itemprop=\"text\" ><p style=\"text-align: center;\"><strong><span style=\"font-size: 18pt;\">Entregan 299 millones a Escuela Rural de Villa La Tapera para la conservaci\u00f3n de su infraestructura<\/span><\/strong><\/p>\n<div id=\"gtx-trans\" style=\"position: absolute; left: -50px; top: 4.31534px;\">\n<div class=\"gtx-trans-icon\"><\/div>\n<\/div>\n<\/div><\/section><\/div><div class=\"flex_column av_one_full  flex_column_div av-zero-column-padding first  avia-builder-el-4  el_after_av_one_full  el_before_av_hr  column-top-margin\" style='border-radius:0px; '><section class=\"av_textblock_section \"  itemscope=\"itemscope\" itemtype=\"https:\/\/schema.org\/BlogPosting\" itemprop=\"blogPost\" ><div class='avia_textblock  '   itemprop=\"text\" ><p class=\"v1MsoNormal\" style=\"text-align: justify;\">Hasta Villa La Tapera, localidad de la comuna de Lago Verde lleg\u00f3 el Seremi Sergio Becerra Mera a entregar\u00a0 recursos del Ministerio de Educaci\u00f3n por un monto de $299.910.644 pesos del Fondo de Conservaci\u00f3n de Infraestructura, que permitir\u00e1n el mejoramiento de la Escuela Rural con Internado La Tapera, adjudicado en la convocatoria 2021.<\/p>\n<p class=\"v1MsoNormal\" style=\"text-align: justify;\">En el establecimiento, ubicado a 176 kil\u00f3metros al norte de Coyhaique estuvo presente el Alcalde de la comuna de Lago Verde Nelson Opazo L\u00f3pez, los seis concejales, el profesor Jaime Valenzuela y apoderados.<\/p>\n<p class=\"v1MsoNormal\" style=\"text-align: justify;\">El proyecto consiste en la conservaci\u00f3n de fachadas y reposici\u00f3n e incorporaci\u00f3n de aislaci\u00f3n t\u00e9rmica en pabellones y patio techado espec\u00edficamente en muros interiores, exteriores, techumbre y pisos. Conservaci\u00f3n de superficie vidriada: recambio y modificaci\u00f3n de ventanas. Adquisici\u00f3n, instalaci\u00f3n y recambio de equipos: instalaci\u00f3n de equipos de ventilaci\u00f3n, recambio de iluminarias. Tambi\u00e9n se realizar\u00e1n obras de accesibilidad, reparaci\u00f3n y\/o ejecuci\u00f3n de una rampa de acceso, salva escaleras el\u00e9ctrico, entre otras intervenciones.<\/p>\n<p class=\"v1MsoNormal\" style=\"text-align: justify;\">El Seremi Sergio Becerra Mera, al hacer entrega de los recursos coment\u00f3 que estos provienen de una Convocatoria de Conservaciones, del Fondo de Infraestructura Escolar de la Direcci\u00f3n de Educaci\u00f3n P\u00fablica (DEP) del Ministerio de Educaci\u00f3n. Esta convocatoria, permiti\u00f3 destinar recursos para la conservaci\u00f3n de establecimientos, utilizando la infraestructura existente y que se encuentra en buen estado de conservaci\u00f3n, reparando los espacios que requieren de mantenci\u00f3n.<\/p>\n<p class=\"v1MsoNormal\" style=\"text-align: justify;\">\u201cCon este financiamiento, estamos respondiendo a las necesidades de este establecimiento que atiende a 26 estudiantes y que sin duda el mejoramiento de infraestructura que se realizar\u00e1 traer\u00e1 mayor confort a ellos, a sus profesores y a los asistentes de la educaci\u00f3n. Felicitamos al Alcalde Nelson Opazo y al Concejo Comunal y esperamos que con este traspaso de dinero muy pronto se inicien los trabajos\u201d, acot\u00f3 la autoridad regional sectorial.<\/p>\n<p class=\"v1MsoNormal\" style=\"text-align: justify;\">Por su parte, el\u00a0Alcalde Opazo valor\u00f3 positivamente la entrega de recursos frescos<b>.<\/b><\/p>\n<p class=\"v1MsoNormal\" style=\"text-align: justify;\">\u201cAgradecemos<b>\u00a0y\u00a0<\/b>valoramos la asignaci\u00f3n de este proyecto que permitir\u00e1 mejorar entre otros aspectos el envolvente t\u00e9rmico de la escuela. Es adem\u00e1s una inversi\u00f3n importante que traer\u00e1 un impacto local positivo con mayor\u00a0 empleabilidad\u201d.<\/p>\n<p class=\"v1MsoNormal\" style=\"text-align: justify;\">El profesor Jaime Valenzuela Quilodr\u00e1n agradeci\u00f3 la visita del Seremi y del concejo encabezado por el Alcalde. \u201cEstamos contentos porque la inversi\u00f3n que se est\u00e1 realizando es importante para la comuna de Lago verde y espacialmente para la localidad de La Tapera y por supuesto que nos va a beneficiar a nuestra comunidad educativa. Para nuestros estudiantes va a ser un beneficio importante porque contar\u00e1n con todos los resguardos tambi\u00e9n ac\u00e1 en lugares apartados, distantes y fr\u00edos. Para nosotros como docentes es un aliciente tambi\u00e9n para enfrentar nuestro trabajo diario\u201d.<\/p>\n<p class=\"v1MsoNormal\" style=\"text-align: justify;\">En tanto, el concejal H\u00e9ctor Godoy Pinilla padre de una estudiante del establecimiento expres\u00f3 su satisfacci\u00f3n. \u201cMuy importante, porque as\u00ed como est\u00e1 la escuela ya es buena y con este proyecto estar\u00e1 mucho mejor, mejorando la calefacci\u00f3n y el sistema de aislaci\u00f3n t\u00e9rmica. A mi hija todav\u00eda le quedan seis a\u00f1os para estar ac\u00e1, as\u00ed que en lo personal lo considero muy bueno todo esto\u201d.<\/p>\n<\/div><\/section><\/div><div  style='height:50px' class='hr hr-invisible   avia-builder-el-6  el_after_av_one_full  el_before_av_social_share '><span class='hr-inner ' ><span class='hr-inner-style'><\/span><\/span><\/div><\/p>\n<div  class='av-social-sharing-box  avia-builder-el-7  el_after_av_hr  el_before_av_hr  '><div class='av-share-box'><h5 class='av-share-link-description av-no-toc '>Compartir esta noticia<\/h5><ul class='av-share-box-list noLightbox'><li class='av-share-link av-social-link-facebook' ><a target=\"_blank\" aria-label=\"Compartir en Facebook\" href='https:\/\/www.facebook.com\/sharer.php?u=https:\/\/radiorevelacionfm.cl\/?p=8592&#038;t=Entregan%20299%20millones%20a%20Escuela%20Rural%20de%20Villa%20La%20Tapera%20para%20la%20conservaci%C3%B3n%20de%20su%20infraestructura' aria-hidden='false' data-av_icon='\ue8f3' data-av_iconfont='entypo-fontello' title='' data-avia-related-tooltip='Compartir en Facebook' rel=\"noopener\"><span class='avia_hidden_link_text'>Compartir en Facebook<\/span><\/a><\/li><li class='av-share-link av-social-link-twitter' ><a target=\"_blank\" aria-label=\"Compartir en Twitter\" href='https:\/\/twitter.com\/share?text=Entregan%20299%20millones%20a%20Escuela%20Rural%20de%20Villa%20La%20Tapera%20para%20la%20conservaci%C3%B3n%20de%20su%20infraestructura&#038;url=https:\/\/radiorevelacionfm.cl\/?p=8592' aria-hidden='false' data-av_icon='\ue8f1' data-av_iconfont='entypo-fontello' title='' data-avia-related-tooltip='Compartir en Twitter' rel=\"noopener\"><span class='avia_hidden_link_text'>Compartir en Twitter<\/span><\/a><\/li><li class='av-share-link av-social-link-whatsapp' ><a target=\"_blank\" aria-label=\"Compartir en Whatsapp\" href='https:\/\/api.whatsapp.com\/send?text=https:\/\/radiorevelacionfm.cl\/?p=8592' aria-hidden='false' data-av_icon='\uf232' data-av_iconfont='entypo-fontello' title='' data-avia-related-tooltip='Compartir en Whatsapp' rel=\"noopener\"><span class='avia_hidden_link_text'>Compartir en Whatsapp<\/span><\/a><\/li><li class='av-share-link av-social-link-linkedin' ><a target=\"_blank\" aria-label=\"Compartir en LinkedIn\" href='https:\/\/linkedin.com\/shareArticle?mini=true&#038;title=Entregan%20299%20millones%20a%20Escuela%20Rural%20de%20Villa%20La%20Tapera%20para%20la%20conservaci%C3%B3n%20de%20su%20infraestructura&#038;url=https:\/\/radiorevelacionfm.cl\/?p=8592' aria-hidden='false' data-av_icon='\ue8fc' data-av_iconfont='entypo-fontello' title='' data-avia-related-tooltip='Compartir en LinkedIn' rel=\"noopener\"><span class='avia_hidden_link_text'>Compartir en LinkedIn<\/span><\/a><\/li><li class='av-share-link av-social-link-mail' ><a  aria-label=\"Compartir por correo\" href='mailto:?subject=Entregan%20299%20millones%20a%20Escuela%20Rural%20de%20Villa%20La%20Tapera%20para%20la%20conservaci%C3%B3n%20de%20su%20infraestructura&#038;body=https:\/\/radiorevelacionfm.cl\/?p=8592' aria-hidden='false' data-av_icon='\ue805' data-av_iconfont='entypo-fontello' title='' data-avia-related-tooltip='Compartir por correo'><span class='avia_hidden_link_text'>Compartir por correo<\/span><\/a><\/li><\/ul><\/div><\/div>\n<div  style='height:50px' class='hr hr-invisible   avia-builder-el-8  el_after_av_social_share  el_before_av_comments_list '><span class='hr-inner ' ><span class='hr-inner-style'><\/span><\/span><\/div>\n<div  class='av-buildercomment  av-blog-meta-html-info-disabled av-blog-meta-tag-disabled  '><\/div>\n","protected":false},"excerpt":{"rendered":"","protected":false},"author":1,"featured_media":8593,"comment_status":"open","ping_status":"open","sticky":false,"template":"","format":"standard","meta":{"footnotes":""},"categories":[49],"tags":[],"class_list":["post-8592","post","type-post","status-publish","format-standard","has-post-thumbnail","hentry","category-educacion"],"jetpack_featured_media_url":"https:\/\/radiorevelacionfm.cl\/wp-content\/uploads\/2021\/09\/Escuela-la-tapera1-1-1.jpeg","_links":{"self":[{"href":"https:\/\/radiorevelacionfm.cl\/index.php?rest_route=\/wp\/v2\/posts\/8592","targetHints":{"allow":["GET"]}}],"collection":[{"href":"https:\/\/radiorevelacionfm.cl\/index.php?rest_route=\/wp\/v2\/posts"}],"about":[{"href":"https:\/\/radiorevelacionfm.cl\/index.php?rest_route=\/wp\/v2\/types\/post"}],"author":[{"embeddable":true,"href":"https:\/\/radiorevelacionfm.cl\/index.php?rest_route=\/wp\/v2\/users\/1"}],"replies":[{"embeddable":true,"href":"https:\/\/radiorevelacionfm.cl\/index.php?rest_route=%2Fwp%2Fv2%2Fcomments&post=8592"}],"version-history":[{"count":1,"href":"https:\/\/radiorevelacionfm.cl\/index.php?rest_route=\/wp\/v2\/posts\/8592\/revisions"}],"predecessor-version":[{"id":8594,"href":"https:\/\/radiorevelacionfm.cl\/index.php?rest_route=\/wp\/v2\/posts\/8592\/revisions\/8594"}],"wp:featuredmedia":[{"embeddable":true,"href":"https:\/\/radiorevelacionfm.cl\/index.php?rest_route=\/wp\/v2\/media\/8593"}],"wp:attachment":[{"href":"https:\/\/radiorevelacionfm.cl\/index.php?rest_route=%2Fwp%2Fv2%2Fmedia&parent=8592"}],"wp:term":[{"taxonomy":"category","embeddable":true,"href":"https:\/\/radiorevelacionfm.cl\/index.php?rest_route=%2Fwp%2Fv2%2Fcategories&post=8592"},{"taxonomy":"post_tag","embeddable":true,"href":"https:\/\/radiorevelacionfm.cl\/index.php?rest_route=%2Fwp%2Fv2%2Ftags&post=8592"}],"curies":[{"name":"wp","href":"https:\/\/api.w.org\/{rel}","templated":true}]}}