{"id":8586,"date":"2021-09-11T19:50:42","date_gmt":"2021-09-11T22:50:42","guid":{"rendered":"https:\/\/radiorevelacionfm.cl\/?p=8586"},"modified":"2021-09-11T19:56:27","modified_gmt":"2021-09-11T22:56:27","slug":"mas-de-3-millones-600-mil-logra-recaudar-exitoso-remate-solidario-radial-para-familias-de-la-tapera","status":"publish","type":"post","link":"https:\/\/radiorevelacionfm.cl\/?p=8586","title":{"rendered":"M\u00e1s de 3 millones 600 mil logra recaudar exitoso remate solidario radial para familias de La Tapera"},"content":{"rendered":"<div class=\"flex_column av_one_full  flex_column_div av-zero-column-padding first  avia-builder-el-0  el_before_av_one_full  avia-builder-el-first  \" style='border-radius:0px; '><div  class='avia-image-container  av-styling-    avia-builder-el-1  avia-builder-el-no-sibling  avia-align-center '  itemprop=\"image\" itemscope=\"itemscope\" itemtype=\"https:\/\/schema.org\/ImageObject\"  ><div class='avia-image-container-inner'><div class='avia-image-overlay-wrap'><img decoding=\"async\" class='wp-image-8610 avia-img-lazy-loading-not-8610 avia_image' src=\"https:\/\/radiorevelacionfm.cl\/wp-content\/uploads\/2021\/09\/REMATE-1-1.jpg\" alt='' title='REMATE 1 (1)' height=\"603\" width=\"961\"  itemprop=\"thumbnailUrl\" srcset=\"https:\/\/radiorevelacionfm.cl\/wp-content\/uploads\/2021\/09\/REMATE-1-1.jpg 961w, https:\/\/radiorevelacionfm.cl\/wp-content\/uploads\/2021\/09\/REMATE-1-1-300x188.jpg 300w, https:\/\/radiorevelacionfm.cl\/wp-content\/uploads\/2021\/09\/REMATE-1-1-768x482.jpg 768w, https:\/\/radiorevelacionfm.cl\/wp-content\/uploads\/2021\/09\/REMATE-1-1-705x442.jpg 705w, https:\/\/radiorevelacionfm.cl\/wp-content\/uploads\/2021\/09\/REMATE-1-1-600x376.jpg 600w\" sizes=\"(max-width: 961px) 100vw, 961px\" \/><\/div><\/div><\/div><\/div><div class=\"flex_column av_one_full  flex_column_div av-zero-column-padding first  avia-builder-el-2  el_after_av_one_full  el_before_av_one_full  column-top-margin\" style='border-radius:0px; '><section class=\"av_textblock_section \"  itemscope=\"itemscope\" itemtype=\"https:\/\/schema.org\/BlogPosting\" itemprop=\"blogPost\" ><div class='avia_textblock  '   itemprop=\"text\" ><p style=\"text-align: center;\"><strong><span style=\"font-size: 18pt;\">M\u00e1s de 3 millones 600 mil logra recaudar exitoso remate solidario radial para familias de La Tapera<\/span><\/strong><\/p>\n<div id=\"gtx-trans\" style=\"position: absolute; left: -50px; top: 4.31534px;\">\n<div class=\"gtx-trans-icon\"><\/div>\n<\/div>\n<\/div><\/section><\/div><\/p>\n<div class=\"flex_column av_one_full  flex_column_div av-zero-column-padding first  avia-builder-el-4  el_after_av_one_full  el_before_av_hr  column-top-margin\" style='border-radius:0px; '><section class=\"av_textblock_section \"  itemscope=\"itemscope\" itemtype=\"https:\/\/schema.org\/BlogPosting\" itemprop=\"blogPost\" ><div class='avia_textblock  '   itemprop=\"text\" ><p style=\"text-align: justify;\">Recientemente la uni\u00f3n de voluntades entre la comunidad, las radios municipales de la comuna de Lago Verde, radio \u201cLa Voz del Mar\u201d de Cisnes y la Red de Emisoras del Sol liderada por radio Fm del Sol de Ma\u00f1ihuales, organizaron y dieron vida a un gran remate solidario, que ten\u00eda como fin apoyar a las familias que resultaron damnificadas tras el incendio que destruy\u00f3 dos casas en Villa La Tapera.<\/p>\n<p style=\"text-align: justify;\">Desde la Municipalidad se entregaron todas las facilidades y el apoyo para que a trav\u00e9s la emisora local se transmitiera y se pueda llevar a cabo la iniciativa, donde inicialmente los vecinos y vecinas de los distintos sectores aportaron con interesantes art\u00edculos, productos y animales para el remate. Iniciativa que se extendi\u00f3 por dos d\u00edas con positivos resultados, ya que, solo en la actividad radial se reunieron m\u00e1s de 2 millones y medio de pesos, lo que aument\u00f3 con el aporte que particularmente entregaron algunas familias de la comuna.<\/p>\n<p style=\"text-align: justify;\">El Alcalde de Lago Verde, Nelson Opazo, felicit\u00f3 la solidaridad de la ciudadan\u00eda y de los trabajadores y trabajadoras radiales, que permiti\u00f3 tan importante resultado, que ir\u00e1 en directo beneficio de las familias afectadas.<\/p>\n<p style=\"text-align: justify;\">\u201cUn trabajo impecable por todo el equipo de comunicaciones del Municipio, en las radios de Lago Verde, Villa Amengual y Villa La Tapera como anfitriona. Extendemos nuestros m\u00e1ximos agradecimientos al personal de Fm del Sol en Ma\u00f1ihuales, que en forma absolutamente desinteresada nos colabora permanentemente y en esta ocasi\u00f3n con un esfuerzo important\u00edsimo se logra un \u00e9xito rotundo respecto de la recaudaci\u00f3n. 2 millones y medio aproximadamente en el remate en s\u00ed, m\u00e1s los aportes directos efectuados por las comunidades de las tres localidades hizo una suma total de 3 millones 653 mil pesos, que van a ir en directo beneficio de las personas y de las familias afectadas por este lamentable siniestro\u201d.<\/p>\n<p style=\"text-align: justify;\">Las radios de la Municipalidad de Lago Verde est\u00e1n integradas en la cabecera comunal por Patricia San Martin, en Villa Amengual por Ang\u00e9lica Mu\u00f1oz y Yessica Opazo y Villa La Tapera por Carolina Flores y Andrea Neserke. Fue precisamente esta \u00faltima, quien puso en valor el trabajo coordinado con todas sus colegas, la Red del Sol y la ciudadan\u00eda.<\/p>\n<p style=\"text-align: justify;\">\u201cPara nosotros con Carolina y creo representar a mis dem\u00e1s colegas de las radios de nuestra comuna, Yessica, la se\u00f1ora Ang\u00e9lica en Villa Amengual, Patricia San Martin en Lago Verde, solo quedan palabras de agradecimiento para todos quienes hicieron posible que este remate se llevara a cabo, con un resultado que no nos esper\u00e1bamos, sobrepasamos los 2 millones y medio de pesos. As\u00ed es que felices, muy agradecidos de la colaboraci\u00f3n de nuestros colegas de Puerto Cisnes, radio La Voz del Mar con nuestros amigos Yayo y la Pepa. Y por supuesto recalcar la tremenda labor, el tremendo trabajo de nuestros amigos, nuestros colegas de radio Fm del Sol de Villa Ma\u00f1ihuales, don Luchito, Sandro, don V\u00edctor, que se la jugaron por esta actividad\u201d.<\/p>\n<p style=\"text-align: justify;\">Uno los comunicadores que lleva cientos de campa\u00f1as solidarias y de apoyo a la comunidad, Sandro Parra, director de la Red de Emisoras del Sol, junto a sus colegas no quisieron estar ausentes de una iniciativa tan loable como el remate en apoyo de las familias damnificadas en el incendio ocurrido hace algunos d\u00edas en Tapera.<\/p>\n<p style=\"text-align: justify;\">\u201cHubo muchos remates que llamaron de Puerto Cisnes, Puerto Ays\u00e9n, Ma\u00f1ihuales, Lago Verde, Amengual, Tapera, este fue un tremendo trabajo, adem\u00e1s, fueron dos d\u00edas con cuatro horas de viaje por d\u00eda de remate, as\u00ed es que, nos pasaba un poco la cuenta el hecho de volver tan tarde, pero vali\u00f3 la pena. Bastante gratificante volver con mucho \u00e1nimo, pens\u00e1bamos que \u00edbamos a estar sobre el mill\u00f3n de pesos, pero lo doblamos y con ganas, porque hicimos m\u00e1s de 2 millones 500 mil pesos, sin contabilizar otros dineros que llegaron en aporte producto de la misma campa\u00f1a y en plena transmisi\u00f3n de los remates. As\u00ed es que, muy contento, agradecido tambi\u00e9n de las colegas de Villa La Tapera que pusieron lo mejor de s\u00ed, para poder llevar con alegr\u00eda esta jornada solidaria a toda la comunidad regional\u201d.<\/p>\n<p style=\"text-align: justify;\">Los organizadores del gran remate solidario, agradecieron a cada una de las personas, familias, particulares que entregaron sus aportes para el exitoso remate radial solidario, que permitir\u00e1 entregar un importante aporte econ\u00f3mico a las familias damnificadas en el incendio ocurrido hace algunas semanas en Villa La Tapera y que en esta oportunidad uni\u00f3 a vecinos, vecinas, trabajadores y trabajadoras radiales m\u00e1s el Municipio en esta cruzada solidaria.<\/p>\n<\/div><\/section><\/div>\n<div  style='height:50px' class='hr hr-invisible   avia-builder-el-6  el_after_av_one_full  el_before_av_social_share '><span class='hr-inner ' ><span class='hr-inner-style'><\/span><\/span><\/div>\n<div  class='av-social-sharing-box  avia-builder-el-7  el_after_av_hr  el_before_av_hr  '><div class='av-share-box'><h5 class='av-share-link-description av-no-toc '>Compartir esta noticia<\/h5><ul class='av-share-box-list noLightbox'><li class='av-share-link av-social-link-facebook' ><a target=\"_blank\" aria-label=\"Compartir en Facebook\" href='https:\/\/www.facebook.com\/sharer.php?u=https:\/\/radiorevelacionfm.cl\/?p=8586&#038;t=M%C3%A1s%20de%203%20millones%20600%20mil%20logra%20recaudar%20exitoso%20remate%20solidario%20radial%20para%20familias%20de%20La%20Tapera' aria-hidden='false' data-av_icon='\ue8f3' data-av_iconfont='entypo-fontello' title='' data-avia-related-tooltip='Compartir en Facebook' rel=\"noopener\"><span class='avia_hidden_link_text'>Compartir en Facebook<\/span><\/a><\/li><li class='av-share-link av-social-link-twitter' ><a target=\"_blank\" aria-label=\"Compartir en Twitter\" href='https:\/\/twitter.com\/share?text=M%C3%A1s%20de%203%20millones%20600%20mil%20logra%20recaudar%20exitoso%20remate%20solidario%20radial%20para%20familias%20de%20La%20Tapera&#038;url=https:\/\/radiorevelacionfm.cl\/?p=8586' aria-hidden='false' data-av_icon='\ue8f1' data-av_iconfont='entypo-fontello' title='' data-avia-related-tooltip='Compartir en Twitter' rel=\"noopener\"><span class='avia_hidden_link_text'>Compartir en Twitter<\/span><\/a><\/li><li class='av-share-link av-social-link-whatsapp' ><a target=\"_blank\" aria-label=\"Compartir en Whatsapp\" href='https:\/\/api.whatsapp.com\/send?text=https:\/\/radiorevelacionfm.cl\/?p=8586' aria-hidden='false' data-av_icon='\uf232' data-av_iconfont='entypo-fontello' title='' data-avia-related-tooltip='Compartir en Whatsapp' rel=\"noopener\"><span class='avia_hidden_link_text'>Compartir en Whatsapp<\/span><\/a><\/li><li class='av-share-link av-social-link-linkedin' ><a target=\"_blank\" aria-label=\"Compartir en LinkedIn\" href='https:\/\/linkedin.com\/shareArticle?mini=true&#038;title=M%C3%A1s%20de%203%20millones%20600%20mil%20logra%20recaudar%20exitoso%20remate%20solidario%20radial%20para%20familias%20de%20La%20Tapera&#038;url=https:\/\/radiorevelacionfm.cl\/?p=8586' aria-hidden='false' data-av_icon='\ue8fc' data-av_iconfont='entypo-fontello' title='' data-avia-related-tooltip='Compartir en LinkedIn' rel=\"noopener\"><span class='avia_hidden_link_text'>Compartir en LinkedIn<\/span><\/a><\/li><li class='av-share-link av-social-link-mail' ><a  aria-label=\"Compartir por correo\" href='mailto:?subject=M%C3%A1s%20de%203%20millones%20600%20mil%20logra%20recaudar%20exitoso%20remate%20solidario%20radial%20para%20familias%20de%20La%20Tapera&#038;body=https:\/\/radiorevelacionfm.cl\/?p=8586' aria-hidden='false' data-av_icon='\ue805' data-av_iconfont='entypo-fontello' title='' data-avia-related-tooltip='Compartir por correo'><span class='avia_hidden_link_text'>Compartir por correo<\/span><\/a><\/li><\/ul><\/div><\/div>\n<div  style='height:50px' class='hr hr-invisible   avia-builder-el-8  el_after_av_social_share  el_before_av_comments_list '><span class='hr-inner ' ><span class='hr-inner-style'><\/span><\/span><\/div>\n<div  class='av-buildercomment  av-blog-meta-html-info-disabled av-blog-meta-tag-disabled  '><\/div>\n","protected":false},"excerpt":{"rendered":"","protected":false},"author":1,"featured_media":8610,"comment_status":"open","ping_status":"open","sticky":false,"template":"","format":"standard","meta":{"footnotes":""},"categories":[38],"tags":[],"class_list":["post-8586","post","type-post","status-publish","format-standard","has-post-thumbnail","hentry","category-regional"],"jetpack_featured_media_url":"https:\/\/radiorevelacionfm.cl\/wp-content\/uploads\/2021\/09\/REMATE-1-1.jpg","_links":{"self":[{"href":"https:\/\/radiorevelacionfm.cl\/index.php?rest_route=\/wp\/v2\/posts\/8586","targetHints":{"allow":["GET"]}}],"collection":[{"href":"https:\/\/radiorevelacionfm.cl\/index.php?rest_route=\/wp\/v2\/posts"}],"about":[{"href":"https:\/\/radiorevelacionfm.cl\/index.php?rest_route=\/wp\/v2\/types\/post"}],"author":[{"embeddable":true,"href":"https:\/\/radiorevelacionfm.cl\/index.php?rest_route=\/wp\/v2\/users\/1"}],"replies":[{"embeddable":true,"href":"https:\/\/radiorevelacionfm.cl\/index.php?rest_route=%2Fwp%2Fv2%2Fcomments&post=8586"}],"version-history":[{"count":5,"href":"https:\/\/radiorevelacionfm.cl\/index.php?rest_route=\/wp\/v2\/posts\/8586\/revisions"}],"predecessor-version":[{"id":8612,"href":"https:\/\/radiorevelacionfm.cl\/index.php?rest_route=\/wp\/v2\/posts\/8586\/revisions\/8612"}],"wp:featuredmedia":[{"embeddable":true,"href":"https:\/\/radiorevelacionfm.cl\/index.php?rest_route=\/wp\/v2\/media\/8610"}],"wp:attachment":[{"href":"https:\/\/radiorevelacionfm.cl\/index.php?rest_route=%2Fwp%2Fv2%2Fmedia&parent=8586"}],"wp:term":[{"taxonomy":"category","embeddable":true,"href":"https:\/\/radiorevelacionfm.cl\/index.php?rest_route=%2Fwp%2Fv2%2Fcategories&post=8586"},{"taxonomy":"post_tag","embeddable":true,"href":"https:\/\/radiorevelacionfm.cl\/index.php?rest_route=%2Fwp%2Fv2%2Ftags&post=8586"}],"curies":[{"name":"wp","href":"https:\/\/api.w.org\/{rel}","templated":true}]}}