{"id":8583,"date":"2021-09-10T16:56:45","date_gmt":"2021-09-10T19:56:45","guid":{"rendered":"https:\/\/radiorevelacionfm.cl\/?p=8583"},"modified":"2021-09-10T16:56:45","modified_gmt":"2021-09-10T19:56:45","slug":"minvu-aplicara-acondicionamiento-termico-de-alto-estandar-en-toda-la-region-de-aysen","status":"publish","type":"post","link":"https:\/\/radiorevelacionfm.cl\/?p=8583","title":{"rendered":"Minvu aplicar\u00e1 acondicionamiento t\u00e9rmico de alto est\u00e1ndar en toda la Regi\u00f3n de Ays\u00e9n"},"content":{"rendered":"<div class=\"flex_column av_one_full  flex_column_div av-zero-column-padding first  avia-builder-el-0  el_before_av_one_full  avia-builder-el-first  \" style='border-radius:0px; '><div  class='avia-image-container  av-styling-    avia-builder-el-1  avia-builder-el-no-sibling  avia-align-center '  itemprop=\"image\" itemscope=\"itemscope\" itemtype=\"https:\/\/schema.org\/ImageObject\"  ><div class='avia-image-container-inner'><div class='avia-image-overlay-wrap'><img decoding=\"async\" class='wp-image-8584 avia-img-lazy-loading-not-8584 avia_image' src=\"https:\/\/radiorevelacionfm.cl\/wp-content\/uploads\/2021\/09\/Subsecretario-en-visita-a-vivienda-subsidio-termico-PDA-Coyhaique-1-1.jpg\" alt='' title='Subsecretario en visita a vivienda subsidio t\u00e9rmico PDA Coyhaique (1) (1)' height=\"600\" width=\"900\"  itemprop=\"thumbnailUrl\" srcset=\"https:\/\/radiorevelacionfm.cl\/wp-content\/uploads\/2021\/09\/Subsecretario-en-visita-a-vivienda-subsidio-termico-PDA-Coyhaique-1-1.jpg 900w, https:\/\/radiorevelacionfm.cl\/wp-content\/uploads\/2021\/09\/Subsecretario-en-visita-a-vivienda-subsidio-termico-PDA-Coyhaique-1-1-300x200.jpg 300w, https:\/\/radiorevelacionfm.cl\/wp-content\/uploads\/2021\/09\/Subsecretario-en-visita-a-vivienda-subsidio-termico-PDA-Coyhaique-1-1-768x512.jpg 768w, https:\/\/radiorevelacionfm.cl\/wp-content\/uploads\/2021\/09\/Subsecretario-en-visita-a-vivienda-subsidio-termico-PDA-Coyhaique-1-1-705x470.jpg 705w, https:\/\/radiorevelacionfm.cl\/wp-content\/uploads\/2021\/09\/Subsecretario-en-visita-a-vivienda-subsidio-termico-PDA-Coyhaique-1-1-600x400.jpg 600w\" sizes=\"(max-width: 900px) 100vw, 900px\" \/><\/div><\/div><\/div><\/div><div class=\"flex_column av_one_full  flex_column_div av-zero-column-padding first  avia-builder-el-2  el_after_av_one_full  el_before_av_one_full  column-top-margin\" style='border-radius:0px; '><section class=\"av_textblock_section \"  itemscope=\"itemscope\" itemtype=\"https:\/\/schema.org\/BlogPosting\" itemprop=\"blogPost\" ><div class='avia_textblock  '   itemprop=\"text\" ><p style=\"text-align: center;\"><span style=\"font-size: 18pt;\"><strong>Minvu aplicar\u00e1 acondicionamiento t\u00e9rmico de alto est\u00e1ndar en toda la Regi\u00f3n de Ays\u00e9n<\/strong><\/span><\/p>\n<div id=\"gtx-trans\" style=\"position: absolute; left: -50px; top: 4.31534px;\">\n<div class=\"gtx-trans-icon\"><\/div>\n<\/div>\n<\/div><\/section><\/div><div class=\"flex_column av_one_full  flex_column_div av-zero-column-padding first  avia-builder-el-4  el_after_av_one_full  el_before_av_hr  column-top-margin\" style='border-radius:0px; '><section class=\"av_textblock_section \"  itemscope=\"itemscope\" itemtype=\"https:\/\/schema.org\/BlogPosting\" itemprop=\"blogPost\" ><div class='avia_textblock  '   itemprop=\"text\" ><p style=\"text-align: justify;\">Un positivo e hist\u00f3rico anuncio realiz\u00f3 este viernes el Subsecretario de Vivienda y Urbanismo, Guillermo Rolando, en su segunda jornada de trabajo en la regi\u00f3n de Ays\u00e9n. Tras visitar una vivienda ubicada en el sector alto de Coyhaique la autoridad confirm\u00f3 que desde ahora las familias que viven en todas las comunas podr\u00e1n acceder a subsidios de mejoramiento t\u00e9rmico con est\u00e1ndar de PDA (Plan de Descontaminaci\u00f3n Atmosf\u00e9rica), lo que implica subir casi tres veces los montos de recursos destinados al mejoramiento de esas viviendas.<\/p>\n<p style=\"text-align: justify;\">Record\u00f3 el Subsecretario que desde que vino en el 2018 han trabajado como Ministerio junto a las autoridades regionales en actualizar las condiciones t\u00e9rmicas de las casas, algo que en un comienzo signific\u00f3 abrir opciones para aplicar el subsidio en viviendas con mayor metraje de lo que se ven\u00eda haciendo, sin embargo ahora el anuncio va dirigido a las familias de toda la regi\u00f3n. \u201cEn estos \u00faltimos a\u00f1os se han entregado m\u00e1s de 3 mil subsidios de mejoramiento t\u00e9rmico en la ciudad de Coyhaique, en un programa que ha sido muy bien evaluado por la comunidad. Y esa fue la noticia hoy, que se nos pidi\u00f3 llevar este mismo programa a otras localidades de la regi\u00f3n de Ays\u00e9n, una de las regiones que tiene las temperaturas m\u00e1s bajas de nuestro pa\u00eds. Eso implica que ya a partir de la pr\u00f3xima semana este programa va a estar disponible en las otras nueve comunas, por lo tanto vamos a llegar a localidades como Cochrane, Chile Chico, Cisnes, el mismo Ays\u00e9n, Tortel, en fin, all\u00ed esperamos ver este mismo tipo de soluciones de vivienda en los pr\u00f3ximos meses\u201d, afirm\u00f3.<\/p>\n<p style=\"text-align: justify;\">Sobre esto, tambi\u00e9n el ministro de Vivienda y Urbanismo, Felipe Ward, asegur\u00f3 que \u201ccreemos que todas las familias deben tener igualdad de oportunidades en el acceso a ciudades m\u00e1s sustentables y amigables con el medio ambiente, es por eso que actualizamos el est\u00e1ndar t\u00e9rmico en la regi\u00f3n de Ays\u00e9n y ampliamos su cobertura a todas las comunas. A trav\u00e9s del subsidio de Acondicionamiento T\u00e9rmico mejoramos la calidad de vida de las familias que viven en zonas con mayor contaminaci\u00f3n, al mismo tiempo que dotamos a las comunidades de entornos m\u00e1s limpios y promovemos localidades m\u00e1s integradas y justas para todos\u201d, agreg\u00f3 desde Santiago el titular de la cartera.<\/p>\n<p style=\"text-align: justify;\">El esperado anuncio fue valorado tambi\u00e9n por el Consejero Regional, Ra\u00fal Rudolphi, quien dijo que se trata de una noticia tremendamente potente porque es importante dejar claro que pr\u00e1cticamente se va a triplicar el monto del subsidio, con todo lo que ello significa. \u201cAqu\u00ed hay un beneficio social, ambiental y econ\u00f3mico. Disminuyen las emisiones y te anticipas en tomar esta decisi\u00f3n y no esperas tener indicadores altos de contaminaci\u00f3n en las localidades de las diez comunas de la regi\u00f3n. En lo econ\u00f3mico est\u00e1 toda la reactivaci\u00f3n que produce en la micro y peque\u00f1a empresa que en nuestra regi\u00f3n son mayormente familiares y quiz\u00e1 lo m\u00e1s importante es lo social ya que uno de los cosos principales de vivir en la regi\u00f3n tiene que ver con la calefacci\u00f3n y con estos programas vamos a ver que con una casa mucho m\u00e1s abrigada vamos a disminuir el consumo de le\u00f1a o de otra fuente de calefacci\u00f3n, vamos a ahorrar un valor importante para la econom\u00eda de nuestras familias\u201d, argument\u00f3.<\/p>\n<p style=\"text-align: justify;\">Tambi\u00e9n el due\u00f1o de casa, don Mario Maldonado, valor\u00f3 la buena noticia, ya que se trata de un beneficio que \u00e9l ya est\u00e1 empezando a disfrutar junto a su familia. \u201cEl cambio ya se est\u00e1 notando bastante porque mi casa tiene ya como 30 a\u00f1os, estaba con el sistema antiguo, puro plumavit y zinc por fuera, entonces el fr\u00edo era m\u00e1s y se nota porque ac\u00e1 como los inviernos son crudos se siente m\u00e1s el fr\u00edo, pero ahora con lo poco que lleva la obra de mejoramiento ya se est\u00e1 notando mucho m\u00e1s temperado, as\u00ed que es bastante grande y positivo este beneficio\u201d, aseguro.<\/p>\n<p style=\"text-align: justify;\">Finalmente el Subsecretario Guillermo Rolando, acompa\u00f1ado por el Seremi Diego Silva y el Director del Serviu, Nelson Quinteros, consignaron que, como esta era una reiterada petici\u00f3n de autoridades regionales y locales, dirigentes y vecinos de toda la regi\u00f3n, lo que ahora viene es seguir trabajando con fuerza para que esta propuesta piloto a nivel nacional resulte muy exitosa en su aplicaci\u00f3n y beneficie de esta forma a miles de familias a lo largo y ancho de nuestro territorio regional.<\/p>\n<\/div><\/section><\/div><div  style='height:50px' class='hr hr-invisible   avia-builder-el-6  el_after_av_one_full  el_before_av_social_share '><span class='hr-inner ' ><span class='hr-inner-style'><\/span><\/span><\/div><\/p>\n<div  class='av-social-sharing-box  avia-builder-el-7  el_after_av_hr  el_before_av_hr  '><div class='av-share-box'><h5 class='av-share-link-description av-no-toc '>Compartir esta noticia<\/h5><ul class='av-share-box-list noLightbox'><li class='av-share-link av-social-link-facebook' ><a target=\"_blank\" aria-label=\"Compartir en Facebook\" href='https:\/\/www.facebook.com\/sharer.php?u=https:\/\/radiorevelacionfm.cl\/?p=8583&#038;t=Minvu%20aplicar%C3%A1%20acondicionamiento%20t%C3%A9rmico%20de%20alto%20est%C3%A1ndar%20en%20toda%20la%20Regi%C3%B3n%20de%20Ays%C3%A9n' aria-hidden='false' data-av_icon='\ue8f3' data-av_iconfont='entypo-fontello' title='' data-avia-related-tooltip='Compartir en Facebook' rel=\"noopener\"><span class='avia_hidden_link_text'>Compartir en Facebook<\/span><\/a><\/li><li class='av-share-link av-social-link-twitter' ><a target=\"_blank\" aria-label=\"Compartir en Twitter\" href='https:\/\/twitter.com\/share?text=Minvu%20aplicar%C3%A1%20acondicionamiento%20t%C3%A9rmico%20de%20alto%20est%C3%A1ndar%20en%20toda%20la%20Regi%C3%B3n%20de%20Ays%C3%A9n&#038;url=https:\/\/radiorevelacionfm.cl\/?p=8583' aria-hidden='false' data-av_icon='\ue8f1' data-av_iconfont='entypo-fontello' title='' data-avia-related-tooltip='Compartir en Twitter' rel=\"noopener\"><span class='avia_hidden_link_text'>Compartir en Twitter<\/span><\/a><\/li><li class='av-share-link av-social-link-whatsapp' ><a target=\"_blank\" aria-label=\"Compartir en Whatsapp\" href='https:\/\/api.whatsapp.com\/send?text=https:\/\/radiorevelacionfm.cl\/?p=8583' aria-hidden='false' data-av_icon='\uf232' data-av_iconfont='entypo-fontello' title='' data-avia-related-tooltip='Compartir en Whatsapp' rel=\"noopener\"><span class='avia_hidden_link_text'>Compartir en Whatsapp<\/span><\/a><\/li><li class='av-share-link av-social-link-linkedin' ><a target=\"_blank\" aria-label=\"Compartir en LinkedIn\" href='https:\/\/linkedin.com\/shareArticle?mini=true&#038;title=Minvu%20aplicar%C3%A1%20acondicionamiento%20t%C3%A9rmico%20de%20alto%20est%C3%A1ndar%20en%20toda%20la%20Regi%C3%B3n%20de%20Ays%C3%A9n&#038;url=https:\/\/radiorevelacionfm.cl\/?p=8583' aria-hidden='false' data-av_icon='\ue8fc' data-av_iconfont='entypo-fontello' title='' data-avia-related-tooltip='Compartir en LinkedIn' rel=\"noopener\"><span class='avia_hidden_link_text'>Compartir en LinkedIn<\/span><\/a><\/li><li class='av-share-link av-social-link-mail' ><a  aria-label=\"Compartir por correo\" href='mailto:?subject=Minvu%20aplicar%C3%A1%20acondicionamiento%20t%C3%A9rmico%20de%20alto%20est%C3%A1ndar%20en%20toda%20la%20Regi%C3%B3n%20de%20Ays%C3%A9n&#038;body=https:\/\/radiorevelacionfm.cl\/?p=8583' aria-hidden='false' data-av_icon='\ue805' data-av_iconfont='entypo-fontello' title='' data-avia-related-tooltip='Compartir por correo'><span class='avia_hidden_link_text'>Compartir por correo<\/span><\/a><\/li><\/ul><\/div><\/div>\n<div  style='height:50px' class='hr hr-invisible   avia-builder-el-8  el_after_av_social_share  el_before_av_comments_list '><span class='hr-inner ' ><span class='hr-inner-style'><\/span><\/span><\/div>\n<div  class='av-buildercomment  av-blog-meta-html-info-disabled av-blog-meta-tag-disabled  '><\/div>\n","protected":false},"excerpt":{"rendered":"","protected":false},"author":1,"featured_media":8584,"comment_status":"open","ping_status":"open","sticky":false,"template":"","format":"standard","meta":{"footnotes":""},"categories":[57],"tags":[],"class_list":["post-8583","post","type-post","status-publish","format-standard","has-post-thumbnail","hentry","category-vivienda"],"jetpack_featured_media_url":"https:\/\/radiorevelacionfm.cl\/wp-content\/uploads\/2021\/09\/Subsecretario-en-visita-a-vivienda-subsidio-termico-PDA-Coyhaique-1-1.jpg","_links":{"self":[{"href":"https:\/\/radiorevelacionfm.cl\/index.php?rest_route=\/wp\/v2\/posts\/8583","targetHints":{"allow":["GET"]}}],"collection":[{"href":"https:\/\/radiorevelacionfm.cl\/index.php?rest_route=\/wp\/v2\/posts"}],"about":[{"href":"https:\/\/radiorevelacionfm.cl\/index.php?rest_route=\/wp\/v2\/types\/post"}],"author":[{"embeddable":true,"href":"https:\/\/radiorevelacionfm.cl\/index.php?rest_route=\/wp\/v2\/users\/1"}],"replies":[{"embeddable":true,"href":"https:\/\/radiorevelacionfm.cl\/index.php?rest_route=%2Fwp%2Fv2%2Fcomments&post=8583"}],"version-history":[{"count":1,"href":"https:\/\/radiorevelacionfm.cl\/index.php?rest_route=\/wp\/v2\/posts\/8583\/revisions"}],"predecessor-version":[{"id":8585,"href":"https:\/\/radiorevelacionfm.cl\/index.php?rest_route=\/wp\/v2\/posts\/8583\/revisions\/8585"}],"wp:featuredmedia":[{"embeddable":true,"href":"https:\/\/radiorevelacionfm.cl\/index.php?rest_route=\/wp\/v2\/media\/8584"}],"wp:attachment":[{"href":"https:\/\/radiorevelacionfm.cl\/index.php?rest_route=%2Fwp%2Fv2%2Fmedia&parent=8583"}],"wp:term":[{"taxonomy":"category","embeddable":true,"href":"https:\/\/radiorevelacionfm.cl\/index.php?rest_route=%2Fwp%2Fv2%2Fcategories&post=8583"},{"taxonomy":"post_tag","embeddable":true,"href":"https:\/\/radiorevelacionfm.cl\/index.php?rest_route=%2Fwp%2Fv2%2Ftags&post=8583"}],"curies":[{"name":"wp","href":"https:\/\/api.w.org\/{rel}","templated":true}]}}