{"id":8580,"date":"2021-09-10T16:27:31","date_gmt":"2021-09-10T19:27:31","guid":{"rendered":"https:\/\/radiorevelacionfm.cl\/?p=8580"},"modified":"2021-09-10T16:27:31","modified_gmt":"2021-09-10T19:27:31","slug":"entregan-tablets-a-13-estudiantes-en-escuela-de-balmaceda-del-programa-educacion-financiera-ninos-y-ninas-del-fosis","status":"publish","type":"post","link":"https:\/\/radiorevelacionfm.cl\/?p=8580","title":{"rendered":"Entregan tablets a 13 estudiantes en Escuela de Balmaceda del Programa Educaci\u00f3n Financiera ni\u00f1os y ni\u00f1as del FOSIS"},"content":{"rendered":"<div class=\"flex_column av_one_full  flex_column_div av-zero-column-padding first  avia-builder-el-0  el_before_av_one_full  avia-builder-el-first  \" style='border-radius:0px; '><div  class='avia-image-container  av-styling-    avia-builder-el-1  avia-builder-el-no-sibling  avia-align-center '  itemprop=\"image\" itemscope=\"itemscope\" itemtype=\"https:\/\/schema.org\/ImageObject\"  ><div class='avia-image-container-inner'><div class='avia-image-overlay-wrap'><img decoding=\"async\" class='wp-image-8581 avia-img-lazy-loading-not-8581 avia_image' src=\"https:\/\/radiorevelacionfm.cl\/wp-content\/uploads\/2021\/09\/1b-1_optimized.jpg\" alt='' title='1b-(1)_optimized' height=\"600\" width=\"1382\"  itemprop=\"thumbnailUrl\" srcset=\"https:\/\/radiorevelacionfm.cl\/wp-content\/uploads\/2021\/09\/1b-1_optimized.jpg 1382w, https:\/\/radiorevelacionfm.cl\/wp-content\/uploads\/2021\/09\/1b-1_optimized-300x130.jpg 300w, https:\/\/radiorevelacionfm.cl\/wp-content\/uploads\/2021\/09\/1b-1_optimized-1030x447.jpg 1030w, https:\/\/radiorevelacionfm.cl\/wp-content\/uploads\/2021\/09\/1b-1_optimized-768x333.jpg 768w, https:\/\/radiorevelacionfm.cl\/wp-content\/uploads\/2021\/09\/1b-1_optimized-705x306.jpg 705w, https:\/\/radiorevelacionfm.cl\/wp-content\/uploads\/2021\/09\/1b-1_optimized-600x260.jpg 600w\" sizes=\"(max-width: 1382px) 100vw, 1382px\" \/><\/div><\/div><\/div><\/div><div class=\"flex_column av_one_full  flex_column_div av-zero-column-padding first  avia-builder-el-2  el_after_av_one_full  el_before_av_one_full  column-top-margin\" style='border-radius:0px; '><section class=\"av_textblock_section \"  itemscope=\"itemscope\" itemtype=\"https:\/\/schema.org\/BlogPosting\" itemprop=\"blogPost\" ><div class='avia_textblock  '   itemprop=\"text\" ><p style=\"text-align: center;\"><strong><span style=\"font-size: 18pt;\">Entregan tablets a 13 estudiantes en Escuela de Balmaceda del Programa Educaci\u00f3n Financiera ni\u00f1os y ni\u00f1as del FOSIS <\/span><\/strong><\/p>\n<div id=\"gtx-trans\" style=\"position: absolute; left: -50px; top: 4.31534px;\">\n<div class=\"gtx-trans-icon\"><\/div>\n<\/div>\n<\/div><\/section><\/div><div class=\"flex_column av_one_full  flex_column_div av-zero-column-padding first  avia-builder-el-4  el_after_av_one_full  el_before_av_hr  column-top-margin\" style='border-radius:0px; '><section class=\"av_textblock_section \"  itemscope=\"itemscope\" itemtype=\"https:\/\/schema.org\/BlogPosting\" itemprop=\"blogPost\" ><div class='avia_textblock  '   itemprop=\"text\" ><p style=\"text-align: justify;\">El programa de Educaci\u00f3n Financiera para Ni\u00f1os y Ni\u00f1as, impulsado por el Fondo de Solidaridad e Inversi\u00f3n Social, FOSIS, busca desarrollar habilidades y conocimientos en el uso adecuado de los recursos, considerando conceptos generales como planificaci\u00f3n financiera, ahorro, endeudamiento responsable y emprendimiento.<\/p>\n<p style=\"text-align: justify;\">La intervenci\u00f3n realizada por el programa se lleva a cabo en un total de 10 sesiones, donde los estudiantes incorporan contenidos sobre finanzas y se les entrega material did\u00e1ctico e informativo. Al finalizar el programa, cada curso elabora un proyecto, incorporando todo lo aprendido, el cual es financiado con apoyo del FOSIS.<\/p>\n<p style=\"text-align: justify;\">Sebasti\u00e1n Barra, Seremi (S) de Desarrollo Social y Familia, destac\u00f3 que \u201ceste programa ense\u00f1a educaci\u00f3n financiera a los ni\u00f1os para que puedan entender y manejar de mejor manera los costos e inversiones dom\u00e9sticas y de sus propios proyectos, para que desde muy peque\u00f1os vayan aprendiendo estos contenidos e interioriz\u00e1ndolos. Hoy concretamos la entrega de tablets y un chip que les permitir\u00e1 ingresar a internet, lo que va a ir en pro de su aprendizaje. Quiero agradecer el trabajo que hacer FOSIS con los vecinos de Balmaceda y agradecer a Ang\u00e9lica Cifuentes, presidenta de la Junta de Vecinos, que siempre nos apoy\u00f3 en el territorio y a Ximena Almonacid, apoderada miembro del centro de padre que permiti\u00f3 que este convenio se lleve a cabo entre la escuela y el FOSIS.\u201d<\/p>\n<p style=\"text-align: justify;\">Ernesto Poliche, Profesor encargado de la Escuela Jos\u00e9 Antol\u00edn Silva Orme\u00f1o de Balmaceda, valor\u00f3 positivamente la ejecuci\u00f3n de este programa y el aporte que significa para sus estudiantes. \u201cContento por los ni\u00f1os y sus familias, es una herramienta para los adultos de trabajo y para los ni\u00f1os entretenci\u00f3n y aprendizaje. Es un gran beneficio este programa que consiste en ense\u00f1arles el manejo y uso del dinero. Venimos todos de haber estado en un a\u00f1o en la casa por la pandemia y a los ni\u00f1os les ha costado un poco, pero su participaci\u00f3n ha sido con inter\u00e9s, por la novedad de que cambia un poco lo que es la asignatura de matem\u00e1ticas y est\u00e1n muy motivados en participar\u201d.<\/p>\n<p style=\"text-align: justify;\">Este programa tambi\u00e9n es ejecutado en la comuna de R\u00edo Ib\u00e1\u00f1ez donde participan 22 ni\u00f1os y ni\u00f1as de 5\u00b0 a 6\u00b0 del Liceo Bicentenario Rural Cerro Castillo, quienes recibir\u00e1n sus tablets durante la pr\u00f3xima semana.<\/p>\n<\/div><\/section><\/div><div  style='height:50px' class='hr hr-invisible   avia-builder-el-6  el_after_av_one_full  el_before_av_social_share '><span class='hr-inner ' ><span class='hr-inner-style'><\/span><\/span><\/div><\/p>\n<div  class='av-social-sharing-box  avia-builder-el-7  el_after_av_hr  el_before_av_hr  '><div class='av-share-box'><h5 class='av-share-link-description av-no-toc '>Compartir esta noticia<\/h5><ul class='av-share-box-list noLightbox'><li class='av-share-link av-social-link-facebook' ><a target=\"_blank\" aria-label=\"Compartir en Facebook\" href='https:\/\/www.facebook.com\/sharer.php?u=https:\/\/radiorevelacionfm.cl\/?p=8580&#038;t=Entregan%20tablets%20a%2013%20estudiantes%20en%20Escuela%20de%20Balmaceda%20del%20Programa%20Educaci%C3%B3n%20Financiera%20ni%C3%B1os%20y%20ni%C3%B1as%20del%20FOSIS' aria-hidden='false' data-av_icon='\ue8f3' data-av_iconfont='entypo-fontello' title='' data-avia-related-tooltip='Compartir en Facebook' rel=\"noopener\"><span class='avia_hidden_link_text'>Compartir en Facebook<\/span><\/a><\/li><li class='av-share-link av-social-link-twitter' ><a target=\"_blank\" aria-label=\"Compartir en Twitter\" href='https:\/\/twitter.com\/share?text=Entregan%20tablets%20a%2013%20estudiantes%20en%20Escuela%20de%20Balmaceda%20del%20Programa%20Educaci%C3%B3n%20Financiera%20ni%C3%B1os%20y%20ni%C3%B1as%20del%20FOSIS&#038;url=https:\/\/radiorevelacionfm.cl\/?p=8580' aria-hidden='false' data-av_icon='\ue8f1' data-av_iconfont='entypo-fontello' title='' data-avia-related-tooltip='Compartir en Twitter' rel=\"noopener\"><span class='avia_hidden_link_text'>Compartir en Twitter<\/span><\/a><\/li><li class='av-share-link av-social-link-whatsapp' ><a target=\"_blank\" aria-label=\"Compartir en Whatsapp\" href='https:\/\/api.whatsapp.com\/send?text=https:\/\/radiorevelacionfm.cl\/?p=8580' aria-hidden='false' data-av_icon='\uf232' data-av_iconfont='entypo-fontello' title='' data-avia-related-tooltip='Compartir en Whatsapp' rel=\"noopener\"><span class='avia_hidden_link_text'>Compartir en Whatsapp<\/span><\/a><\/li><li class='av-share-link av-social-link-linkedin' ><a target=\"_blank\" aria-label=\"Compartir en LinkedIn\" href='https:\/\/linkedin.com\/shareArticle?mini=true&#038;title=Entregan%20tablets%20a%2013%20estudiantes%20en%20Escuela%20de%20Balmaceda%20del%20Programa%20Educaci%C3%B3n%20Financiera%20ni%C3%B1os%20y%20ni%C3%B1as%20del%20FOSIS&#038;url=https:\/\/radiorevelacionfm.cl\/?p=8580' aria-hidden='false' data-av_icon='\ue8fc' data-av_iconfont='entypo-fontello' title='' data-avia-related-tooltip='Compartir en LinkedIn' rel=\"noopener\"><span class='avia_hidden_link_text'>Compartir en LinkedIn<\/span><\/a><\/li><li class='av-share-link av-social-link-mail' ><a  aria-label=\"Compartir por correo\" href='mailto:?subject=Entregan%20tablets%20a%2013%20estudiantes%20en%20Escuela%20de%20Balmaceda%20del%20Programa%20Educaci%C3%B3n%20Financiera%20ni%C3%B1os%20y%20ni%C3%B1as%20del%20FOSIS&#038;body=https:\/\/radiorevelacionfm.cl\/?p=8580' aria-hidden='false' data-av_icon='\ue805' data-av_iconfont='entypo-fontello' title='' data-avia-related-tooltip='Compartir por correo'><span class='avia_hidden_link_text'>Compartir por correo<\/span><\/a><\/li><\/ul><\/div><\/div>\n<div  style='height:50px' class='hr hr-invisible   avia-builder-el-8  el_after_av_social_share  el_before_av_comments_list '><span class='hr-inner ' ><span class='hr-inner-style'><\/span><\/span><\/div>\n<div  class='av-buildercomment  av-blog-meta-html-info-disabled av-blog-meta-tag-disabled  '><\/div>\n","protected":false},"excerpt":{"rendered":"","protected":false},"author":1,"featured_media":8581,"comment_status":"open","ping_status":"open","sticky":false,"template":"","format":"standard","meta":{"footnotes":""},"categories":[38],"tags":[],"class_list":["post-8580","post","type-post","status-publish","format-standard","has-post-thumbnail","hentry","category-regional"],"jetpack_featured_media_url":"https:\/\/radiorevelacionfm.cl\/wp-content\/uploads\/2021\/09\/1b-1_optimized.jpg","_links":{"self":[{"href":"https:\/\/radiorevelacionfm.cl\/index.php?rest_route=\/wp\/v2\/posts\/8580","targetHints":{"allow":["GET"]}}],"collection":[{"href":"https:\/\/radiorevelacionfm.cl\/index.php?rest_route=\/wp\/v2\/posts"}],"about":[{"href":"https:\/\/radiorevelacionfm.cl\/index.php?rest_route=\/wp\/v2\/types\/post"}],"author":[{"embeddable":true,"href":"https:\/\/radiorevelacionfm.cl\/index.php?rest_route=\/wp\/v2\/users\/1"}],"replies":[{"embeddable":true,"href":"https:\/\/radiorevelacionfm.cl\/index.php?rest_route=%2Fwp%2Fv2%2Fcomments&post=8580"}],"version-history":[{"count":1,"href":"https:\/\/radiorevelacionfm.cl\/index.php?rest_route=\/wp\/v2\/posts\/8580\/revisions"}],"predecessor-version":[{"id":8582,"href":"https:\/\/radiorevelacionfm.cl\/index.php?rest_route=\/wp\/v2\/posts\/8580\/revisions\/8582"}],"wp:featuredmedia":[{"embeddable":true,"href":"https:\/\/radiorevelacionfm.cl\/index.php?rest_route=\/wp\/v2\/media\/8581"}],"wp:attachment":[{"href":"https:\/\/radiorevelacionfm.cl\/index.php?rest_route=%2Fwp%2Fv2%2Fmedia&parent=8580"}],"wp:term":[{"taxonomy":"category","embeddable":true,"href":"https:\/\/radiorevelacionfm.cl\/index.php?rest_route=%2Fwp%2Fv2%2Fcategories&post=8580"},{"taxonomy":"post_tag","embeddable":true,"href":"https:\/\/radiorevelacionfm.cl\/index.php?rest_route=%2Fwp%2Fv2%2Ftags&post=8580"}],"curies":[{"name":"wp","href":"https:\/\/api.w.org\/{rel}","templated":true}]}}