{"id":8577,"date":"2021-09-10T15:22:30","date_gmt":"2021-09-10T18:22:30","guid":{"rendered":"https:\/\/radiorevelacionfm.cl\/?p=8577"},"modified":"2021-09-10T15:22:30","modified_gmt":"2021-09-10T18:22:30","slug":"abren-postulaciones-a-certificacion-de-competencias-laborales-con-270-cupos-para-el-sector-turismo","status":"publish","type":"post","link":"https:\/\/radiorevelacionfm.cl\/?p=8577","title":{"rendered":"Abren postulaciones a Certificaci\u00f3n de Competencias Laborales con 270 cupos para el sector turismo"},"content":{"rendered":"<div class=\"flex_column av_one_full  flex_column_div av-zero-column-padding first  avia-builder-el-0  el_before_av_one_full  avia-builder-el-first  \" style='border-radius:0px; '><div  class='avia-image-container  av-styling-    avia-builder-el-1  avia-builder-el-no-sibling  avia-align-center '  itemprop=\"image\" itemscope=\"itemscope\" itemtype=\"https:\/\/schema.org\/ImageObject\"  ><div class='avia-image-container-inner'><div class='avia-image-overlay-wrap'><img decoding=\"async\" class='wp-image-8578 avia-img-lazy-loading-not-8578 avia_image' src=\"https:\/\/radiorevelacionfm.cl\/wp-content\/uploads\/2021\/09\/alianza_sence-sernatur_complab-2-1_optimized.jpg\" alt='' title='alianza_sence-sernatur_complab-(2)-(1)_optimized' height=\"600\" width=\"800\"  itemprop=\"thumbnailUrl\" srcset=\"https:\/\/radiorevelacionfm.cl\/wp-content\/uploads\/2021\/09\/alianza_sence-sernatur_complab-2-1_optimized.jpg 800w, https:\/\/radiorevelacionfm.cl\/wp-content\/uploads\/2021\/09\/alianza_sence-sernatur_complab-2-1_optimized-300x225.jpg 300w, https:\/\/radiorevelacionfm.cl\/wp-content\/uploads\/2021\/09\/alianza_sence-sernatur_complab-2-1_optimized-768x576.jpg 768w, https:\/\/radiorevelacionfm.cl\/wp-content\/uploads\/2021\/09\/alianza_sence-sernatur_complab-2-1_optimized-705x529.jpg 705w, https:\/\/radiorevelacionfm.cl\/wp-content\/uploads\/2021\/09\/alianza_sence-sernatur_complab-2-1_optimized-600x450.jpg 600w\" sizes=\"(max-width: 800px) 100vw, 800px\" \/><\/div><\/div><\/div><\/div><div class=\"flex_column av_one_full  flex_column_div av-zero-column-padding first  avia-builder-el-2  el_after_av_one_full  el_before_av_one_full  column-top-margin\" style='border-radius:0px; '><section class=\"av_textblock_section \"  itemscope=\"itemscope\" itemtype=\"https:\/\/schema.org\/BlogPosting\" itemprop=\"blogPost\" ><div class='avia_textblock  '   itemprop=\"text\" ><p style=\"text-align: center;\"><strong><span style=\"font-size: 18pt;\">Abren postulaciones a Certificaci\u00f3n de Competencias Laborales con 270 cupos para el sector turismo<\/span><\/strong><\/p>\n<div id=\"gtx-trans\" style=\"position: absolute; left: -50px; top: 4.31534px;\">\n<div class=\"gtx-trans-icon\"><\/div>\n<\/div>\n<\/div><\/section><\/div><div class=\"flex_column av_one_full  flex_column_div av-zero-column-padding first  avia-builder-el-4  el_after_av_one_full  el_before_av_hr  column-top-margin\" style='border-radius:0px; '><section class=\"av_textblock_section \"  itemscope=\"itemscope\" itemtype=\"https:\/\/schema.org\/BlogPosting\" itemprop=\"blogPost\" ><div class='avia_textblock  '   itemprop=\"text\" ><div>\n<p style=\"text-align: justify;\"><span lang=\"ES\">Con el prop\u00f3sito de reconocer formalmente los conocimientos, capacidades y aptitudes de personas para ejecutar funciones espec\u00edficas de un puesto de trabajo, independientemente de c\u00f3mo las hayan adquirido en el sector turismo, el Servicio Nacional de Capacitaci\u00f3n y Empleo, Sence realiz\u00f3 una alianza con el Servicio Nacional de Turismo, Sernatur, abriendo 270 cupos en el Programa de Certificaci\u00f3n de Competencias Laborales. La certificaci\u00f3n est\u00e1 a cargo de un ente Certificador validado por Chile Valora, en este caso, CNC Valida.<\/span><\/p>\n<p class=\"v1MsoNormal\" style=\"text-align: justify;\"><span lang=\"ES\">\u00abSence est\u00e1 entregando cupos a trav\u00e9s de Sernatur donde pueden postular a estos beneficios, que tienen que ver con la certificaci\u00f3n de las competencias de los trabajadores del \u00e1rea de turismo y especificamos tambi\u00e9n esto porque es muy necesario para este sector, el poder llegar a certificar sus competencias y habilidades que ya tienen y en las que ya est\u00e1n trabajando. Actualmente estamos con los choferes de turismo que ya se est\u00e1n certificando. Con esto llegamos a toda la regi\u00f3n con un nuevo desaf\u00edo, con nuevas certificaciones que son necesarias para mejores empleos tambi\u00e9n en el \u00e1rea de turismo. La certificaci\u00f3n de competencias tiene que ver con conocimiento, se eval\u00faa el conocimiento de las personas, a trav\u00e9s de qu\u00e9 saben hacer. Por ejemplo, en el \u00e1rea de la gastronom\u00eda donde tenemos 150 cupos, se eval\u00faa el conocimiento que tienen las personas en el \u00e1rea de gastronom\u00eda, es el caso de la manipulaci\u00f3n de alimentos donde es necesario que las personas se eval\u00faan para ir cada a\u00f1o renovando el certificado de manipulaci\u00f3n de alimentos\u00bb, explic\u00f3 Samuel Santana, Director Regional(s) de Sence.<\/span><\/p>\n<p class=\"v1MsoNormal\" style=\"text-align: justify;\"><span lang=\"ES\">Por su parte, el Director Regional de Sernatur, Patricio Bast\u00edas, se refiri\u00f3 a la reactivaci\u00f3n del sector por medio de este tipo de iniciativas, \u00abHoy d\u00eda el sector turismo est\u00e1 pasando por momentos muy diferentes a lo que viv\u00edamos hace un a\u00f1o atr\u00e1s. Esta reactivaci\u00f3n que estamos viviendo, est\u00e1 demandando mano de obra, gente que quiera volver al rubro. Sabemos que esta pandemia afect\u00f3 mucho el tema laboral, mucha gente se moviliz\u00f3 hacia otros sectores y estas becas vienen a atender un poco esa condici\u00f3n de certificar a las personas que se han desenvuelto en una actividad y que hoy en d\u00eda van a trav\u00e9s de este espacio a certificar esas competencias y ojal\u00e1 volver al sector que estamos tratando que se reactive. Nuestro llamado es a participar, postular y a sumar esos conocimientos que por mucho tiempo desarroll\u00f3 y que hoy d\u00eda le permitir\u00e1 tener una certificaci\u00f3n que lo valida\u00bb, se\u00f1al\u00f3, valorando el apoyo de los gremios del turismo. \u00a0\u00a0\u00a0\u00a0\u00a0<\/span><\/p>\n<p class=\"v1MsoNormal\" style=\"text-align: justify;\"><span lang=\"ES\">Hay 270 cupos para toda la Regi\u00f3n de Ays\u00e9n en el sector turismo, siendo los perfiles preparados en conjunto con las ZOIT regionales: 90 cupos disponibles en turismo en general; 150 cupos disponibles en gastronom\u00eda y 30 cupos disponibles en hoteler\u00eda. Algunos perfiles espec\u00edficos son: mucamas, maestro de cocina, pastelero, ayudante de cocina, administrador de establecimientos gastron\u00f3micos, cajero de local de comida r\u00e1pida, gu\u00eda de turismo general, conductor de transporte tur\u00edstico y agente de viajes, entre mucho m\u00e1s.<\/span><\/p>\n<p style=\"text-align: justify;\"><span lang=\"ES\">Con respecto a la utilidad de las certificaciones laborales, la Seremi del Trabajo y Previsi\u00f3n Social, Andrea Ponce, afirm\u00f3 que \u00abLa certificaci\u00f3n de competencias es reconocer lo que una persona sabe, lo que una persona aprendi\u00f3 de muchos a\u00f1os pero que no estudi\u00f3, pero sin embargo tiene la experiencia y es muy valiosa, eso a la hora de buscar un empleo puede no valer, entonces lo que hoy d\u00eda queremos hacer es juntar experiencia con un t\u00edtulo, es reconocer a alguien que lleva a\u00f1os realizando un trabajo, que lo aprendi\u00f3 en el trascurso de su vida, trabajando d\u00eda a d\u00eda y hoy queremos entregarle un t\u00edtulo que lo valide. A la hora de buscar un empleo, eso es un plus, es una mejora, un punto a favor, por lo tanto, es importante la capacitaci\u00f3n. Nosotros a trav\u00e9s de Sence, eso es lo que hacemos y luego apoyamos en la b\u00fasqueda de un mejor empleo, sin duda una persona que est\u00e1 capacitada y certificada va a poder optar a un mejor puesto laboral. Como lo se\u00f1alaba el Seremi de Econom\u00eda, afortunadamente en la Regi\u00f3n de Ays\u00e9n estamos llegando a cifras que son similares a las que ten\u00edamos antes de la pandemia y estamos aqu\u00ed para apoyarlos porque hoy d\u00eda hay trabajo en la Regi\u00f3n de Ays\u00e9n\u00bb destac\u00f3 la autoridad.<\/span><\/p>\n<p class=\"v1MsoNormal\" style=\"text-align: justify;\"><span lang=\"ES\">\u00abNos encontramos en un escenario en que todav\u00eda estamos en pandemia, pero hemos ido avanzando, nuestra regi\u00f3n se ha recuperado, en la recuperaci\u00f3n de trabajos ya llevamos un 3,8% de desempleo, casi una cifra de pleno empleo. Tambi\u00e9n como se mencionaba, las exigencias en la actualidad han ido aumentando, cada vez que recibimos a un cliente, cada vez que recibimos a un turista, vienen con un nivel m\u00e1s elevado de petici\u00f3n de servicios. Tenemos que pensar que nuestra regi\u00f3n poco a poco se ha ido capacitando y en eso tenemos que apoyar. Apoyamos como Gobierno a trav\u00e9s de Sence del Ministerio del Trabajo y esta alianza que se hace con el Ministerio de Econom\u00eda a trav\u00e9s de Sernatur. Estamos muy contentos porque de esta forma vamos demostrando que en nuestra regi\u00f3n hace a los nuevos gu\u00edas y hace a las personas que nos prestan los servicios d\u00eda a d\u00eda\u00bb, concluy\u00f3 el Seremi de Econom\u00eda, Fomento y Turismo, Carlos Pacheco. \u00a0\u00a0<\/span><\/p>\n<p class=\"v1MsoNormal\" style=\"text-align: justify;\"><b><u><span lang=\"ES\">Requisitos e invitaci\u00f3n a postular desde el sector<\/span><\/u><\/b><\/p>\n<p class=\"v1MsoNormal\" style=\"text-align: justify;\"><span lang=\"ES\">Rodrigo Mancilla, parte de la Asociaci\u00f3n de Gu\u00edas de Turismo y de Patrimonio Cultural de la Patagonia Ays\u00e9n apreci\u00f3 esta oportunidad para el sector, \u00abEn esta oportunidad estamos aqu\u00ed para agradecer y valorar oportunidad que se entrega para poder validad los conocimientos que tienen los gu\u00edas de turismo de nuestra regi\u00f3n, y como asociaci\u00f3n invitamos a todos los gu\u00edas de turismo de nuestra asociaci\u00f3n y tambi\u00e9n a tambi\u00e9n de toda la regi\u00f3n a inscribirse y tomar estos cupos, porque cada d\u00eda nuestros viajeros que visitan la regi\u00f3n de Ays\u00e9n, buscan personas que tengan estos conocimientos y que est\u00e9n validados ante los registros\u00bb concluy\u00f3 Mancilla, quien se certific\u00f3 como gu\u00eda hace un tiempo atr\u00e1s.<\/span><\/p>\n<p class=\"v1MsoNormal\" style=\"text-align: justify;\"><span lang=\"ES\">A su vez, John Sebasti\u00e1n Cristancho, se\u00f1al\u00f3 que \u00abLlevo en Chile viviendo desde el 2018 aproximadamente y ahora se me brind\u00f3 la oportunidad de esta certificaci\u00f3n, que lo que hace es revalidar este conocimiento que uno tiene a trav\u00e9s del trabajo desempe\u00f1ado durante los \u00faltimos a\u00f1os, que en mi caso, me abre las puertas, me da la posibilidad de emprender, de formar quiz\u00e1s mi propia empresa o estar capacitado para salir con alguna empresa que requiera los servicios que uno ofrezca, yo soy publicista de profesi\u00f3n y prontamente gu\u00eda de turismo certificado por SENCE\u00bb manifest\u00f3 el gu\u00eda de origen colombiano.<\/span><\/p>\n<p class=\"v1MsoNormal\" style=\"text-align: justify;\"><span lang=\"ES\">Los requisitos para postular y acceder a la certificaci\u00f3n son: s<\/span>er mayor de 18 a\u00f1os, tener conocimientos en el perfil a evaluar, lo que se mide previo diagn\u00f3stico de competencias o elegibilidad e i<span lang=\"ES\">nscribirse enviando un mail con sus datos de contacto a Fabiola Figueroa,\u00a0<a href=\"mailto:ffigueroa@sernatur.cl\" rel=\"noreferrer\">ffigueroa@sernatur.cl<\/a>\u00a0quien es la encargada en Sernatur de realizar la posterior selecci\u00f3n.<\/span><\/p>\n<p class=\"v1MsoNormal\" style=\"text-align: justify;\"><span lang=\"ES\">Para entregar detalles sobre esta iniciativa y otros programas de Sence, como Despega Mipe y Becas Laborales, se realiz\u00f3 un Facebook Live, aclarando consultas de la comunidad en vivo, el cual se puede revisar en las fanpages de Sence Ays\u00e9n, Sernatur Ays\u00e9n y MintrabAys\u00e9n.\u00a0<\/span><b><u><\/u><\/b><\/p>\n<\/div>\n<div style=\"text-align: justify;\"><\/div>\n<\/div><\/section><\/div><div  style='height:50px' class='hr hr-invisible   avia-builder-el-6  el_after_av_one_full  el_before_av_social_share '><span class='hr-inner ' ><span class='hr-inner-style'><\/span><\/span><\/div><\/p>\n<div  class='av-social-sharing-box  avia-builder-el-7  el_after_av_hr  el_before_av_hr  '><div class='av-share-box'><h5 class='av-share-link-description av-no-toc '>Compartir esta noticia<\/h5><ul class='av-share-box-list noLightbox'><li class='av-share-link av-social-link-facebook' ><a target=\"_blank\" aria-label=\"Compartir en Facebook\" href='https:\/\/www.facebook.com\/sharer.php?u=https:\/\/radiorevelacionfm.cl\/?p=8577&#038;t=Abren%20postulaciones%20a%20Certificaci%C3%B3n%20de%20Competencias%20Laborales%20con%20270%20cupos%20para%20el%20sector%20turismo' aria-hidden='false' data-av_icon='\ue8f3' data-av_iconfont='entypo-fontello' title='' data-avia-related-tooltip='Compartir en Facebook' rel=\"noopener\"><span class='avia_hidden_link_text'>Compartir en Facebook<\/span><\/a><\/li><li class='av-share-link av-social-link-twitter' ><a target=\"_blank\" aria-label=\"Compartir en Twitter\" href='https:\/\/twitter.com\/share?text=Abren%20postulaciones%20a%20Certificaci%C3%B3n%20de%20Competencias%20Laborales%20con%20270%20cupos%20para%20el%20sector%20turismo&#038;url=https:\/\/radiorevelacionfm.cl\/?p=8577' aria-hidden='false' data-av_icon='\ue8f1' data-av_iconfont='entypo-fontello' title='' data-avia-related-tooltip='Compartir en Twitter' rel=\"noopener\"><span class='avia_hidden_link_text'>Compartir en Twitter<\/span><\/a><\/li><li class='av-share-link av-social-link-whatsapp' ><a target=\"_blank\" aria-label=\"Compartir en Whatsapp\" href='https:\/\/api.whatsapp.com\/send?text=https:\/\/radiorevelacionfm.cl\/?p=8577' aria-hidden='false' data-av_icon='\uf232' data-av_iconfont='entypo-fontello' title='' data-avia-related-tooltip='Compartir en Whatsapp' rel=\"noopener\"><span class='avia_hidden_link_text'>Compartir en Whatsapp<\/span><\/a><\/li><li class='av-share-link av-social-link-linkedin' ><a target=\"_blank\" aria-label=\"Compartir en LinkedIn\" href='https:\/\/linkedin.com\/shareArticle?mini=true&#038;title=Abren%20postulaciones%20a%20Certificaci%C3%B3n%20de%20Competencias%20Laborales%20con%20270%20cupos%20para%20el%20sector%20turismo&#038;url=https:\/\/radiorevelacionfm.cl\/?p=8577' aria-hidden='false' data-av_icon='\ue8fc' data-av_iconfont='entypo-fontello' title='' data-avia-related-tooltip='Compartir en LinkedIn' rel=\"noopener\"><span class='avia_hidden_link_text'>Compartir en LinkedIn<\/span><\/a><\/li><li class='av-share-link av-social-link-mail' ><a  aria-label=\"Compartir por correo\" href='mailto:?subject=Abren%20postulaciones%20a%20Certificaci%C3%B3n%20de%20Competencias%20Laborales%20con%20270%20cupos%20para%20el%20sector%20turismo&#038;body=https:\/\/radiorevelacionfm.cl\/?p=8577' aria-hidden='false' data-av_icon='\ue805' data-av_iconfont='entypo-fontello' title='' data-avia-related-tooltip='Compartir por correo'><span class='avia_hidden_link_text'>Compartir por correo<\/span><\/a><\/li><\/ul><\/div><\/div>\n<div  style='height:50px' class='hr hr-invisible   avia-builder-el-8  el_after_av_social_share  el_before_av_comments_list '><span class='hr-inner ' ><span class='hr-inner-style'><\/span><\/span><\/div>\n<div  class='av-buildercomment  av-blog-meta-html-info-disabled av-blog-meta-tag-disabled  '><\/div>\n","protected":false},"excerpt":{"rendered":"","protected":false},"author":1,"featured_media":8578,"comment_status":"open","ping_status":"open","sticky":false,"template":"","format":"standard","meta":{"footnotes":""},"categories":[56,54],"tags":[],"class_list":["post-8577","post","type-post","status-publish","format-standard","has-post-thumbnail","hentry","category-trabajo","category-turismo"],"jetpack_featured_media_url":"https:\/\/radiorevelacionfm.cl\/wp-content\/uploads\/2021\/09\/alianza_sence-sernatur_complab-2-1_optimized.jpg","_links":{"self":[{"href":"https:\/\/radiorevelacionfm.cl\/index.php?rest_route=\/wp\/v2\/posts\/8577","targetHints":{"allow":["GET"]}}],"collection":[{"href":"https:\/\/radiorevelacionfm.cl\/index.php?rest_route=\/wp\/v2\/posts"}],"about":[{"href":"https:\/\/radiorevelacionfm.cl\/index.php?rest_route=\/wp\/v2\/types\/post"}],"author":[{"embeddable":true,"href":"https:\/\/radiorevelacionfm.cl\/index.php?rest_route=\/wp\/v2\/users\/1"}],"replies":[{"embeddable":true,"href":"https:\/\/radiorevelacionfm.cl\/index.php?rest_route=%2Fwp%2Fv2%2Fcomments&post=8577"}],"version-history":[{"count":1,"href":"https:\/\/radiorevelacionfm.cl\/index.php?rest_route=\/wp\/v2\/posts\/8577\/revisions"}],"predecessor-version":[{"id":8579,"href":"https:\/\/radiorevelacionfm.cl\/index.php?rest_route=\/wp\/v2\/posts\/8577\/revisions\/8579"}],"wp:featuredmedia":[{"embeddable":true,"href":"https:\/\/radiorevelacionfm.cl\/index.php?rest_route=\/wp\/v2\/media\/8578"}],"wp:attachment":[{"href":"https:\/\/radiorevelacionfm.cl\/index.php?rest_route=%2Fwp%2Fv2%2Fmedia&parent=8577"}],"wp:term":[{"taxonomy":"category","embeddable":true,"href":"https:\/\/radiorevelacionfm.cl\/index.php?rest_route=%2Fwp%2Fv2%2Fcategories&post=8577"},{"taxonomy":"post_tag","embeddable":true,"href":"https:\/\/radiorevelacionfm.cl\/index.php?rest_route=%2Fwp%2Fv2%2Ftags&post=8577"}],"curies":[{"name":"wp","href":"https:\/\/api.w.org\/{rel}","templated":true}]}}