{"id":8573,"date":"2021-09-10T16:05:03","date_gmt":"2021-09-10T19:05:03","guid":{"rendered":"https:\/\/radiorevelacionfm.cl\/?p=8573"},"modified":"2021-09-10T16:05:03","modified_gmt":"2021-09-10T19:05:03","slug":"mas-de-70-estudiantes-fueron-parte-del-lanzamiento-del-campeonato-de-triples-en-aysen","status":"publish","type":"post","link":"https:\/\/radiorevelacionfm.cl\/?p=8573","title":{"rendered":"M\u00e1s de 70 estudiantes fueron parte del lanzamiento del Campeonato de Triples en Ays\u00e9n"},"content":{"rendered":"<div class=\"flex_column av_one_full  flex_column_div av-zero-column-padding first  avia-builder-el-0  el_before_av_one_full  avia-builder-el-first  \" style='border-radius:0px; '><div  class='avia-image-container  av-styling-    avia-builder-el-1  avia-builder-el-no-sibling  avia-align-center '  itemprop=\"image\" itemscope=\"itemscope\" itemtype=\"https:\/\/schema.org\/ImageObject\"  ><div class='avia-image-container-inner'><div class='avia-image-overlay-wrap'><img decoding=\"async\" class='wp-image-8574 avia-img-lazy-loading-not-8574 avia_image' src=\"https:\/\/radiorevelacionfm.cl\/wp-content\/uploads\/2021\/09\/Campeonato-Triples-1-1.jpg\" alt='' title='Campeonato Triples (1) (1)' height=\"600\" width=\"800\"  itemprop=\"thumbnailUrl\" srcset=\"https:\/\/radiorevelacionfm.cl\/wp-content\/uploads\/2021\/09\/Campeonato-Triples-1-1.jpg 800w, https:\/\/radiorevelacionfm.cl\/wp-content\/uploads\/2021\/09\/Campeonato-Triples-1-1-300x225.jpg 300w, https:\/\/radiorevelacionfm.cl\/wp-content\/uploads\/2021\/09\/Campeonato-Triples-1-1-768x576.jpg 768w, https:\/\/radiorevelacionfm.cl\/wp-content\/uploads\/2021\/09\/Campeonato-Triples-1-1-705x529.jpg 705w, https:\/\/radiorevelacionfm.cl\/wp-content\/uploads\/2021\/09\/Campeonato-Triples-1-1-600x450.jpg 600w\" sizes=\"(max-width: 800px) 100vw, 800px\" \/><\/div><\/div><\/div><\/div><div class=\"flex_column av_one_full  flex_column_div av-zero-column-padding first  avia-builder-el-2  el_after_av_one_full  el_before_av_one_full  column-top-margin\" style='border-radius:0px; '><section class=\"av_textblock_section \"  itemscope=\"itemscope\" itemtype=\"https:\/\/schema.org\/BlogPosting\" itemprop=\"blogPost\" ><div class='avia_textblock  '   itemprop=\"text\" ><p style=\"text-align: center;\"><span style=\"font-size: 18pt;\"><strong>M\u00e1s de 70 estudiantes fueron parte del lanzamiento del Campeonato de Triples en Ays\u00e9n<\/strong><\/span><\/p>\n<div id=\"gtx-trans\" style=\"position: absolute; left: -50px; top: 4.31534px;\">\n<div class=\"gtx-trans-icon\"><\/div>\n<\/div>\n<\/div><\/section><\/div><div class=\"flex_column av_one_full  flex_column_div av-zero-column-padding first  avia-builder-el-4  el_after_av_one_full  el_before_av_hr  column-top-margin\" style='border-radius:0px; '><section class=\"av_textblock_section \"  itemscope=\"itemscope\" itemtype=\"https:\/\/schema.org\/BlogPosting\" itemprop=\"blogPost\" ><div class='avia_textblock  '   itemprop=\"text\" ><p style=\"text-align: justify;\">Positivo es el balance tras la primera fecha del campeonato de Triples y Habilidades de B\u00e1squetbol que se inici\u00f3 este jueves y que tuvo lugar en recinto del Polideportivo 21 de Abril en Puerto Ays\u00e9n.<\/p>\n<p style=\"text-align: justify;\">La instancia, organizada de forma conjunta por la Direcci\u00f3n de Educaci\u00f3n Municipal, a trav\u00e9s de su Unidad Extraescolar, Salud y Deporte; y el Servicio Nacional para la Prevenci\u00f3n y Rehabilitaci\u00f3n del Consumo de Drogas y Alcohol, SENDA Ays\u00e9n; tuvo una muy buena acogida por parte de los estudiantes ayseninos, quienes se congregaron en lo que fue la ceremonia de inauguraci\u00f3n y posterior inicio de lanzamiento de triples y habilidades.<\/p>\n<p style=\"text-align: justify;\">Fue as\u00ed que, acompa\u00f1ados por sus profesores y monitores de educaci\u00f3n f\u00edsica, arribaron alumnos y alumnas de las escuelas Ays\u00e9n, Litoral Austral, Ribera Sur, Gabriela Mistral, Santa Teresa, San Jos\u00e9, Kalem y Sagrada Familia, de Puerto Ays\u00e9n; y la escuela Almirante Simpson, de Puerto Chacabuco, quienes mostraron todos sus dotes y talento en el b\u00e1squetbol, buscando sumar puntaje en esta instancia que contar\u00e1 con un total de cinco fechas y que se extender\u00e1 hasta el mes de noviembre, donde la gran final enfrentar\u00e1 a los mejores de la comuna y quienes resulten vencedores en las diversas categor\u00edas en el torneo que de forma paralela se desarrolla en Coyhaique.<\/p>\n<p style=\"text-align: justify;\">\u201cVine porque igual en mi familia esto es algo de tradici\u00f3n, casi todos mis t\u00edos han aprendido, practicado y les ha gustado el b\u00e1squetbol, entonces quise seguir esa tradici\u00f3n y tambi\u00e9n venir porque siento que es algo divertido. Me parece muy bien la actividad porque a pesar del Covid, donde gente ha fallecido y ha empeorado la salud, me parece una buena instancia poder venir a disfrutar de este momento\u201d, dio a conocer Damaris Huenchupan, estudiante de la Almirante Simpson y participante de la segunda categor\u00eda, que integra 10-11 a\u00f1os.<\/p>\n<p style=\"text-align: justify;\">Por su parte, Agust\u00edn Jaque, de tercero b\u00e1sico del colegio Santo Teresa -participante de la primera categor\u00eda, de 8-9 a\u00f1os-, manifest\u00f3 su alegr\u00eda ante el inicio de esta actividad. \u201cEste campeonato me parece bien, yo creo que es muy divertido. Esta es una oportunidad para conocer ni\u00f1os de otras escuelas y principalmente jugar\u201d.<\/p>\n<p style=\"text-align: justify;\">En tanto, Benjam\u00edn Mansilla, de s\u00e9ptimo a\u00f1o de la escuela Gabriela Mistral -inscrito en tercera categor\u00eda, de 12-13 a\u00f1os-, agradeci\u00f3 esta instancia que les permitir\u00e1 un momento de esparcimiento, de la mano de la pr\u00e1ctica del deporte. \u201cMe gusta el b\u00e1squetbol, el profesor me motiv\u00f3 a jugar b\u00e1squetbol y participar. Me parece bien que podamos jugar en este campeonato, despu\u00e9s de la pandemia. Estar aqu\u00ed es m\u00e1s para participar, representar a la escuela y conocer a m\u00e1s personas\u201d.<\/p>\n<p style=\"text-align: justify;\">En la ceremonia, de car\u00e1cter breve y sencilla, fueron presentadas cada una de las cinco categor\u00edas, en que adem\u00e1s se relev\u00f3 el compromiso de las comunidades educativas, para con la primera versi\u00f3n de esta iniciativa.<\/p>\n<p style=\"text-align: justify;\">\u201cEstamos muy contentos, agradecidos de todas las instituciones que son parte. Como municipio, orgullosos de abrir los espacios en este campeonato que busca incentivar esta disciplina. Somos una cuna de grandes campeones, como Cristopher merino, Manuel Torres y muchos m\u00e1s que hoy nos representan en la liga. Nuestro municipio, nuestro alcalde siempre le ha dado un valor agregado al deporte, porque estamos seguros que su pr\u00e1ctica ayuda a formar grandes personas, y es esencial en la prevenci\u00f3n\u201d, expuso el jefe de gabinete de la municipalidad, Marco Co\u00f1uecar, quien asisti\u00f3 en representaci\u00f3n del edil, Julio Uribe.<\/p>\n<p style=\"text-align: justify;\">Desde SENDA, en tanto, expresaron que \u201cestamos felices de la gran participaci\u00f3n que hemos tenido hoy en este gran espacio, agradecemos al DEM que nos ha apoyado bastante y esperamos salga todo bien para noviembre, en lo que ser\u00e1 la gran final con los ganadores de Coyhaique\u201c, se\u00f1al\u00f3 Carlos Jara, director (S) SENDA regi\u00f3n Ays\u00e9n.<\/p>\n<p style=\"text-align: justify;\">Respecto al desarrollo del evento -que sumar\u00e1 una nueva fecha en septiembre, dos en octubre y una en noviembre-, \u00e9ste se realizar\u00e1 en su totalidad en el Polideportivo 21 de abril, quienes abrieron sus puertas en pos de albergar a todos y cada uno de los participantes, siempre contando con las medidas preventivas indicadas por la autoridad sanitaria a fin de que se desarrolle de manera \u00f3ptima. \u201cComo Corporaci\u00f3n de Deportes, nos sentimos orgullos que se empiece a reactivar paulatinamente el deporte en la comunidad, y darles el espacio necesario a los ni\u00f1os\u201d, indic\u00f3 Carlos C\u00e1rcamo, director ejecutivo Corporaci\u00f3n de Deporte del municipio local.<\/p>\n<p style=\"text-align: justify;\">Finalmente, Tamara Villegas, directora DEM Ays\u00e9n relev\u00f3 la ejecuci\u00f3n de este torneo dado que \u201cpor fin nuestros estudiantes y deportistas podr\u00e1n reunirse y desarrollar sus habilidades deportivas tras mucho tiempo sin actividades deportivas masivas en \u00e9ste, que es un campeonato largo, y que estamos seguros lograr\u00e1 sacar los mejor de los valores deportivos y de vida en nuestros ni\u00f1os y ni\u00f1as\u201d.<\/p>\n<\/div><\/section><\/div><div  style='height:50px' class='hr hr-invisible   avia-builder-el-6  el_after_av_one_full  el_before_av_social_share '><span class='hr-inner ' ><span class='hr-inner-style'><\/span><\/span><\/div><\/p>\n<div  class='av-social-sharing-box  avia-builder-el-7  el_after_av_hr  el_before_av_hr  '><div class='av-share-box'><h5 class='av-share-link-description av-no-toc '>Compartir esta noticia<\/h5><ul class='av-share-box-list noLightbox'><li class='av-share-link av-social-link-facebook' ><a target=\"_blank\" aria-label=\"Compartir en Facebook\" href='https:\/\/www.facebook.com\/sharer.php?u=https:\/\/radiorevelacionfm.cl\/?p=8573&#038;t=M%C3%A1s%20de%2070%20estudiantes%20fueron%20parte%20del%20lanzamiento%20del%20Campeonato%20de%20Triples%20en%20Ays%C3%A9n' aria-hidden='false' data-av_icon='\ue8f3' data-av_iconfont='entypo-fontello' title='' data-avia-related-tooltip='Compartir en Facebook' rel=\"noopener\"><span class='avia_hidden_link_text'>Compartir en Facebook<\/span><\/a><\/li><li class='av-share-link av-social-link-twitter' ><a target=\"_blank\" aria-label=\"Compartir en Twitter\" href='https:\/\/twitter.com\/share?text=M%C3%A1s%20de%2070%20estudiantes%20fueron%20parte%20del%20lanzamiento%20del%20Campeonato%20de%20Triples%20en%20Ays%C3%A9n&#038;url=https:\/\/radiorevelacionfm.cl\/?p=8573' aria-hidden='false' data-av_icon='\ue8f1' data-av_iconfont='entypo-fontello' title='' data-avia-related-tooltip='Compartir en Twitter' rel=\"noopener\"><span class='avia_hidden_link_text'>Compartir en Twitter<\/span><\/a><\/li><li class='av-share-link av-social-link-whatsapp' ><a target=\"_blank\" aria-label=\"Compartir en Whatsapp\" href='https:\/\/api.whatsapp.com\/send?text=https:\/\/radiorevelacionfm.cl\/?p=8573' aria-hidden='false' data-av_icon='\uf232' data-av_iconfont='entypo-fontello' title='' data-avia-related-tooltip='Compartir en Whatsapp' rel=\"noopener\"><span class='avia_hidden_link_text'>Compartir en Whatsapp<\/span><\/a><\/li><li class='av-share-link av-social-link-linkedin' ><a target=\"_blank\" aria-label=\"Compartir en LinkedIn\" href='https:\/\/linkedin.com\/shareArticle?mini=true&#038;title=M%C3%A1s%20de%2070%20estudiantes%20fueron%20parte%20del%20lanzamiento%20del%20Campeonato%20de%20Triples%20en%20Ays%C3%A9n&#038;url=https:\/\/radiorevelacionfm.cl\/?p=8573' aria-hidden='false' data-av_icon='\ue8fc' data-av_iconfont='entypo-fontello' title='' data-avia-related-tooltip='Compartir en LinkedIn' rel=\"noopener\"><span class='avia_hidden_link_text'>Compartir en LinkedIn<\/span><\/a><\/li><li class='av-share-link av-social-link-mail' ><a  aria-label=\"Compartir por correo\" href='mailto:?subject=M%C3%A1s%20de%2070%20estudiantes%20fueron%20parte%20del%20lanzamiento%20del%20Campeonato%20de%20Triples%20en%20Ays%C3%A9n&#038;body=https:\/\/radiorevelacionfm.cl\/?p=8573' aria-hidden='false' data-av_icon='\ue805' data-av_iconfont='entypo-fontello' title='' data-avia-related-tooltip='Compartir por correo'><span class='avia_hidden_link_text'>Compartir por correo<\/span><\/a><\/li><\/ul><\/div><\/div>\n<div  style='height:50px' class='hr hr-invisible   avia-builder-el-8  el_after_av_social_share  el_before_av_comments_list '><span class='hr-inner ' ><span class='hr-inner-style'><\/span><\/span><\/div>\n<div  class='av-buildercomment  av-blog-meta-html-info-disabled av-blog-meta-tag-disabled  '><\/div>\n","protected":false},"excerpt":{"rendered":"","protected":false},"author":1,"featured_media":8574,"comment_status":"open","ping_status":"open","sticky":false,"template":"","format":"standard","meta":{"footnotes":""},"categories":[40],"tags":[],"class_list":["post-8573","post","type-post","status-publish","format-standard","has-post-thumbnail","hentry","category-deportes"],"jetpack_featured_media_url":"https:\/\/radiorevelacionfm.cl\/wp-content\/uploads\/2021\/09\/Campeonato-Triples-1-1.jpg","_links":{"self":[{"href":"https:\/\/radiorevelacionfm.cl\/index.php?rest_route=\/wp\/v2\/posts\/8573","targetHints":{"allow":["GET"]}}],"collection":[{"href":"https:\/\/radiorevelacionfm.cl\/index.php?rest_route=\/wp\/v2\/posts"}],"about":[{"href":"https:\/\/radiorevelacionfm.cl\/index.php?rest_route=\/wp\/v2\/types\/post"}],"author":[{"embeddable":true,"href":"https:\/\/radiorevelacionfm.cl\/index.php?rest_route=\/wp\/v2\/users\/1"}],"replies":[{"embeddable":true,"href":"https:\/\/radiorevelacionfm.cl\/index.php?rest_route=%2Fwp%2Fv2%2Fcomments&post=8573"}],"version-history":[{"count":1,"href":"https:\/\/radiorevelacionfm.cl\/index.php?rest_route=\/wp\/v2\/posts\/8573\/revisions"}],"predecessor-version":[{"id":8575,"href":"https:\/\/radiorevelacionfm.cl\/index.php?rest_route=\/wp\/v2\/posts\/8573\/revisions\/8575"}],"wp:featuredmedia":[{"embeddable":true,"href":"https:\/\/radiorevelacionfm.cl\/index.php?rest_route=\/wp\/v2\/media\/8574"}],"wp:attachment":[{"href":"https:\/\/radiorevelacionfm.cl\/index.php?rest_route=%2Fwp%2Fv2%2Fmedia&parent=8573"}],"wp:term":[{"taxonomy":"category","embeddable":true,"href":"https:\/\/radiorevelacionfm.cl\/index.php?rest_route=%2Fwp%2Fv2%2Fcategories&post=8573"},{"taxonomy":"post_tag","embeddable":true,"href":"https:\/\/radiorevelacionfm.cl\/index.php?rest_route=%2Fwp%2Fv2%2Ftags&post=8573"}],"curies":[{"name":"wp","href":"https:\/\/api.w.org\/{rel}","templated":true}]}}