{"id":8570,"date":"2021-09-10T14:49:31","date_gmt":"2021-09-10T17:49:31","guid":{"rendered":"https:\/\/radiorevelacionfm.cl\/?p=8570"},"modified":"2021-09-10T14:49:31","modified_gmt":"2021-09-10T17:49:31","slug":"realizan-jornada-de-actividad-fisica-a-parvulos-de-jardin-arcoiris-y-escuela-pedro-quintana-en-coyhaique","status":"publish","type":"post","link":"https:\/\/radiorevelacionfm.cl\/?p=8570","title":{"rendered":"Realizan jornada de actividad f\u00edsica a p\u00e1rvulos de jard\u00edn Arco\u00edris y escuela Pedro Quintana en Coyhaique"},"content":{"rendered":"<div class=\"flex_column av_one_full  flex_column_div av-zero-column-padding first  avia-builder-el-0  el_before_av_one_full  avia-builder-el-first  \" style='border-radius:0px; '><div  class='avia-image-container  av-styling-    avia-builder-el-1  avia-builder-el-no-sibling  avia-align-center '  itemprop=\"image\" itemscope=\"itemscope\" itemtype=\"https:\/\/schema.org\/ImageObject\"  ><div class='avia-image-container-inner'><div class='avia-image-overlay-wrap'><img decoding=\"async\" class='wp-image-8571 avia-img-lazy-loading-not-8571 avia_image' src=\"https:\/\/radiorevelacionfm.cl\/wp-content\/uploads\/2021\/09\/1-65-1-1.jpg\" alt='' title='1 (65) (1) (1)' height=\"600\" width=\"1091\"  itemprop=\"thumbnailUrl\" srcset=\"https:\/\/radiorevelacionfm.cl\/wp-content\/uploads\/2021\/09\/1-65-1-1.jpg 1091w, https:\/\/radiorevelacionfm.cl\/wp-content\/uploads\/2021\/09\/1-65-1-1-300x165.jpg 300w, https:\/\/radiorevelacionfm.cl\/wp-content\/uploads\/2021\/09\/1-65-1-1-1030x566.jpg 1030w, https:\/\/radiorevelacionfm.cl\/wp-content\/uploads\/2021\/09\/1-65-1-1-768x422.jpg 768w, https:\/\/radiorevelacionfm.cl\/wp-content\/uploads\/2021\/09\/1-65-1-1-705x388.jpg 705w, https:\/\/radiorevelacionfm.cl\/wp-content\/uploads\/2021\/09\/1-65-1-1-600x330.jpg 600w\" sizes=\"(max-width: 1091px) 100vw, 1091px\" \/><\/div><\/div><\/div><\/div>\n<div class=\"flex_column av_one_full  flex_column_div av-zero-column-padding first  avia-builder-el-2  el_after_av_one_full  el_before_av_one_full  column-top-margin\" style='border-radius:0px; '><section class=\"av_textblock_section \"  itemscope=\"itemscope\" itemtype=\"https:\/\/schema.org\/BlogPosting\" itemprop=\"blogPost\" ><div class='avia_textblock  '   itemprop=\"text\" ><p style=\"text-align: center;\"><span style=\"font-size: 18pt;\"><strong>Realizan jornada de actividad f\u00edsica a p\u00e1rvulos de jard\u00edn Arco\u00edris y escuela Pedro Quintana en Coyhaique<\/strong><\/span><\/p>\n<div id=\"gtx-trans\" style=\"position: absolute; left: -50px; top: 4.31534px;\">\n<div class=\"gtx-trans-icon\"><\/div>\n<\/div>\n<\/div><\/section><\/div><div class=\"flex_column av_one_full  flex_column_div av-zero-column-padding first  avia-builder-el-4  el_after_av_one_full  el_before_av_hr  column-top-margin\" style='border-radius:0px; '><section class=\"av_textblock_section \"  itemscope=\"itemscope\" itemtype=\"https:\/\/schema.org\/BlogPosting\" itemprop=\"blogPost\" ><div class='avia_textblock  '   itemprop=\"text\" ><p class=\"v1MsoNormal\" style=\"text-align: justify;\">La iniciativa que forma parte del Programa Crecer en Movimiento y su \u00a0componente Jugar y Aprender, congreg\u00f3 a los menores en torno a actividades l\u00fadicas y nutrici\u00f3n saludable.<\/p>\n<p class=\"v1MsoNormal\" style=\"text-align: justify;\">M\u00e1s de cien menores del Jard\u00edn Infantil Arco\u00edris y de la Escuela Pedro Quintana participaron de esta jornada, en la que junto a las monitoras del IND y educadoras de ambos establecimientos realizaron circuitos de psicomotricidad, actividades l\u00fadicas y juegos, adem\u00e1s de recibir orientaci\u00f3n en torno a la alimentaci\u00f3n saludable.<\/p>\n<p class=\"v1MsoNormal\" style=\"text-align: justify;\">En esta actividad estuvo presente el Seremi del Deporte, Rodrigo Cubilla Retamal quien\u00a0 se\u00f1al\u00f3 \u00abpara el Mindep e IND regional es muy importante que los ni\u00f1os desde la primera infancia comiencen a vincularse con la actividad sana y el deporte, todos sabemos que nuestra regi\u00f3n tiene cifras muy alarmantes de obesidad infantil y eso hay que ir mejor\u00e1ndolo por lo que poder desarrollar este tipo de jornadas es muy positivo y adem\u00e1s los ni\u00f1os lo disfrutan mucho\u00bb.<\/p>\n<p class=\"v1MsoNormal\" style=\"text-align: justify;\">En el mismo sentido el Director Regional del IND agreg\u00f3 \u00abel objetivo del programa a trav\u00e9s del componente \u00abJugar y Aprender\u00bb apunta a que ni\u00f1as y ni\u00f1os entre 2 y 6 a\u00f1os aumenten la pr\u00e1ctica sistem\u00e1tica de actividad f\u00edsica y deporte a trav\u00e9s del juego y la exploraci\u00f3n, permitiendo el desarrollo motriz integral y para ello hemos realizado una alianza con establecimientos educacionales que cuentan con niveles de transici\u00f3n pre-k\u00ednder y k\u00ednder; con la Junta Nacionales de Jardines Infantiles (JUNJI) y la Red de Salas Cuna y Jardines Infantiles de Fundaci\u00f3n Integra\u00bb.<\/p>\n<p class=\"v1MsoNormal\" style=\"text-align: justify;\">En la Escuela Pedro Quintana Mansilla, la jornada se desarroll\u00f3 en dos bloques horarios, manteniendo siempre los aforos permitidos, instancia en la que adem\u00e1s particip\u00f3 la nutricionista del programa quien exhibi\u00f3 un video relacionado con alimentaci\u00f3n saludable.<\/p>\n<\/div><\/section><\/div><\/p>\n<div  style='height:50px' class='hr hr-invisible   avia-builder-el-6  el_after_av_one_full  el_before_av_social_share '><span class='hr-inner ' ><span class='hr-inner-style'><\/span><\/span><\/div>\n<div  class='av-social-sharing-box  avia-builder-el-7  el_after_av_hr  el_before_av_hr  '><div class='av-share-box'><h5 class='av-share-link-description av-no-toc '>Compartir esta noticia<\/h5><ul class='av-share-box-list noLightbox'><li class='av-share-link av-social-link-facebook' ><a target=\"_blank\" aria-label=\"Compartir en Facebook\" href='https:\/\/www.facebook.com\/sharer.php?u=https:\/\/radiorevelacionfm.cl\/?p=8570&#038;t=Realizan%20jornada%20de%20actividad%20f%C3%ADsica%20a%20p%C3%A1rvulos%20de%20jard%C3%ADn%20Arco%C3%ADris%20y%20escuela%20Pedro%20Quintana%20en%20Coyhaique' aria-hidden='false' data-av_icon='\ue8f3' data-av_iconfont='entypo-fontello' title='' data-avia-related-tooltip='Compartir en Facebook' rel=\"noopener\"><span class='avia_hidden_link_text'>Compartir en Facebook<\/span><\/a><\/li><li class='av-share-link av-social-link-twitter' ><a target=\"_blank\" aria-label=\"Compartir en Twitter\" href='https:\/\/twitter.com\/share?text=Realizan%20jornada%20de%20actividad%20f%C3%ADsica%20a%20p%C3%A1rvulos%20de%20jard%C3%ADn%20Arco%C3%ADris%20y%20escuela%20Pedro%20Quintana%20en%20Coyhaique&#038;url=https:\/\/radiorevelacionfm.cl\/?p=8570' aria-hidden='false' data-av_icon='\ue8f1' data-av_iconfont='entypo-fontello' title='' data-avia-related-tooltip='Compartir en Twitter' rel=\"noopener\"><span class='avia_hidden_link_text'>Compartir en Twitter<\/span><\/a><\/li><li class='av-share-link av-social-link-whatsapp' ><a target=\"_blank\" aria-label=\"Compartir en Whatsapp\" href='https:\/\/api.whatsapp.com\/send?text=https:\/\/radiorevelacionfm.cl\/?p=8570' aria-hidden='false' data-av_icon='\uf232' data-av_iconfont='entypo-fontello' title='' data-avia-related-tooltip='Compartir en Whatsapp' rel=\"noopener\"><span class='avia_hidden_link_text'>Compartir en Whatsapp<\/span><\/a><\/li><li class='av-share-link av-social-link-linkedin' ><a target=\"_blank\" aria-label=\"Compartir en LinkedIn\" href='https:\/\/linkedin.com\/shareArticle?mini=true&#038;title=Realizan%20jornada%20de%20actividad%20f%C3%ADsica%20a%20p%C3%A1rvulos%20de%20jard%C3%ADn%20Arco%C3%ADris%20y%20escuela%20Pedro%20Quintana%20en%20Coyhaique&#038;url=https:\/\/radiorevelacionfm.cl\/?p=8570' aria-hidden='false' data-av_icon='\ue8fc' data-av_iconfont='entypo-fontello' title='' data-avia-related-tooltip='Compartir en LinkedIn' rel=\"noopener\"><span class='avia_hidden_link_text'>Compartir en LinkedIn<\/span><\/a><\/li><li class='av-share-link av-social-link-mail' ><a  aria-label=\"Compartir por correo\" href='mailto:?subject=Realizan%20jornada%20de%20actividad%20f%C3%ADsica%20a%20p%C3%A1rvulos%20de%20jard%C3%ADn%20Arco%C3%ADris%20y%20escuela%20Pedro%20Quintana%20en%20Coyhaique&#038;body=https:\/\/radiorevelacionfm.cl\/?p=8570' aria-hidden='false' data-av_icon='\ue805' data-av_iconfont='entypo-fontello' title='' data-avia-related-tooltip='Compartir por correo'><span class='avia_hidden_link_text'>Compartir por correo<\/span><\/a><\/li><\/ul><\/div><\/div>\n<div  style='height:50px' class='hr hr-invisible   avia-builder-el-8  el_after_av_social_share  el_before_av_comments_list '><span class='hr-inner ' ><span class='hr-inner-style'><\/span><\/span><\/div>\n<div  class='av-buildercomment  av-blog-meta-html-info-disabled av-blog-meta-tag-disabled  '><\/div>\n","protected":false},"excerpt":{"rendered":"","protected":false},"author":1,"featured_media":8571,"comment_status":"open","ping_status":"open","sticky":false,"template":"","format":"standard","meta":{"footnotes":""},"categories":[40],"tags":[],"class_list":["post-8570","post","type-post","status-publish","format-standard","has-post-thumbnail","hentry","category-deportes"],"jetpack_featured_media_url":"https:\/\/radiorevelacionfm.cl\/wp-content\/uploads\/2021\/09\/1-65-1-1.jpg","_links":{"self":[{"href":"https:\/\/radiorevelacionfm.cl\/index.php?rest_route=\/wp\/v2\/posts\/8570","targetHints":{"allow":["GET"]}}],"collection":[{"href":"https:\/\/radiorevelacionfm.cl\/index.php?rest_route=\/wp\/v2\/posts"}],"about":[{"href":"https:\/\/radiorevelacionfm.cl\/index.php?rest_route=\/wp\/v2\/types\/post"}],"author":[{"embeddable":true,"href":"https:\/\/radiorevelacionfm.cl\/index.php?rest_route=\/wp\/v2\/users\/1"}],"replies":[{"embeddable":true,"href":"https:\/\/radiorevelacionfm.cl\/index.php?rest_route=%2Fwp%2Fv2%2Fcomments&post=8570"}],"version-history":[{"count":2,"href":"https:\/\/radiorevelacionfm.cl\/index.php?rest_route=\/wp\/v2\/posts\/8570\/revisions"}],"predecessor-version":[{"id":8576,"href":"https:\/\/radiorevelacionfm.cl\/index.php?rest_route=\/wp\/v2\/posts\/8570\/revisions\/8576"}],"wp:featuredmedia":[{"embeddable":true,"href":"https:\/\/radiorevelacionfm.cl\/index.php?rest_route=\/wp\/v2\/media\/8571"}],"wp:attachment":[{"href":"https:\/\/radiorevelacionfm.cl\/index.php?rest_route=%2Fwp%2Fv2%2Fmedia&parent=8570"}],"wp:term":[{"taxonomy":"category","embeddable":true,"href":"https:\/\/radiorevelacionfm.cl\/index.php?rest_route=%2Fwp%2Fv2%2Fcategories&post=8570"},{"taxonomy":"post_tag","embeddable":true,"href":"https:\/\/radiorevelacionfm.cl\/index.php?rest_route=%2Fwp%2Fv2%2Ftags&post=8570"}],"curies":[{"name":"wp","href":"https:\/\/api.w.org\/{rel}","templated":true}]}}