{"id":8567,"date":"2021-09-11T15:51:08","date_gmt":"2021-09-11T18:51:08","guid":{"rendered":"https:\/\/radiorevelacionfm.cl\/?p=8567"},"modified":"2021-09-11T15:51:08","modified_gmt":"2021-09-11T18:51:08","slug":"directora-regional-de-prochile-valora-crecimiento-de-32-en-exportaciones-de-aysen","status":"publish","type":"post","link":"https:\/\/radiorevelacionfm.cl\/?p=8567","title":{"rendered":"Directora Regional de ProChile valora crecimiento de 32% en exportaciones de Ays\u00e9n"},"content":{"rendered":"<div class=\"flex_column av_one_full  flex_column_div av-zero-column-padding first  avia-builder-el-0  el_before_av_one_full  avia-builder-el-first  \" style='border-radius:0px; '><div  class='avia-image-container  av-styling-    avia-builder-el-1  avia-builder-el-no-sibling  avia-align-center '  itemprop=\"image\" itemscope=\"itemscope\" itemtype=\"https:\/\/schema.org\/ImageObject\"  ><div class='avia-image-container-inner'><div class='avia-image-overlay-wrap'><img decoding=\"async\" class='wp-image-8568 avia-img-lazy-loading-not-8568 avia_image' src=\"https:\/\/radiorevelacionfm.cl\/wp-content\/uploads\/2021\/09\/Directora-Regional-Pamela-Flores1-1-1.jpg\" alt='' title='Directora Regional Pamela Flores1 (1) (1)' height=\"600\" width=\"738\"  itemprop=\"thumbnailUrl\" srcset=\"https:\/\/radiorevelacionfm.cl\/wp-content\/uploads\/2021\/09\/Directora-Regional-Pamela-Flores1-1-1.jpg 738w, https:\/\/radiorevelacionfm.cl\/wp-content\/uploads\/2021\/09\/Directora-Regional-Pamela-Flores1-1-1-300x244.jpg 300w, https:\/\/radiorevelacionfm.cl\/wp-content\/uploads\/2021\/09\/Directora-Regional-Pamela-Flores1-1-1-705x573.jpg 705w, https:\/\/radiorevelacionfm.cl\/wp-content\/uploads\/2021\/09\/Directora-Regional-Pamela-Flores1-1-1-600x488.jpg 600w\" sizes=\"(max-width: 738px) 100vw, 738px\" \/><\/div><\/div><\/div><\/div><div class=\"flex_column av_one_full  flex_column_div av-zero-column-padding first  avia-builder-el-2  el_after_av_one_full  el_before_av_one_full  column-top-margin\" style='border-radius:0px; '><section class=\"av_textblock_section \"  itemscope=\"itemscope\" itemtype=\"https:\/\/schema.org\/BlogPosting\" itemprop=\"blogPost\" ><div class='avia_textblock  '   itemprop=\"text\" ><p style=\"text-align: center;\"><strong><span style=\"font-size: 18pt;\">Directora Regional de ProChile valora crecimiento de 32% en exportaciones de Ays\u00e9n<\/span><\/strong><\/p>\n<div id=\"gtx-trans\" style=\"position: absolute; left: -50px; top: 4.31534px;\">\n<div class=\"gtx-trans-icon\"><\/div>\n<\/div>\n<\/div><\/section><\/div><div class=\"flex_column av_one_full  flex_column_div av-zero-column-padding first  avia-builder-el-4  el_after_av_one_full  el_before_av_hr  column-top-margin\" style='border-radius:0px; '><section class=\"av_textblock_section \"  itemscope=\"itemscope\" itemtype=\"https:\/\/schema.org\/BlogPosting\" itemprop=\"blogPost\" ><div class='avia_textblock  '   itemprop=\"text\" ><p style=\"text-align: justify;\">Un significativo repunte lograron durante los primeros ocho meses de este a\u00f1o las exportaciones de la Regi\u00f3n de Ays\u00e9n, que crecieron un 32% en comparaci\u00f3n al mismo per\u00edodo del a\u00f1o pasado, destac\u00f3 la directora regional de ProChile, Pamela Flores.<\/p>\n<p style=\"text-align: justify;\">\u201cSe trata de una positiva recuperaci\u00f3n despu\u00e9s de la fuerte ca\u00edda que tuvieron los env\u00edos el a\u00f1o pasado producto de la pandemia. Este a\u00f1o ha sido importante para volver a estar presentes con los productos de Ays\u00e9n y la Patagonia, con un gran esfuerzo que han realizado los peque\u00f1os y medianos empresarios regionales\u201d, indic\u00f3 Flores.<\/p>\n<p style=\"text-align: justify;\">Las exportaciones de Ays\u00e9n en el per\u00edodo enero-agosto de 2021 sumaron US$ 179 millones, de los cuales US$ 156 corresponden al sector Pesca y Acuicultura; US$ 17 millones a Minerales; US$ 6 millones a Productos Agropecuarios y US$ 1 mill\u00f3n a Manufacturas.<\/p>\n<p style=\"text-align: justify;\">Los Productos del Mar m\u00e1s exportados corresponden a salm\u00f3n y trucha (US$ 137 millones), merluzas (US$ 16 millones y erizos de mar (US$ 1 mill\u00f3n). En Productos Agropecuarios destacan las cerezas frescas (US$ 5 millones).<\/p>\n<p style=\"text-align: justify;\">Los principales pa\u00edses de destino de las exportaciones regionales fueron Estados Unidos (39% de participaci\u00f3n), seguidos de Brasil (28%), Corea del Sur (10%), Espa\u00f1a (8%) y Argentina (4%).<\/p>\n<p style=\"text-align: justify;\">La directora regional de ProChile valor\u00f3 el esfuerzo de los empresarios locales por superar las dificultades impuestas por la pandemia, \u201cporque pese a las dificultades econ\u00f3micas, ha existido perseverancia y tes\u00f3n para mantener una oferta regional de productos de primer nivel\u201d.<\/p>\n<p style=\"text-align: justify;\">La instituci\u00f3n encargada de la promoci\u00f3n de exportaciones del Ministerio de Relaciones Exteriores ha ejecutado durante este a\u00f1o un proyecto financiado por el Gobierno Regional de Ays\u00e9n, a trav\u00e9s del FNDR, que ha permitido elaborar un cat\u00e1logo digital para promover la internacionalizaci\u00f3n de la oferta regional, adem\u00e1s de entregar capacitaci\u00f3n y asesor\u00eda en comercio electr\u00f3nico y el financiamiento para el env\u00edo de muestras a potenciales clientes en el extranjero.<\/p>\n<\/div><\/section><\/div><div  style='height:50px' class='hr hr-invisible   avia-builder-el-6  el_after_av_one_full  el_before_av_social_share '><span class='hr-inner ' ><span class='hr-inner-style'><\/span><\/span><\/div><\/p>\n<div  class='av-social-sharing-box  avia-builder-el-7  el_after_av_hr  el_before_av_hr  '><div class='av-share-box'><h5 class='av-share-link-description av-no-toc '>Compartir esta noticia<\/h5><ul class='av-share-box-list noLightbox'><li class='av-share-link av-social-link-facebook' ><a target=\"_blank\" aria-label=\"Compartir en Facebook\" href='https:\/\/www.facebook.com\/sharer.php?u=https:\/\/radiorevelacionfm.cl\/?p=8567&#038;t=Directora%20Regional%20de%20ProChile%20valora%20crecimiento%20de%2032%25%20en%20exportaciones%20de%20Ays%C3%A9n' aria-hidden='false' data-av_icon='\ue8f3' data-av_iconfont='entypo-fontello' title='' data-avia-related-tooltip='Compartir en Facebook' rel=\"noopener\"><span class='avia_hidden_link_text'>Compartir en Facebook<\/span><\/a><\/li><li class='av-share-link av-social-link-twitter' ><a target=\"_blank\" aria-label=\"Compartir en Twitter\" href='https:\/\/twitter.com\/share?text=Directora%20Regional%20de%20ProChile%20valora%20crecimiento%20de%2032%25%20en%20exportaciones%20de%20Ays%C3%A9n&#038;url=https:\/\/radiorevelacionfm.cl\/?p=8567' aria-hidden='false' data-av_icon='\ue8f1' data-av_iconfont='entypo-fontello' title='' data-avia-related-tooltip='Compartir en Twitter' rel=\"noopener\"><span class='avia_hidden_link_text'>Compartir en Twitter<\/span><\/a><\/li><li class='av-share-link av-social-link-whatsapp' ><a target=\"_blank\" aria-label=\"Compartir en Whatsapp\" href='https:\/\/api.whatsapp.com\/send?text=https:\/\/radiorevelacionfm.cl\/?p=8567' aria-hidden='false' data-av_icon='\uf232' data-av_iconfont='entypo-fontello' title='' data-avia-related-tooltip='Compartir en Whatsapp' rel=\"noopener\"><span class='avia_hidden_link_text'>Compartir en Whatsapp<\/span><\/a><\/li><li class='av-share-link av-social-link-linkedin' ><a target=\"_blank\" aria-label=\"Compartir en LinkedIn\" href='https:\/\/linkedin.com\/shareArticle?mini=true&#038;title=Directora%20Regional%20de%20ProChile%20valora%20crecimiento%20de%2032%25%20en%20exportaciones%20de%20Ays%C3%A9n&#038;url=https:\/\/radiorevelacionfm.cl\/?p=8567' aria-hidden='false' data-av_icon='\ue8fc' data-av_iconfont='entypo-fontello' title='' data-avia-related-tooltip='Compartir en LinkedIn' rel=\"noopener\"><span class='avia_hidden_link_text'>Compartir en LinkedIn<\/span><\/a><\/li><li class='av-share-link av-social-link-mail' ><a  aria-label=\"Compartir por correo\" href='mailto:?subject=Directora%20Regional%20de%20ProChile%20valora%20crecimiento%20de%2032%25%20en%20exportaciones%20de%20Ays%C3%A9n&#038;body=https:\/\/radiorevelacionfm.cl\/?p=8567' aria-hidden='false' data-av_icon='\ue805' data-av_iconfont='entypo-fontello' title='' data-avia-related-tooltip='Compartir por correo'><span class='avia_hidden_link_text'>Compartir por correo<\/span><\/a><\/li><\/ul><\/div><\/div>\n<div  style='height:50px' class='hr hr-invisible   avia-builder-el-8  el_after_av_social_share  el_before_av_comments_list '><span class='hr-inner ' ><span class='hr-inner-style'><\/span><\/span><\/div>\n<div  class='av-buildercomment  av-blog-meta-html-info-disabled av-blog-meta-tag-disabled  '><\/div>\n","protected":false},"excerpt":{"rendered":"","protected":false},"author":1,"featured_media":8568,"comment_status":"open","ping_status":"open","sticky":false,"template":"","format":"standard","meta":{"footnotes":""},"categories":[37],"tags":[],"class_list":["post-8567","post","type-post","status-publish","format-standard","has-post-thumbnail","hentry","category-economia"],"jetpack_featured_media_url":"https:\/\/radiorevelacionfm.cl\/wp-content\/uploads\/2021\/09\/Directora-Regional-Pamela-Flores1-1-1.jpg","_links":{"self":[{"href":"https:\/\/radiorevelacionfm.cl\/index.php?rest_route=\/wp\/v2\/posts\/8567","targetHints":{"allow":["GET"]}}],"collection":[{"href":"https:\/\/radiorevelacionfm.cl\/index.php?rest_route=\/wp\/v2\/posts"}],"about":[{"href":"https:\/\/radiorevelacionfm.cl\/index.php?rest_route=\/wp\/v2\/types\/post"}],"author":[{"embeddable":true,"href":"https:\/\/radiorevelacionfm.cl\/index.php?rest_route=\/wp\/v2\/users\/1"}],"replies":[{"embeddable":true,"href":"https:\/\/radiorevelacionfm.cl\/index.php?rest_route=%2Fwp%2Fv2%2Fcomments&post=8567"}],"version-history":[{"count":1,"href":"https:\/\/radiorevelacionfm.cl\/index.php?rest_route=\/wp\/v2\/posts\/8567\/revisions"}],"predecessor-version":[{"id":8569,"href":"https:\/\/radiorevelacionfm.cl\/index.php?rest_route=\/wp\/v2\/posts\/8567\/revisions\/8569"}],"wp:featuredmedia":[{"embeddable":true,"href":"https:\/\/radiorevelacionfm.cl\/index.php?rest_route=\/wp\/v2\/media\/8568"}],"wp:attachment":[{"href":"https:\/\/radiorevelacionfm.cl\/index.php?rest_route=%2Fwp%2Fv2%2Fmedia&parent=8567"}],"wp:term":[{"taxonomy":"category","embeddable":true,"href":"https:\/\/radiorevelacionfm.cl\/index.php?rest_route=%2Fwp%2Fv2%2Fcategories&post=8567"},{"taxonomy":"post_tag","embeddable":true,"href":"https:\/\/radiorevelacionfm.cl\/index.php?rest_route=%2Fwp%2Fv2%2Ftags&post=8567"}],"curies":[{"name":"wp","href":"https:\/\/api.w.org\/{rel}","templated":true}]}}