{"id":8564,"date":"2021-09-11T11:32:51","date_gmt":"2021-09-11T14:32:51","guid":{"rendered":"https:\/\/radiorevelacionfm.cl\/?p=8564"},"modified":"2021-09-11T11:32:51","modified_gmt":"2021-09-11T14:32:51","slug":"integra-y-sag-lanzan-proyecto-historias-de-nuestra-fauna","status":"publish","type":"post","link":"https:\/\/radiorevelacionfm.cl\/?p=8564","title":{"rendered":"Integra y SAG lanzan proyecto \u201cHistorias de nuestra fauna\u201d"},"content":{"rendered":"<div class=\"flex_column av_one_full  flex_column_div av-zero-column-padding first  avia-builder-el-0  el_before_av_one_full  avia-builder-el-first  \" style='border-radius:0px; '><div  class='avia-image-container  av-styling-    avia-builder-el-1  avia-builder-el-no-sibling  avia-align-center '  itemprop=\"image\" itemscope=\"itemscope\" itemtype=\"https:\/\/schema.org\/ImageObject\"  ><div class='avia-image-container-inner'><div class='avia-image-overlay-wrap'><img decoding=\"async\" class='wp-image-8565 avia-img-lazy-loading-not-8565 avia_image' src=\"https:\/\/radiorevelacionfm.cl\/wp-content\/uploads\/2021\/09\/Historias-de-nuestra-fauna-1.jpg\" alt='' title='Historias de nuestra fauna (1)' height=\"600\" width=\"1040\"  itemprop=\"thumbnailUrl\" srcset=\"https:\/\/radiorevelacionfm.cl\/wp-content\/uploads\/2021\/09\/Historias-de-nuestra-fauna-1.jpg 1040w, https:\/\/radiorevelacionfm.cl\/wp-content\/uploads\/2021\/09\/Historias-de-nuestra-fauna-1-300x173.jpg 300w, https:\/\/radiorevelacionfm.cl\/wp-content\/uploads\/2021\/09\/Historias-de-nuestra-fauna-1-1030x594.jpg 1030w, https:\/\/radiorevelacionfm.cl\/wp-content\/uploads\/2021\/09\/Historias-de-nuestra-fauna-1-768x443.jpg 768w, https:\/\/radiorevelacionfm.cl\/wp-content\/uploads\/2021\/09\/Historias-de-nuestra-fauna-1-705x407.jpg 705w, https:\/\/radiorevelacionfm.cl\/wp-content\/uploads\/2021\/09\/Historias-de-nuestra-fauna-1-600x346.jpg 600w\" sizes=\"(max-width: 1040px) 100vw, 1040px\" \/><\/div><\/div><\/div><\/div><div class=\"flex_column av_one_full  flex_column_div av-zero-column-padding first  avia-builder-el-2  el_after_av_one_full  el_before_av_one_full  column-top-margin\" style='border-radius:0px; '><section class=\"av_textblock_section \"  itemscope=\"itemscope\" itemtype=\"https:\/\/schema.org\/BlogPosting\" itemprop=\"blogPost\" ><div class='avia_textblock  '   itemprop=\"text\" ><p style=\"text-align: center;\"><strong><span style=\"font-size: 18pt;\">Integra y SAG lanzan proyecto \u201cHistorias de nuestra fauna\u201d<\/span><\/strong><\/p>\n<div id=\"gtx-trans\" style=\"position: absolute; left: -50px; top: 4.31534px;\">\n<div class=\"gtx-trans-icon\"><\/div>\n<\/div>\n<\/div><\/section><\/div><div class=\"flex_column av_one_full  flex_column_div av-zero-column-padding first  avia-builder-el-4  el_after_av_one_full  el_before_av_hr  column-top-margin\" style='border-radius:0px; '><section class=\"av_textblock_section \"  itemscope=\"itemscope\" itemtype=\"https:\/\/schema.org\/BlogPosting\" itemprop=\"blogPost\" ><div class='avia_textblock  '   itemprop=\"text\" ><p style=\"font-weight: 400; text-align: justify;\">\u201cHistorias de nuestra fauna\u201d se titula la serie de 10 c\u00e1psulas en video realizada por la Fundaci\u00f3n Integra y el Servicio Agr\u00edcola y Ganadero (SAG). En el proyecto audiovisual, t\u00edteres de diversas especies de la fauna silvestre chilena ser\u00e1n los protagonistas y nos ense\u00f1ar\u00e1n -en forma l\u00fadica- sobre la importancia del cuidado del medio ambiente.<\/p>\n<p style=\"font-weight: 400; text-align: justify;\">De acuerdo con el director ejecutivo de Fundaci\u00f3n Integra, Jos\u00e9 Manuel Ready, en el marco del convenio de colaboraci\u00f3n que Integra y SAG mantienen vigente desde 2014, hoy \u201clanzamos la serie de t\u00edteres \u201cHistorias de nuestra fauna\u201d, con Integrito y SAG\u00fceso, donde pr\u00f3ximamente participar\u00e1n algunas especies de animales chilenos que son parte de nuestra naturaleza. Adem\u00e1s, nos contar\u00e1n sobre el h\u00e1bitat en que se desenvuelven, sus caracter\u00edsticas y el tipo de alimentaci\u00f3n\u201d.<\/p>\n<p style=\"font-weight: 400; text-align: justify;\">Y agrega: \u00abEl material educativo cuenta con contenidos creados especialmente para ni\u00f1os y ni\u00f1as, quienes, a trav\u00e9s de los t\u00edteres podr\u00e1n aprender gradualmente a ser responsables con el medio ambiente y los recursos naturales como parte de una educaci\u00f3n parvularia de calidad\u201d.<\/p>\n<p style=\"font-weight: 400; text-align: justify;\">Por su parte el director nacional del Servicio Agr\u00edcola y Ganadero (SAG), Horacio B\u00f3rquez, detall\u00f3 que \u201cel c\u00f3ndor, la rana chilena, la lechuza y el zorro son algunas de las especies que ser\u00e1n protagonistas de esta serie de t\u00edteres \u201cHistorias de nuestra fauna\u201d, que ser\u00e1 transmitida por las redes sociales de Integra y del SAG\u201d, a\u00f1adiendo que \u201cla serie educativa ense\u00f1ar\u00e1 a ni\u00f1os y ni\u00f1as de manera l\u00fadica sobre la importancia de la fauna silvestre en la naturaleza y c\u00f3mo mejorar la convivencia y el cuidado de ellos por parte de las personas\u201d.<\/p>\n<p style=\"font-weight: 400; text-align: justify;\">Cabe mencionar que los t\u00edteres son un recurso muy valioso en la educaci\u00f3n parvularia que permite que ni\u00f1os y ni\u00f1as se acercan al juego y la expresi\u00f3n teatral. Junto con ello, a trav\u00e9s de este proyecto tambi\u00e9n podr\u00e1n conocer de manera entretenida los nombres y caracter\u00edsticas f\u00edsicas de diferentes animales chilenos, adem\u00e1s de sus roles en el ecosistema.<\/p>\n<p style=\"font-weight: 400; text-align: justify;\">La presentaci\u00f3n de la serie puede verla, a trav\u00e9s de este link que se encuentra en el canal de Youtube de Fundaci\u00f3n Integra y del Servicio Agr\u00edcola y Ganadero:\u00a0<a href=\"https:\/\/www.youtube.com\/watch?v=ghqb_6l3epU\" data-saferedirecturl=\"https:\/\/www.google.com\/url?q=https:\/\/www.youtube.com\/watch?v%3Dghqb_6l3epU&amp;source=gmail&amp;ust=1631368652908000&amp;usg=AFQjCNHCHaTLicJYdbl-O4qcZ0xUE7D2fA\">https:\/\/www.youtube.com\/watch?v=ghqb_6l3epU<\/a>.<\/p>\n<p style=\"font-weight: 400; text-align: justify;\">Integra pertenece a la Red de Fundaciones de la Presidencia de la Rep\u00fablica. Con 30 a\u00f1os de experiencia, es la red m\u00e1s grande de salas cuna y jardines infantiles del pa\u00eds con m\u00e1s de 1.200 establecimientos gratuitos, a los que asisten m\u00e1s de 90 mil ni\u00f1os y ni\u00f1as en todo Chile.<\/p>\n<\/div><\/section><\/div><div  style='height:50px' class='hr hr-invisible   avia-builder-el-6  el_after_av_one_full  el_before_av_social_share '><span class='hr-inner ' ><span class='hr-inner-style'><\/span><\/span><\/div><\/p>\n<div  class='av-social-sharing-box  avia-builder-el-7  el_after_av_hr  el_before_av_hr  '><div class='av-share-box'><h5 class='av-share-link-description av-no-toc '>Compartir esta noticia<\/h5><ul class='av-share-box-list noLightbox'><li class='av-share-link av-social-link-facebook' ><a target=\"_blank\" aria-label=\"Compartir en Facebook\" href='https:\/\/www.facebook.com\/sharer.php?u=https:\/\/radiorevelacionfm.cl\/?p=8564&#038;t=Integra%20y%20SAG%20lanzan%20proyecto%20%E2%80%9CHistorias%20de%20nuestra%20fauna%E2%80%9D' aria-hidden='false' data-av_icon='\ue8f3' data-av_iconfont='entypo-fontello' title='' data-avia-related-tooltip='Compartir en Facebook' rel=\"noopener\"><span class='avia_hidden_link_text'>Compartir en Facebook<\/span><\/a><\/li><li class='av-share-link av-social-link-twitter' ><a target=\"_blank\" aria-label=\"Compartir en Twitter\" href='https:\/\/twitter.com\/share?text=Integra%20y%20SAG%20lanzan%20proyecto%20%E2%80%9CHistorias%20de%20nuestra%20fauna%E2%80%9D&#038;url=https:\/\/radiorevelacionfm.cl\/?p=8564' aria-hidden='false' data-av_icon='\ue8f1' data-av_iconfont='entypo-fontello' title='' data-avia-related-tooltip='Compartir en Twitter' rel=\"noopener\"><span class='avia_hidden_link_text'>Compartir en Twitter<\/span><\/a><\/li><li class='av-share-link av-social-link-whatsapp' ><a target=\"_blank\" aria-label=\"Compartir en Whatsapp\" href='https:\/\/api.whatsapp.com\/send?text=https:\/\/radiorevelacionfm.cl\/?p=8564' aria-hidden='false' data-av_icon='\uf232' data-av_iconfont='entypo-fontello' title='' data-avia-related-tooltip='Compartir en Whatsapp' rel=\"noopener\"><span class='avia_hidden_link_text'>Compartir en Whatsapp<\/span><\/a><\/li><li class='av-share-link av-social-link-linkedin' ><a target=\"_blank\" aria-label=\"Compartir en LinkedIn\" href='https:\/\/linkedin.com\/shareArticle?mini=true&#038;title=Integra%20y%20SAG%20lanzan%20proyecto%20%E2%80%9CHistorias%20de%20nuestra%20fauna%E2%80%9D&#038;url=https:\/\/radiorevelacionfm.cl\/?p=8564' aria-hidden='false' data-av_icon='\ue8fc' data-av_iconfont='entypo-fontello' title='' data-avia-related-tooltip='Compartir en LinkedIn' rel=\"noopener\"><span class='avia_hidden_link_text'>Compartir en LinkedIn<\/span><\/a><\/li><li class='av-share-link av-social-link-mail' ><a  aria-label=\"Compartir por correo\" href='mailto:?subject=Integra%20y%20SAG%20lanzan%20proyecto%20%E2%80%9CHistorias%20de%20nuestra%20fauna%E2%80%9D&#038;body=https:\/\/radiorevelacionfm.cl\/?p=8564' aria-hidden='false' data-av_icon='\ue805' data-av_iconfont='entypo-fontello' title='' data-avia-related-tooltip='Compartir por correo'><span class='avia_hidden_link_text'>Compartir por correo<\/span><\/a><\/li><\/ul><\/div><\/div>\n<div  style='height:50px' class='hr hr-invisible   avia-builder-el-8  el_after_av_social_share  el_before_av_comments_list '><span class='hr-inner ' ><span class='hr-inner-style'><\/span><\/span><\/div>\n<div  class='av-buildercomment  av-blog-meta-html-info-disabled av-blog-meta-tag-disabled  '><\/div>\n","protected":false},"excerpt":{"rendered":"","protected":false},"author":1,"featured_media":8565,"comment_status":"open","ping_status":"open","sticky":false,"template":"","format":"standard","meta":{"footnotes":""},"categories":[38],"tags":[],"class_list":["post-8564","post","type-post","status-publish","format-standard","has-post-thumbnail","hentry","category-regional"],"jetpack_featured_media_url":"https:\/\/radiorevelacionfm.cl\/wp-content\/uploads\/2021\/09\/Historias-de-nuestra-fauna-1.jpg","_links":{"self":[{"href":"https:\/\/radiorevelacionfm.cl\/index.php?rest_route=\/wp\/v2\/posts\/8564","targetHints":{"allow":["GET"]}}],"collection":[{"href":"https:\/\/radiorevelacionfm.cl\/index.php?rest_route=\/wp\/v2\/posts"}],"about":[{"href":"https:\/\/radiorevelacionfm.cl\/index.php?rest_route=\/wp\/v2\/types\/post"}],"author":[{"embeddable":true,"href":"https:\/\/radiorevelacionfm.cl\/index.php?rest_route=\/wp\/v2\/users\/1"}],"replies":[{"embeddable":true,"href":"https:\/\/radiorevelacionfm.cl\/index.php?rest_route=%2Fwp%2Fv2%2Fcomments&post=8564"}],"version-history":[{"count":1,"href":"https:\/\/radiorevelacionfm.cl\/index.php?rest_route=\/wp\/v2\/posts\/8564\/revisions"}],"predecessor-version":[{"id":8566,"href":"https:\/\/radiorevelacionfm.cl\/index.php?rest_route=\/wp\/v2\/posts\/8564\/revisions\/8566"}],"wp:featuredmedia":[{"embeddable":true,"href":"https:\/\/radiorevelacionfm.cl\/index.php?rest_route=\/wp\/v2\/media\/8565"}],"wp:attachment":[{"href":"https:\/\/radiorevelacionfm.cl\/index.php?rest_route=%2Fwp%2Fv2%2Fmedia&parent=8564"}],"wp:term":[{"taxonomy":"category","embeddable":true,"href":"https:\/\/radiorevelacionfm.cl\/index.php?rest_route=%2Fwp%2Fv2%2Fcategories&post=8564"},{"taxonomy":"post_tag","embeddable":true,"href":"https:\/\/radiorevelacionfm.cl\/index.php?rest_route=%2Fwp%2Fv2%2Ftags&post=8564"}],"curies":[{"name":"wp","href":"https:\/\/api.w.org\/{rel}","templated":true}]}}