{"id":8535,"date":"2021-09-10T10:47:49","date_gmt":"2021-09-10T13:47:49","guid":{"rendered":"https:\/\/radiorevelacionfm.cl\/?p=8535"},"modified":"2021-09-10T10:47:49","modified_gmt":"2021-09-10T13:47:49","slug":"julio-uribe-entrega-apoyo-y-espera-que-karina-acevedo-sea-la-diputada-de-aysen","status":"publish","type":"post","link":"https:\/\/radiorevelacionfm.cl\/?p=8535","title":{"rendered":"Julio Uribe entrega apoyo y espera que Karina Acevedo sea la diputada de Ays\u00e9n"},"content":{"rendered":"<div class=\"flex_column av_one_full  flex_column_div av-zero-column-padding first  avia-builder-el-0  el_before_av_one_full  avia-builder-el-first  \" style='border-radius:0px; '><div  class='avia-image-container  av-styling-    avia-builder-el-1  avia-builder-el-no-sibling  avia-align-center '  itemprop=\"image\" itemscope=\"itemscope\" itemtype=\"https:\/\/schema.org\/ImageObject\"  ><div class='avia-image-container-inner'><div class='avia-image-overlay-wrap'><img decoding=\"async\" class='wp-image-8536 avia-img-lazy-loading-not-8536 avia_image' src=\"https:\/\/radiorevelacionfm.cl\/wp-content\/uploads\/2021\/09\/karina-acevedo-uribe0-1_optimized.jpg\" alt='' title='karina-acevedo-uribe0-(1)_optimized' height=\"600\" width=\"915\"  itemprop=\"thumbnailUrl\" srcset=\"https:\/\/radiorevelacionfm.cl\/wp-content\/uploads\/2021\/09\/karina-acevedo-uribe0-1_optimized.jpg 915w, https:\/\/radiorevelacionfm.cl\/wp-content\/uploads\/2021\/09\/karina-acevedo-uribe0-1_optimized-300x197.jpg 300w, https:\/\/radiorevelacionfm.cl\/wp-content\/uploads\/2021\/09\/karina-acevedo-uribe0-1_optimized-768x504.jpg 768w, https:\/\/radiorevelacionfm.cl\/wp-content\/uploads\/2021\/09\/karina-acevedo-uribe0-1_optimized-705x462.jpg 705w, https:\/\/radiorevelacionfm.cl\/wp-content\/uploads\/2021\/09\/karina-acevedo-uribe0-1_optimized-600x393.jpg 600w\" sizes=\"(max-width: 915px) 100vw, 915px\" \/><\/div><\/div><\/div><\/div><div class=\"flex_column av_one_full  flex_column_div av-zero-column-padding first  avia-builder-el-2  el_after_av_one_full  el_before_av_one_full  column-top-margin\" style='border-radius:0px; '><section class=\"av_textblock_section \"  itemscope=\"itemscope\" itemtype=\"https:\/\/schema.org\/BlogPosting\" itemprop=\"blogPost\" ><div class='avia_textblock  '   itemprop=\"text\" ><p style=\"text-align: center;\"><strong><span style=\"font-size: 18pt;\">Julio Uribe entrega apoyo y espera que Karina Acevedo sea la diputada de Ays\u00e9n <\/span><\/strong><\/p>\n<div id=\"gtx-trans\" style=\"position: absolute; left: -50px; top: 4.31534px;\">\n<div class=\"gtx-trans-icon\"><\/div>\n<\/div>\n<\/div><\/section><\/div><div class=\"flex_column av_one_full  flex_column_div av-zero-column-padding first  avia-builder-el-4  el_after_av_one_full  el_before_av_hr  column-top-margin\" style='border-radius:0px; '><section class=\"av_textblock_section \"  itemscope=\"itemscope\" itemtype=\"https:\/\/schema.org\/BlogPosting\" itemprop=\"blogPost\" ><div class='avia_textblock  '   itemprop=\"text\" ><p style=\"text-align: justify;\">Luego de una serie de reuniones y gestiones realizadas en distintos ministerios y servicios que se encuentran en Coyhaique, el alcalde de la comuna de Ays\u00e9n, Julio Uribe se reuni\u00f3 con la candidata a diputada por el distrito N\u00b027 de la Regi\u00f3n de Ays\u00e9n, Karina Acevedo Auad. La cita que se dio en un c\u00e9ntrico caf\u00e9 de la capital regional, sirvi\u00f3 para abordar los avances de la campa\u00f1a, el despliegue territorial que se est\u00e1 realizando y la coordinaci\u00f3n que tendr\u00e1n ambas autoridades de resultar electa la candidata radical como la primera mujer diputada de la Regi\u00f3n de Ays\u00e9n de la centro izquierda.<\/p>\n<p style=\"text-align: justify;\">Karina Acevedo, \u00fanica mujer candidata a diputada que integra la lista de \u201cNuevo pacto social\u201d, agradeci\u00f3 el apoyo del alcalde de la comuna de Ays\u00e9n y as\u00ed mismo destac\u00f3 el permanente apoyo que ha recibido de vecinos, vecinas, dirigentes y autoridades del territorio que d\u00eda a d\u00eda se han ido sumando a su campa\u00f1a. \u201cNos reunimos con el alcalde de Ays\u00e9n, nos ha dado todo su apoyo, con el compromiso y la convicci\u00f3n de que podemos a trav\u00e9s de esta candidatura llevar la voz de Ays\u00e9n al parlamento. Quiero agradecer a Julio Uribe y toda la ciudadan\u00eda que me ha ido apoyando y hemos sostenido reuniones durante estas semanas, con quienes espero seguir trabajando adecuada y coordinadamente una vez electa\u201d.<\/p>\n<p style=\"text-align: justify;\">Por su parte, Julio Uribe, alcalde de Ays\u00e9n, enfatiz\u00f3 que tiene grandes expectativas con esta campa\u00f1a y que espera que a finales de este a\u00f1o, una vez realizadas las elecciones, la Regi\u00f3n de Ays\u00e9n cuente con una nueva diputada. \u201cEst\u00e1bamos en visita en la capital regional haciendo gestiones en diferentes ministerios y aprovechamos a reunirnos con la candidata a diputada, Karina Acevedo, a quien le expresamos todo nuestro apoyo para que en noviembre obtenga un buen triunfo. Es importante dar espacios de g\u00e9nero y adem\u00e1s que sea radical, ser\u00eda la primera vez que una mujer de nuestro sector estar\u00eda entregando todo su compromiso y conocimiento como diputada\u201d, finaliz\u00f3 el alcalde de la segunda comuna m\u00e1s grande y popular de la Regi\u00f3n de Ays\u00e9n.<\/p>\n<\/div><\/section><\/div><div  style='height:50px' class='hr hr-invisible   avia-builder-el-6  el_after_av_one_full  el_before_av_social_share '><span class='hr-inner ' ><span class='hr-inner-style'><\/span><\/span><\/div><\/p>\n<div  class='av-social-sharing-box  avia-builder-el-7  el_after_av_hr  el_before_av_hr  '><div class='av-share-box'><h5 class='av-share-link-description av-no-toc '>Compartir esta noticia<\/h5><ul class='av-share-box-list noLightbox'><li class='av-share-link av-social-link-facebook' ><a target=\"_blank\" aria-label=\"Compartir en Facebook\" href='https:\/\/www.facebook.com\/sharer.php?u=https:\/\/radiorevelacionfm.cl\/?p=8535&#038;t=Julio%20Uribe%20entrega%20apoyo%20y%20espera%20que%20Karina%20Acevedo%20sea%20la%20diputada%20de%20Ays%C3%A9n' aria-hidden='false' data-av_icon='\ue8f3' data-av_iconfont='entypo-fontello' title='' data-avia-related-tooltip='Compartir en Facebook' rel=\"noopener\"><span class='avia_hidden_link_text'>Compartir en Facebook<\/span><\/a><\/li><li class='av-share-link av-social-link-twitter' ><a target=\"_blank\" aria-label=\"Compartir en Twitter\" href='https:\/\/twitter.com\/share?text=Julio%20Uribe%20entrega%20apoyo%20y%20espera%20que%20Karina%20Acevedo%20sea%20la%20diputada%20de%20Ays%C3%A9n&#038;url=https:\/\/radiorevelacionfm.cl\/?p=8535' aria-hidden='false' data-av_icon='\ue8f1' data-av_iconfont='entypo-fontello' title='' data-avia-related-tooltip='Compartir en Twitter' rel=\"noopener\"><span class='avia_hidden_link_text'>Compartir en Twitter<\/span><\/a><\/li><li class='av-share-link av-social-link-whatsapp' ><a target=\"_blank\" aria-label=\"Compartir en Whatsapp\" href='https:\/\/api.whatsapp.com\/send?text=https:\/\/radiorevelacionfm.cl\/?p=8535' aria-hidden='false' data-av_icon='\uf232' data-av_iconfont='entypo-fontello' title='' data-avia-related-tooltip='Compartir en Whatsapp' rel=\"noopener\"><span class='avia_hidden_link_text'>Compartir en Whatsapp<\/span><\/a><\/li><li class='av-share-link av-social-link-linkedin' ><a target=\"_blank\" aria-label=\"Compartir en LinkedIn\" href='https:\/\/linkedin.com\/shareArticle?mini=true&#038;title=Julio%20Uribe%20entrega%20apoyo%20y%20espera%20que%20Karina%20Acevedo%20sea%20la%20diputada%20de%20Ays%C3%A9n&#038;url=https:\/\/radiorevelacionfm.cl\/?p=8535' aria-hidden='false' data-av_icon='\ue8fc' data-av_iconfont='entypo-fontello' title='' data-avia-related-tooltip='Compartir en LinkedIn' rel=\"noopener\"><span class='avia_hidden_link_text'>Compartir en LinkedIn<\/span><\/a><\/li><li class='av-share-link av-social-link-mail' ><a  aria-label=\"Compartir por correo\" href='mailto:?subject=Julio%20Uribe%20entrega%20apoyo%20y%20espera%20que%20Karina%20Acevedo%20sea%20la%20diputada%20de%20Ays%C3%A9n&#038;body=https:\/\/radiorevelacionfm.cl\/?p=8535' aria-hidden='false' data-av_icon='\ue805' data-av_iconfont='entypo-fontello' title='' data-avia-related-tooltip='Compartir por correo'><span class='avia_hidden_link_text'>Compartir por correo<\/span><\/a><\/li><\/ul><\/div><\/div>\n<div  style='height:50px' class='hr hr-invisible   avia-builder-el-8  el_after_av_social_share  el_before_av_comments_list '><span class='hr-inner ' ><span class='hr-inner-style'><\/span><\/span><\/div>\n<div  class='av-buildercomment  av-blog-meta-html-info-disabled av-blog-meta-tag-disabled  '><\/div>\n","protected":false},"excerpt":{"rendered":"","protected":false},"author":1,"featured_media":8536,"comment_status":"open","ping_status":"open","sticky":false,"template":"","format":"standard","meta":{"footnotes":""},"categories":[35],"tags":[],"class_list":["post-8535","post","type-post","status-publish","format-standard","has-post-thumbnail","hentry","category-politica"],"jetpack_featured_media_url":"https:\/\/radiorevelacionfm.cl\/wp-content\/uploads\/2021\/09\/karina-acevedo-uribe0-1_optimized.jpg","_links":{"self":[{"href":"https:\/\/radiorevelacionfm.cl\/index.php?rest_route=\/wp\/v2\/posts\/8535","targetHints":{"allow":["GET"]}}],"collection":[{"href":"https:\/\/radiorevelacionfm.cl\/index.php?rest_route=\/wp\/v2\/posts"}],"about":[{"href":"https:\/\/radiorevelacionfm.cl\/index.php?rest_route=\/wp\/v2\/types\/post"}],"author":[{"embeddable":true,"href":"https:\/\/radiorevelacionfm.cl\/index.php?rest_route=\/wp\/v2\/users\/1"}],"replies":[{"embeddable":true,"href":"https:\/\/radiorevelacionfm.cl\/index.php?rest_route=%2Fwp%2Fv2%2Fcomments&post=8535"}],"version-history":[{"count":1,"href":"https:\/\/radiorevelacionfm.cl\/index.php?rest_route=\/wp\/v2\/posts\/8535\/revisions"}],"predecessor-version":[{"id":8537,"href":"https:\/\/radiorevelacionfm.cl\/index.php?rest_route=\/wp\/v2\/posts\/8535\/revisions\/8537"}],"wp:featuredmedia":[{"embeddable":true,"href":"https:\/\/radiorevelacionfm.cl\/index.php?rest_route=\/wp\/v2\/media\/8536"}],"wp:attachment":[{"href":"https:\/\/radiorevelacionfm.cl\/index.php?rest_route=%2Fwp%2Fv2%2Fmedia&parent=8535"}],"wp:term":[{"taxonomy":"category","embeddable":true,"href":"https:\/\/radiorevelacionfm.cl\/index.php?rest_route=%2Fwp%2Fv2%2Fcategories&post=8535"},{"taxonomy":"post_tag","embeddable":true,"href":"https:\/\/radiorevelacionfm.cl\/index.php?rest_route=%2Fwp%2Fv2%2Ftags&post=8535"}],"curies":[{"name":"wp","href":"https:\/\/api.w.org\/{rel}","templated":true}]}}