{"id":8532,"date":"2021-09-09T17:58:26","date_gmt":"2021-09-09T20:58:26","guid":{"rendered":"https:\/\/radiorevelacionfm.cl\/?p=8532"},"modified":"2021-09-09T17:58:26","modified_gmt":"2021-09-09T20:58:26","slug":"subsecretario-de-vivienda-cumple-variadas-actividades-en-la-region-de-aysen","status":"publish","type":"post","link":"https:\/\/radiorevelacionfm.cl\/?p=8532","title":{"rendered":"Subsecretario de Vivienda cumple variadas actividades en la regi\u00f3n de Ays\u00e9n"},"content":{"rendered":"<div class=\"flex_column av_one_full  flex_column_div av-zero-column-padding first  avia-builder-el-0  el_before_av_one_full  avia-builder-el-first  \" style='border-radius:0px; '><div  class='avia-image-container  av-styling-    avia-builder-el-1  avia-builder-el-no-sibling  avia-align-center '  itemprop=\"image\" itemscope=\"itemscope\" itemtype=\"https:\/\/schema.org\/ImageObject\"  ><div class='avia-image-container-inner'><div class='avia-image-overlay-wrap'><img decoding=\"async\" class='wp-image-8533 avia-img-lazy-loading-not-8533 avia_image' src=\"https:\/\/radiorevelacionfm.cl\/wp-content\/uploads\/2021\/09\/actividades-en-puerto-aysen-subsecretario-de-vivienda1_optimized.jpeg\" alt='' title='actividades-en-puerto-ays\u00e9n-subsecretario-de-vivienda(1)_optimized' height=\"600\" width=\"932\"  itemprop=\"thumbnailUrl\" srcset=\"https:\/\/radiorevelacionfm.cl\/wp-content\/uploads\/2021\/09\/actividades-en-puerto-aysen-subsecretario-de-vivienda1_optimized.jpeg 932w, https:\/\/radiorevelacionfm.cl\/wp-content\/uploads\/2021\/09\/actividades-en-puerto-aysen-subsecretario-de-vivienda1_optimized-300x193.jpeg 300w, https:\/\/radiorevelacionfm.cl\/wp-content\/uploads\/2021\/09\/actividades-en-puerto-aysen-subsecretario-de-vivienda1_optimized-768x494.jpeg 768w, https:\/\/radiorevelacionfm.cl\/wp-content\/uploads\/2021\/09\/actividades-en-puerto-aysen-subsecretario-de-vivienda1_optimized-705x454.jpeg 705w, https:\/\/radiorevelacionfm.cl\/wp-content\/uploads\/2021\/09\/actividades-en-puerto-aysen-subsecretario-de-vivienda1_optimized-600x386.jpeg 600w\" sizes=\"(max-width: 932px) 100vw, 932px\" \/><\/div><\/div><\/div><\/div><div class=\"flex_column av_one_full  flex_column_div av-zero-column-padding first  avia-builder-el-2  el_after_av_one_full  el_before_av_one_full  column-top-margin\" style='border-radius:0px; '><section class=\"av_textblock_section \"  itemscope=\"itemscope\" itemtype=\"https:\/\/schema.org\/BlogPosting\" itemprop=\"blogPost\" ><div class='avia_textblock  '   itemprop=\"text\" ><p style=\"text-align: center;\"><strong><span style=\"font-size: 18pt;\">Subsecretario de Vivienda cumple variadas actividades en la regi\u00f3n de Ays\u00e9n<\/span><\/strong><\/p>\n<div id=\"gtx-trans\" style=\"position: absolute; left: -50px; top: 4.31534px;\">\n<div class=\"gtx-trans-icon\"><\/div>\n<\/div>\n<\/div><\/section><\/div><div class=\"flex_column av_one_full  flex_column_div av-zero-column-padding first  avia-builder-el-4  el_after_av_one_full  el_before_av_hr  column-top-margin\" style='border-radius:0px; '><section class=\"av_textblock_section \"  itemscope=\"itemscope\" itemtype=\"https:\/\/schema.org\/BlogPosting\" itemprop=\"blogPost\" ><div class='avia_textblock  '   itemprop=\"text\" ><p style=\"text-align: justify;\">Hasta Puerto Ays\u00e9n se traslad\u00f3 este jueves el Subsecretario de Vivienda y Urbanismo, Guillermo Rolando Vicente, para iniciar junto a autoridades regionales y locales una intensa agenda de trabajo que se extender\u00e1 hasta ma\u00f1ana viernes en la regi\u00f3n de Ays\u00e9n.<\/p>\n<p style=\"text-align: justify;\">Tras arribar a la ciudad porte\u00f1a el Subsecretario se dirigi\u00f3 hasta el terreno donde antes estuvo el campamento Las Quilas, en el sector Ribera Sur y donde hoy el Minvu desarrolla un interesante proyecto que permitir\u00e1 dar soluci\u00f3n habitacional a 68 familias que all\u00ed vivieron por a\u00f1os y que se organizaron en dos comit\u00e9s para trabajar con el Serviu a trav\u00e9s de su Programa de Asentamientos Precarios.<\/p>\n<p style=\"text-align: justify;\">En su visita al lugar el representante del Minvu se reuni\u00f3 con dirigentes y familias, comprobando los avances que se han ido logrando en el proceso, como el despeje y limpieza del terreno, el apoyo con arriendos provisorios para las familias, los estudios de suelo para su posterior habilitaci\u00f3n, los subsidios entregados a los beneficiarios y la elaboraci\u00f3n de los proyectos que en los pr\u00f3ximos meses se empezar\u00e1n a hacer realidad.<\/p>\n<p style=\"text-align: justify;\">En ese contexto el Subsecretario Guillermo Rolando enfatiz\u00f3 en la importancia de tener la certeza de que la calidad del suelo va a permitir que las familias vivan de manera segura, lo que se logra con los estudios que se han venido realizando durante todo este a\u00f1o en el sector con una inversi\u00f3n que bordea\u00a0 los 2 mil 500 millones de pesos. \u201cAcabamos de terminar de analizar con el equipo t\u00e9cnico en Santiago de modo que ya el documento aprobatorio, que fue el compromiso con los vecinos, va a estar en dos semanas. Con eso ya quedar\u00edan los recursos completos para el proyecto, despu\u00e9s debe pasar por Contralor\u00eda, pero esperamos que con esto se pueda desarrollar el proyecto sin gran dificultad y que las familias puedan vivir lo antes posible en sus viviendas definitivas. Lo que esperamos es que antes que termine el a\u00f1o podamos ver aqu\u00ed los movimientos de obra y\u00a0 el inicio de la construcci\u00f3n\u201d, precis\u00f3.<\/p>\n<p style=\"text-align: justify;\">La presidenta del comit\u00e9 \u201cSonriendo al futuro\u201d, Liliana Pe\u00f1a, expres\u00f3 su alegr\u00eda de ver que siguen avanzando por el camino que los lleva hasta su casa propia: \u201cFelices porque cada logro, cada paso, aunque sea m\u00ednimo nos da una esperanza de que ya pronto vamos a tener nuestras casas, que es lo que estamos esperando, porque si bien estamos con un arriendo que nos est\u00e1 otorgando el Gobierno no es lo mismo que tener tu casa, entonces queremos que llegue ese anhelado d\u00eda. Doy las gracias a mi comit\u00e9 y a las autoridades que nos han estado ayudando, ya que es harto el trabajo que han tenido, pero vamos avanzando en conjunto\u201d, se\u00f1al\u00f3.<\/p>\n<p style=\"text-align: justify;\">El Senador David Sandoval destac\u00f3 tambi\u00e9n los avances logrados en el trabajo con las familias de este antiguo sector de Puerto Ays\u00e9n. \u201c Hay que estar en esas condiciones, cuando las calles son de barro, la escarcha, la lluvia, el viento, tantas cosas que afectan la dignidad de una familia. Yo creo que despu\u00e9s de 30 a\u00f1os este es un tema que nos parece un gran paso, dejar una condici\u00f3n de vivir en campamento para vivir con toda la dignidad que se merece una familia es un paso del cual evidentemente nos alegramos. Felicitamos a las 70 familias, a las dirigentes de los dos comit\u00e9s que han sido parte importante de este proceso y particularmente muy atento a que este sue\u00f1o se realice a la brevedad, cumpliendo con todas las normas\u201d, manifest\u00f3.<\/p>\n<p style=\"text-align: justify;\"><strong>204 viviendas<\/strong><\/p>\n<p style=\"text-align: justify;\">Posteriormente el Subsecretario Guillermo Rolando se traslad\u00f3 hasta otro terreno de 15 hect\u00e1reas ubicado en el sector Ribera Norte de la ciudad, donde el Minvu desarrolla un Plan Urbano Habitacional de gran impacto, que adem\u00e1s de equipamiento y \u00e1reas verdes albergar\u00e1 las viviendas definitivas para m\u00e1s de 360 familias de 4 comit\u00e9s de vivienda de Puerto Ays\u00e9n, incluyendo la soluci\u00f3n para los 204 integrantes de los comit\u00e9s Amuyen I y II, que trabajan desde hace varios a\u00f1os al alero de la agrupaci\u00f3n ind\u00edgena Wapi.<\/p>\n<p style=\"text-align: justify;\">En este lugar las autoridades fueron testigos del t\u00e9rmino de los trabajos que por varios meses desarroll\u00f3 la empresa L y D para la compactaci\u00f3n din\u00e1mica de los terrenos, lo que busca dar garant\u00edas de seguridad para la instalaci\u00f3n de las casas, de manera que no se presenten problemas posteriores de asentamiento como los ocurridos hace algunos a\u00f1os en un sector aleda\u00f1o. \u201cEs una tecnolog\u00eda que por primera vez se ocupa en el Ministerio de Vivienda y consiste en que cuando el suelo es muy h\u00famedo se pueda compactar para que las familias vivan muy seguras ante futuros sismos\u201d, advirti\u00f3 el Subsecretario.<\/p>\n<p style=\"text-align: justify;\">De esta forma la autoridad nacional dio el vamos a la nueva etapa de instalaci\u00f3n de las viviendas, para lo cual tambi\u00e9n visit\u00f3 el galp\u00f3n de la empresa donde se est\u00e1n armando las 204 casas que m\u00e1s tarde ir\u00e1n siendo trasladadas al terreno para terminar su construcci\u00f3n, esto junto con los trabajos de urbanizaci\u00f3n de lo que ser\u00e1 este gran y nuevo barrio para la ciudad.<\/p>\n<p style=\"text-align: justify;\">En ese contexto tambi\u00e9n la Delegada Presidencial, Margarita Ossa, destac\u00f3 el trabajo realizado en bien de las familias y su futuro. \u201cHa sido un trabajo dif\u00edcil, una lucha constante, en un terreno complicado, con una tecnolog\u00eda que no se hab\u00eda implementado a nivel pa\u00eds, as\u00ed que como regi\u00f3n estamos muy agradecidos de haber podido avanzar juntos en este desaf\u00edo social que ha sido enorme y que como Gobierno hemos ido concretando paso a\u00a0 paso\u201d, manifest\u00f3.<\/p>\n<p style=\"text-align: justify;\">Antes de su regreso a la capital regional el Subsecretario, junto al Seremi Diego Silva y el Director del Serviu, Nelson Quinteros, se reuni\u00f3 con los dirigentes de la agrupaci\u00f3n Wapi y de los comit\u00e9s Amuyen I y II, quienes valoraron el trabajo que est\u00e1 llevando adelante el Minvu para dar soluci\u00f3n a las familias.<\/p>\n<p style=\"text-align: justify;\">En su jornada de trabajo de este viernes el Subsecretario realizar\u00e1 en Coyhaique importantes anuncios respecto de los subsidios para mejoramiento t\u00e9rmico de las viviendas en la regi\u00f3n, tras lo cual visitar\u00e1 el proyecto de construcci\u00f3n de 18 soluciones habitacionales a trav\u00e9s del Programa de Peque\u00f1os Condominios del Minvu. Guillermo Rolando finalizar\u00e1 sus actividades en Balmaceda, donde constatar\u00e1 en terreno el desarrollo del proyecto de construcci\u00f3n de 68 viviendas para el comit\u00e9 Huilli Ruka, el cual presenta m\u00e1s de un 97 por ciento de avance y se espera su t\u00e9rmino para el mes de octubre de este a\u00f1o.<\/p>\n<\/div><\/section><\/div><div  style='height:50px' class='hr hr-invisible   avia-builder-el-6  el_after_av_one_full  el_before_av_social_share '><span class='hr-inner ' ><span class='hr-inner-style'><\/span><\/span><\/div><\/p>\n<div  class='av-social-sharing-box  avia-builder-el-7  el_after_av_hr  el_before_av_hr  '><div class='av-share-box'><h5 class='av-share-link-description av-no-toc '>Compartir esta noticia<\/h5><ul class='av-share-box-list noLightbox'><li class='av-share-link av-social-link-facebook' ><a target=\"_blank\" aria-label=\"Compartir en Facebook\" href='https:\/\/www.facebook.com\/sharer.php?u=https:\/\/radiorevelacionfm.cl\/?p=8532&#038;t=Subsecretario%20de%20Vivienda%20cumple%20variadas%20actividades%20en%20la%20regi%C3%B3n%20de%20Ays%C3%A9n' aria-hidden='false' data-av_icon='\ue8f3' data-av_iconfont='entypo-fontello' title='' data-avia-related-tooltip='Compartir en Facebook' rel=\"noopener\"><span class='avia_hidden_link_text'>Compartir en Facebook<\/span><\/a><\/li><li class='av-share-link av-social-link-twitter' ><a target=\"_blank\" aria-label=\"Compartir en Twitter\" href='https:\/\/twitter.com\/share?text=Subsecretario%20de%20Vivienda%20cumple%20variadas%20actividades%20en%20la%20regi%C3%B3n%20de%20Ays%C3%A9n&#038;url=https:\/\/radiorevelacionfm.cl\/?p=8532' aria-hidden='false' data-av_icon='\ue8f1' data-av_iconfont='entypo-fontello' title='' data-avia-related-tooltip='Compartir en Twitter' rel=\"noopener\"><span class='avia_hidden_link_text'>Compartir en Twitter<\/span><\/a><\/li><li class='av-share-link av-social-link-whatsapp' ><a target=\"_blank\" aria-label=\"Compartir en Whatsapp\" href='https:\/\/api.whatsapp.com\/send?text=https:\/\/radiorevelacionfm.cl\/?p=8532' aria-hidden='false' data-av_icon='\uf232' data-av_iconfont='entypo-fontello' title='' data-avia-related-tooltip='Compartir en Whatsapp' rel=\"noopener\"><span class='avia_hidden_link_text'>Compartir en Whatsapp<\/span><\/a><\/li><li class='av-share-link av-social-link-linkedin' ><a target=\"_blank\" aria-label=\"Compartir en LinkedIn\" href='https:\/\/linkedin.com\/shareArticle?mini=true&#038;title=Subsecretario%20de%20Vivienda%20cumple%20variadas%20actividades%20en%20la%20regi%C3%B3n%20de%20Ays%C3%A9n&#038;url=https:\/\/radiorevelacionfm.cl\/?p=8532' aria-hidden='false' data-av_icon='\ue8fc' data-av_iconfont='entypo-fontello' title='' data-avia-related-tooltip='Compartir en LinkedIn' rel=\"noopener\"><span class='avia_hidden_link_text'>Compartir en LinkedIn<\/span><\/a><\/li><li class='av-share-link av-social-link-mail' ><a  aria-label=\"Compartir por correo\" href='mailto:?subject=Subsecretario%20de%20Vivienda%20cumple%20variadas%20actividades%20en%20la%20regi%C3%B3n%20de%20Ays%C3%A9n&#038;body=https:\/\/radiorevelacionfm.cl\/?p=8532' aria-hidden='false' data-av_icon='\ue805' data-av_iconfont='entypo-fontello' title='' data-avia-related-tooltip='Compartir por correo'><span class='avia_hidden_link_text'>Compartir por correo<\/span><\/a><\/li><\/ul><\/div><\/div>\n<div  style='height:50px' class='hr hr-invisible   avia-builder-el-8  el_after_av_social_share  el_before_av_comments_list '><span class='hr-inner ' ><span class='hr-inner-style'><\/span><\/span><\/div>\n<div  class='av-buildercomment  av-blog-meta-html-info-disabled av-blog-meta-tag-disabled  '><\/div>\n","protected":false},"excerpt":{"rendered":"","protected":false},"author":1,"featured_media":8533,"comment_status":"open","ping_status":"open","sticky":false,"template":"","format":"standard","meta":{"footnotes":""},"categories":[57],"tags":[],"class_list":["post-8532","post","type-post","status-publish","format-standard","has-post-thumbnail","hentry","category-vivienda"],"jetpack_featured_media_url":"https:\/\/radiorevelacionfm.cl\/wp-content\/uploads\/2021\/09\/actividades-en-puerto-aysen-subsecretario-de-vivienda1_optimized.jpeg","_links":{"self":[{"href":"https:\/\/radiorevelacionfm.cl\/index.php?rest_route=\/wp\/v2\/posts\/8532","targetHints":{"allow":["GET"]}}],"collection":[{"href":"https:\/\/radiorevelacionfm.cl\/index.php?rest_route=\/wp\/v2\/posts"}],"about":[{"href":"https:\/\/radiorevelacionfm.cl\/index.php?rest_route=\/wp\/v2\/types\/post"}],"author":[{"embeddable":true,"href":"https:\/\/radiorevelacionfm.cl\/index.php?rest_route=\/wp\/v2\/users\/1"}],"replies":[{"embeddable":true,"href":"https:\/\/radiorevelacionfm.cl\/index.php?rest_route=%2Fwp%2Fv2%2Fcomments&post=8532"}],"version-history":[{"count":1,"href":"https:\/\/radiorevelacionfm.cl\/index.php?rest_route=\/wp\/v2\/posts\/8532\/revisions"}],"predecessor-version":[{"id":8534,"href":"https:\/\/radiorevelacionfm.cl\/index.php?rest_route=\/wp\/v2\/posts\/8532\/revisions\/8534"}],"wp:featuredmedia":[{"embeddable":true,"href":"https:\/\/radiorevelacionfm.cl\/index.php?rest_route=\/wp\/v2\/media\/8533"}],"wp:attachment":[{"href":"https:\/\/radiorevelacionfm.cl\/index.php?rest_route=%2Fwp%2Fv2%2Fmedia&parent=8532"}],"wp:term":[{"taxonomy":"category","embeddable":true,"href":"https:\/\/radiorevelacionfm.cl\/index.php?rest_route=%2Fwp%2Fv2%2Fcategories&post=8532"},{"taxonomy":"post_tag","embeddable":true,"href":"https:\/\/radiorevelacionfm.cl\/index.php?rest_route=%2Fwp%2Fv2%2Ftags&post=8532"}],"curies":[{"name":"wp","href":"https:\/\/api.w.org\/{rel}","templated":true}]}}