{"id":8528,"date":"2021-09-09T17:36:23","date_gmt":"2021-09-09T20:36:23","guid":{"rendered":"https:\/\/radiorevelacionfm.cl\/?p=8528"},"modified":"2021-09-09T17:40:28","modified_gmt":"2021-09-09T20:40:28","slug":"convenio-suscrito-entre-el-municipio-lago-verde-u-san-sebastian-permitira-abordar-proyectos-de-tecnologia-educacion-turismo-y-agricultura","status":"publish","type":"post","link":"https:\/\/radiorevelacionfm.cl\/?p=8528","title":{"rendered":"Convenio suscrito entre el Municipio Lago Verde y U San Sebasti\u00e1n permitir\u00e1 abordar proyectos de tecnolog\u00eda, educaci\u00f3n, turismo y agricultura"},"content":{"rendered":"<div class=\"flex_column av_one_full  flex_column_div av-zero-column-padding first  avia-builder-el-0  el_before_av_one_full  avia-builder-el-first  \" style='border-radius:0px; '><div  class='avia-image-container  av-styling-    avia-builder-el-1  avia-builder-el-no-sibling  avia-align-center '  itemprop=\"image\" itemscope=\"itemscope\" itemtype=\"https:\/\/schema.org\/ImageObject\"  ><div class='avia-image-container-inner'><div class='avia-image-overlay-wrap'><img decoding=\"async\" class='wp-image-8529 avia-img-lazy-loading-not-8529 avia_image' src=\"https:\/\/radiorevelacionfm.cl\/wp-content\/uploads\/2021\/09\/CONVENIO-USS-7-1-1.jpg\" alt='' title='CONVENIO USS 7 (1) (1)' height=\"600\" width=\"825\"  itemprop=\"thumbnailUrl\" srcset=\"https:\/\/radiorevelacionfm.cl\/wp-content\/uploads\/2021\/09\/CONVENIO-USS-7-1-1.jpg 825w, https:\/\/radiorevelacionfm.cl\/wp-content\/uploads\/2021\/09\/CONVENIO-USS-7-1-1-300x218.jpg 300w, https:\/\/radiorevelacionfm.cl\/wp-content\/uploads\/2021\/09\/CONVENIO-USS-7-1-1-768x559.jpg 768w, https:\/\/radiorevelacionfm.cl\/wp-content\/uploads\/2021\/09\/CONVENIO-USS-7-1-1-705x513.jpg 705w, https:\/\/radiorevelacionfm.cl\/wp-content\/uploads\/2021\/09\/CONVENIO-USS-7-1-1-600x436.jpg 600w\" sizes=\"(max-width: 825px) 100vw, 825px\" \/><\/div><\/div><\/div><\/div>\n<div class=\"flex_column av_one_full  flex_column_div av-zero-column-padding first  avia-builder-el-2  el_after_av_one_full  el_before_av_one_full  column-top-margin\" style='border-radius:0px; '><section class=\"av_textblock_section \"  itemscope=\"itemscope\" itemtype=\"https:\/\/schema.org\/BlogPosting\" itemprop=\"blogPost\" ><div class='avia_textblock  '   itemprop=\"text\" ><p style=\"text-align: center;\"><strong><span style=\"font-size: 18pt;\">Convenio suscrito entre el Municipio Lago Verde y U San Sebasti\u00e1n permitir\u00e1 abordar proyectos de tecnolog\u00eda, educaci\u00f3n, turismo y agricultura\u00a0<\/span><\/strong><\/p>\n<div id=\"gtx-trans\" style=\"position: absolute; left: -50px; top: 4.31534px;\">\n<div class=\"gtx-trans-icon\"><\/div>\n<\/div>\n<\/div><\/section><\/div><div class=\"flex_column av_one_full  flex_column_div av-zero-column-padding first  avia-builder-el-4  el_after_av_one_full  el_before_av_hr  column-top-margin\" style='border-radius:0px; '><section class=\"av_textblock_section \"  itemscope=\"itemscope\" itemtype=\"https:\/\/schema.org\/BlogPosting\" itemprop=\"blogPost\" ><div class='avia_textblock  '   itemprop=\"text\" ><p style=\"text-align: justify;\">Para la gesti\u00f3n del Alcalde Nelson Opazo L\u00f3pez, el trabajar de la mano con diversos organismos que contribuyan a ir mejorando la comuna en distintos aspectos es fundamental y cuando esto viene desde una base educativa de prestigio, a\u00fan mejor.<\/p>\n<p style=\"text-align: justify;\">Es as\u00ed que, en su reciente agenda de trabajo en la capital del pa\u00eds, una de las actividades m\u00e1s importantes era, sin duda, fortalecer, ampliar y dar continuidad al convenio establecido con la Universidad San Sebasti\u00e1n. Entidad con la que ya se ha hecho un potente trabajo desde el punto de vista de la salud de manera integral, apoyo con el tema veterinario y tambi\u00e9n desde el \u00e1rea legal.<\/p>\n<p style=\"text-align: justify;\">Ahora, se espera enfocar el trabajo en materias como tecnolog\u00eda, turismo, agricultura y por supuesto educaci\u00f3n, las que mediante sus distintas facultades la casa de estudios superiores trabajar\u00e1 de la mano con la Municipalidad de Lago Verde. Lo que fue ampliamente valorado por el Alcalde, Nelson Opazo.<\/p>\n<p style=\"text-align: justify;\">\u201cEn esta ocasi\u00f3n hemos ampliado el convenio, que va m\u00e1s all\u00e1 de las intervenciones muy importantes que se estaban haciendo en su oportunidad, en el \u00e1mbito de la salud, de la medicina veterinaria, de la educaci\u00f3n. Pero ahora, crece este compromiso con el gran apoyo de la Universidad para con nuestra comuna, en este caso, la disposici\u00f3n de profesionales para trabajar en proyectos espec\u00edficos, que son de enorme impacto para las localidades de todo el territorio\u201d.<\/p>\n<p style=\"text-align: justify;\">La ampliaci\u00f3n del convenio entre la Municipalidad de Lago Verde y la Universidad San Sebasti\u00e1n, cont\u00f3 con la firma del rector de la casa estudios superiores, Carlos Williamson y el Alcalde Nelson Opazo. Ante esto el edil, agradeci\u00f3 el apoyo y el compromiso fijado desde la Universidad.<\/p>\n<p style=\"text-align: justify;\">\u201cNos quedamos absolutamente satisfechos, agradecidos, de la disposici\u00f3n, del apoyo, del compromiso, de las m\u00e1s altas autoridades de la casa de estudios, Universidad San Sebasti\u00e1n. Esto nos va a permitir poder proyectarnos en lo que significa el apoyo directo a nuestros campesinos, con el plan veterinario, con proyectos de infraestructura, con importante apoyo profesional en lo que es el desarrollo tur\u00edstico de la comuna. Claramente el conocimiento que tiene la Universidad a trav\u00e9s de sus facultades, va a poder generar un impacto important\u00edsimo en todo el territorio de la comuna\u201d.<\/p>\n<p style=\"text-align: justify;\">Avanzar en el proyecto de fibra \u00f3ptica para Lago Verde y Tapera es una iniciativa de gran relevancia para la comuna, donde la Universidad San Sebasti\u00e1n tambi\u00e9n ha comprometido colaboraci\u00f3n, a\u00f1adi\u00f3 el Alcalde Opazo.<\/p>\n<p style=\"text-align: justify;\">\u201cEl compromiso tambi\u00e9n que se ha asumido por parte de la casa de estudios, en base a poder apoyarnos en la gestiones para materializar el proyecto de fibra \u00f3ptica. As\u00ed es que, es una serie de temas que se abordaron y que se tradujeron en la firma de la modificaci\u00f3n y ampliaci\u00f3n del convenio ya existente con nuestro Municipio y todo el territorio de la comuna de Lago Verde. Primer convenio de la Universidad con una Municipalidad de la regi\u00f3n de Ays\u00e9n, as\u00ed es que, muy contento\u201d.<\/p>\n<p style=\"text-align: justify;\">Por su parte, el Vicerrector de Vinculaci\u00f3n con el Medio de la Universidad San Sebasti\u00e1n, Antonio Pujol Martin, destacaba la importancia de colaborar con la Municipalidad de Lago Verde desde el punto de vista acad\u00e9mico y a trav\u00e9s de sus distintas facultades.<\/p>\n<p style=\"text-align: justify;\">\u201cReal inter\u00e9s es de la Universidad poder colaborar, contribuir al desarrollo de la comunidad, por su car\u00e1cter de realizar y hacer permanentemente soberan\u00eda, en una zona tan dif\u00edcil para la vida cotidiana. Por tanto, sentimos como instituci\u00f3n un deber de estar cerca de la gente que hace soberan\u00eda en lugares tan apartados, por lo tanto, esta segunda firma del convenio con Lago Verde viene a profundizar nuestra relaci\u00f3n y no es otra cosa que reafirmar nuestro compromiso de colaboraci\u00f3n y contribuci\u00f3n para la comuna\u201d.<\/p>\n<p style=\"text-align: justify;\">Pujol, relev\u00f3 tambi\u00e9n los alcances del nuevo convenio entre la Universidad San Sebasti\u00e1n y la Municipalidad de Lago Verde.<\/p>\n<p style=\"text-align: justify;\">\u201cDe este nuevo convenio esperamos que surjan nuevas iniciativas, nuevos proyectos, como por ejemplo, trabajar con la facultad de arquitectura lo que es el borde costero del lago. Otra l\u00ednea a trabajar, por ejemplo es, generar rutas de trekking en el entorno de Lago Verde. O sea, hay diversas iniciativas que se ir\u00e1n sumando en la medida de nuestras capacidades y las necesidades que presenta el territorio\u201d.<\/p>\n<p style=\"text-align: justify;\">Con este tipo de iniciativas la actual gesti\u00f3n municipal de Lago Verde, sigue avanzando y cumpliendo con un trabajo integral en diversas materias como, salud, transito, energ\u00eda, fomento productivo, educaci\u00f3n, tecnolog\u00eda, agricultura, turismo y mucho m\u00e1s.<\/p>\n<\/div><\/section><\/div><\/p>\n<div  style='height:50px' class='hr hr-invisible   avia-builder-el-6  el_after_av_one_full  el_before_av_social_share '><span class='hr-inner ' ><span class='hr-inner-style'><\/span><\/span><\/div>\n<div  class='av-social-sharing-box  avia-builder-el-7  el_after_av_hr  el_before_av_hr  '><div class='av-share-box'><h5 class='av-share-link-description av-no-toc '>Compartir esta noticia<\/h5><ul class='av-share-box-list noLightbox'><li class='av-share-link av-social-link-facebook' ><a target=\"_blank\" aria-label=\"Compartir en Facebook\" href='https:\/\/www.facebook.com\/sharer.php?u=https:\/\/radiorevelacionfm.cl\/?p=8528&#038;t=Convenio%20suscrito%20entre%20el%20Municipio%20Lago%20Verde%20y%20U%20San%20Sebasti%C3%A1n%20permitir%C3%A1%20abordar%20proyectos%20de%20tecnolog%C3%ADa%2C%20educaci%C3%B3n%2C%20turismo%20y%20agricultura' aria-hidden='false' data-av_icon='\ue8f3' data-av_iconfont='entypo-fontello' title='' data-avia-related-tooltip='Compartir en Facebook' rel=\"noopener\"><span class='avia_hidden_link_text'>Compartir en Facebook<\/span><\/a><\/li><li class='av-share-link av-social-link-twitter' ><a target=\"_blank\" aria-label=\"Compartir en Twitter\" href='https:\/\/twitter.com\/share?text=Convenio%20suscrito%20entre%20el%20Municipio%20Lago%20Verde%20y%20U%20San%20Sebasti%C3%A1n%20permitir%C3%A1%20abordar%20proyectos%20de%20tecnolog%C3%ADa%2C%20educaci%C3%B3n%2C%20turismo%20y%20agricultura&#038;url=https:\/\/radiorevelacionfm.cl\/?p=8528' aria-hidden='false' data-av_icon='\ue8f1' data-av_iconfont='entypo-fontello' title='' data-avia-related-tooltip='Compartir en Twitter' rel=\"noopener\"><span class='avia_hidden_link_text'>Compartir en Twitter<\/span><\/a><\/li><li class='av-share-link av-social-link-whatsapp' ><a target=\"_blank\" aria-label=\"Compartir en Whatsapp\" href='https:\/\/api.whatsapp.com\/send?text=https:\/\/radiorevelacionfm.cl\/?p=8528' aria-hidden='false' data-av_icon='\uf232' data-av_iconfont='entypo-fontello' title='' data-avia-related-tooltip='Compartir en Whatsapp' rel=\"noopener\"><span class='avia_hidden_link_text'>Compartir en Whatsapp<\/span><\/a><\/li><li class='av-share-link av-social-link-linkedin' ><a target=\"_blank\" aria-label=\"Compartir en LinkedIn\" href='https:\/\/linkedin.com\/shareArticle?mini=true&#038;title=Convenio%20suscrito%20entre%20el%20Municipio%20Lago%20Verde%20y%20U%20San%20Sebasti%C3%A1n%20permitir%C3%A1%20abordar%20proyectos%20de%20tecnolog%C3%ADa%2C%20educaci%C3%B3n%2C%20turismo%20y%20agricultura&#038;url=https:\/\/radiorevelacionfm.cl\/?p=8528' aria-hidden='false' data-av_icon='\ue8fc' data-av_iconfont='entypo-fontello' title='' data-avia-related-tooltip='Compartir en LinkedIn' rel=\"noopener\"><span class='avia_hidden_link_text'>Compartir en LinkedIn<\/span><\/a><\/li><li class='av-share-link av-social-link-mail' ><a  aria-label=\"Compartir por correo\" href='mailto:?subject=Convenio%20suscrito%20entre%20el%20Municipio%20Lago%20Verde%20y%20U%20San%20Sebasti%C3%A1n%20permitir%C3%A1%20abordar%20proyectos%20de%20tecnolog%C3%ADa%2C%20educaci%C3%B3n%2C%20turismo%20y%20agricultura&#038;body=https:\/\/radiorevelacionfm.cl\/?p=8528' aria-hidden='false' data-av_icon='\ue805' data-av_iconfont='entypo-fontello' title='' data-avia-related-tooltip='Compartir por correo'><span class='avia_hidden_link_text'>Compartir por correo<\/span><\/a><\/li><\/ul><\/div><\/div>\n<div  style='height:50px' class='hr hr-invisible   avia-builder-el-8  el_after_av_social_share  el_before_av_comments_list '><span class='hr-inner ' ><span class='hr-inner-style'><\/span><\/span><\/div>\n<div  class='av-buildercomment  av-blog-meta-html-info-disabled av-blog-meta-tag-disabled  '><\/div>\n","protected":false},"excerpt":{"rendered":"","protected":false},"author":1,"featured_media":8529,"comment_status":"open","ping_status":"open","sticky":false,"template":"","format":"standard","meta":{"footnotes":""},"categories":[38],"tags":[],"class_list":["post-8528","post","type-post","status-publish","format-standard","has-post-thumbnail","hentry","category-regional"],"jetpack_featured_media_url":"https:\/\/radiorevelacionfm.cl\/wp-content\/uploads\/2021\/09\/CONVENIO-USS-7-1-1.jpg","_links":{"self":[{"href":"https:\/\/radiorevelacionfm.cl\/index.php?rest_route=\/wp\/v2\/posts\/8528","targetHints":{"allow":["GET"]}}],"collection":[{"href":"https:\/\/radiorevelacionfm.cl\/index.php?rest_route=\/wp\/v2\/posts"}],"about":[{"href":"https:\/\/radiorevelacionfm.cl\/index.php?rest_route=\/wp\/v2\/types\/post"}],"author":[{"embeddable":true,"href":"https:\/\/radiorevelacionfm.cl\/index.php?rest_route=\/wp\/v2\/users\/1"}],"replies":[{"embeddable":true,"href":"https:\/\/radiorevelacionfm.cl\/index.php?rest_route=%2Fwp%2Fv2%2Fcomments&post=8528"}],"version-history":[{"count":2,"href":"https:\/\/radiorevelacionfm.cl\/index.php?rest_route=\/wp\/v2\/posts\/8528\/revisions"}],"predecessor-version":[{"id":8531,"href":"https:\/\/radiorevelacionfm.cl\/index.php?rest_route=\/wp\/v2\/posts\/8528\/revisions\/8531"}],"wp:featuredmedia":[{"embeddable":true,"href":"https:\/\/radiorevelacionfm.cl\/index.php?rest_route=\/wp\/v2\/media\/8529"}],"wp:attachment":[{"href":"https:\/\/radiorevelacionfm.cl\/index.php?rest_route=%2Fwp%2Fv2%2Fmedia&parent=8528"}],"wp:term":[{"taxonomy":"category","embeddable":true,"href":"https:\/\/radiorevelacionfm.cl\/index.php?rest_route=%2Fwp%2Fv2%2Fcategories&post=8528"},{"taxonomy":"post_tag","embeddable":true,"href":"https:\/\/radiorevelacionfm.cl\/index.php?rest_route=%2Fwp%2Fv2%2Ftags&post=8528"}],"curies":[{"name":"wp","href":"https:\/\/api.w.org\/{rel}","templated":true}]}}