{"id":8489,"date":"2021-09-09T11:52:24","date_gmt":"2021-09-09T14:52:24","guid":{"rendered":"https:\/\/radiorevelacionfm.cl\/?p=8489"},"modified":"2021-09-09T11:52:24","modified_gmt":"2021-09-09T14:52:24","slug":"subsecretario-de-justicia-gendarmeria-y-constructora-lyd-firman-acuerdo-para-entregar-plazas-laborales-a-beneficiarios-del-proyector","status":"publish","type":"post","link":"https:\/\/radiorevelacionfm.cl\/?p=8489","title":{"rendered":"Subsecretario de Justicia, Gendarmer\u00eda y Constructora LyD firman acuerdo para entregar plazas laborales a beneficiarios del Proyecto+R"},"content":{"rendered":"<div class=\"flex_column av_one_full  flex_column_div av-zero-column-padding first  avia-builder-el-0  el_before_av_one_full  avia-builder-el-first  \" style='border-radius:0px; '><div  class='avia-image-container  av-styling-    avia-builder-el-1  avia-builder-el-no-sibling  avia-align-center '  itemprop=\"image\" itemscope=\"itemscope\" itemtype=\"https:\/\/schema.org\/ImageObject\"  ><div class='avia-image-container-inner'><div class='avia-image-overlay-wrap'><img decoding=\"async\" class='wp-image-8490 avia-img-lazy-loading-not-8490 avia_image' src=\"https:\/\/radiorevelacionfm.cl\/wp-content\/uploads\/2021\/09\/R-0833-1-1.jpg\" alt='' title='+R 0833 (1) (1)' height=\"600\" width=\"900\"  itemprop=\"thumbnailUrl\" srcset=\"https:\/\/radiorevelacionfm.cl\/wp-content\/uploads\/2021\/09\/R-0833-1-1.jpg 900w, https:\/\/radiorevelacionfm.cl\/wp-content\/uploads\/2021\/09\/R-0833-1-1-300x200.jpg 300w, https:\/\/radiorevelacionfm.cl\/wp-content\/uploads\/2021\/09\/R-0833-1-1-768x512.jpg 768w, https:\/\/radiorevelacionfm.cl\/wp-content\/uploads\/2021\/09\/R-0833-1-1-705x470.jpg 705w, https:\/\/radiorevelacionfm.cl\/wp-content\/uploads\/2021\/09\/R-0833-1-1-600x400.jpg 600w\" sizes=\"(max-width: 900px) 100vw, 900px\" \/><\/div><\/div><\/div><\/div><div class=\"flex_column av_one_full  flex_column_div av-zero-column-padding first  avia-builder-el-2  el_after_av_one_full  el_before_av_one_full  column-top-margin\" style='border-radius:0px; '><section class=\"av_textblock_section \"  itemscope=\"itemscope\" itemtype=\"https:\/\/schema.org\/BlogPosting\" itemprop=\"blogPost\" ><div class='avia_textblock  '   itemprop=\"text\" ><p style=\"text-align: center;\"><span style=\"font-size: 18pt;\"><strong>Subsecretario de Justicia, Gendarmer\u00eda y Constructora LyD firman acuerdo para entregar plazas laborales a beneficiarios del Proyecto+R<\/strong><\/span><\/p>\n<div id=\"gtx-trans\" style=\"position: absolute; left: -50px; top: 4.31534px;\">\n<div class=\"gtx-trans-icon\"><\/div>\n<\/div>\n<\/div><\/section><\/div><div class=\"flex_column av_one_full  flex_column_div av-zero-column-padding first  avia-builder-el-4  el_after_av_one_full  el_before_av_hr  column-top-margin\" style='border-radius:0px; '><section class=\"av_textblock_section \"  itemscope=\"itemscope\" itemtype=\"https:\/\/schema.org\/BlogPosting\" itemprop=\"blogPost\" ><div class='avia_textblock  '   itemprop=\"text\" ><p style=\"text-align: justify;\">Dotar de plazas laborales a todos los beneficiarios del curso de capacitaci\u00f3n <strong>\u201cObras Menores de Terminaci\u00f3n en Edificaci\u00f3n\u201d<\/strong> a iniciarse a fines de este mes en el marco del Proyecto +R, tiene como objetivo la Manifestaci\u00f3n de Inter\u00e9s firmada entre el Subsecretario de Justicia Sebasti\u00e1n Valenzuela Ag\u00fcero, el Director Regional de Gendarmer\u00eda de Chile Coronel Renato Montecinos Lav\u00edn y el Gerente Zonal de la Empresa Constructora LyD Patricio Illanes Perdiguero, la tarde de este mi\u00e9rcoles en la planta de la empresa en Puerto Ays\u00e9n.<\/p>\n<p style=\"text-align: justify;\">Dicho curso que estar\u00e1 a cargo de la OTEC Ays\u00e9n Consultores, y se suma a otros dos en el \u00e1rea de la Gastronom\u00eda que est\u00e1n en plena ejecuci\u00f3n, y que son parte del Proyecto+R iniciativa impulsada por el Ministerio de Justicia y DD.HH y el Ministerio del Trabajo y Previsi\u00f3n Social, en alianza con Gendarmer\u00eda de Chile, Sence y la colaboraci\u00f3n p\u00fablico-privada, que permite capacitar e insertar laboralmente a quienes han estado privados de libertad, disminuyendo de esta manera la reincidencia delictual.<\/p>\n<p style=\"text-align: justify;\">El Subsecretario de Justicia, Sebasti\u00e1n Valenzuela Ag\u00fcero, qui\u00e9n inici\u00f3 este mi\u00e9rcoles una visita a la regi\u00f3n, se refiri\u00f3 a esta importante acci\u00f3n que se concreta gracias al compromiso de la empresa privada \u201cestamos en una instancia muy importante que significa un acuerdo entre el sector p\u00fablico y el sector privado en beneficio de la reinserci\u00f3n de las personas que han estado cumpliendo una condena penal, esto se trata de dar oportunidades laborales pero con un enfoque, que significa capacitarlas previamente en oficios espec\u00edficamente dise\u00f1ados donde hay necesidad de las empresas, y las empresas a su vez aseguran cupos laborales y aseguramos que las personas al final del cumplimiento de su condena, terminen aprendiendo un oficio y lo m\u00e1s importante trabajando\u201d.<\/p>\n<p style=\"text-align: justify;\">En tanto, el Gerente Regional de la Empresa Constructora LyD Patricio Illanes Perdiguero se refiri\u00f3 a lo que significa para ellos la firma de este acuerdo \u201cse van a capacitar a 15 personas a trav\u00e9s del Proyecto+R y con eso queremos tambi\u00e9n incentivar el trabajo en la construcci\u00f3n, subirle el est\u00e1ndar y la calidad del trabajo con mano de obra m\u00e1s calificada y capacitada y tambi\u00e9n ayudar a la reinserci\u00f3n de la gente que estuvo o que est\u00e1 privada de libertad\u201d.<\/p>\n<p style=\"text-align: justify;\">Mientras que el Director Regional de Gendarmer\u00eda de Chile, Coronel Renato Montecinos indic\u00f3 que \u201cpara nosotros como Gendarmer\u00eda es satisfactorio saber que contamos con personas que son parte de una empresa que nos permiten cumplir con el rol fundamental que tenemos como instituci\u00f3n que es la reinserci\u00f3n, entonces de la cooperaci\u00f3n desinteresada que queda materializada a trav\u00e9s de la firma de esta manifestaci\u00f3n de inter\u00e9s, nos damos cuenta que existe un compromiso social empresarial y que est\u00e1 reflejado en lo que la empresa LyD est\u00e1 realizando con nuestros usuarios\u201d.<\/p>\n<p style=\"text-align: justify;\">Finalmente, cabe mencionar que la ceremonia cont\u00f3 con la participaci\u00f3n del Seremi de Justicia y DD.HH Luis Prieto Epuyao, el Director (s) del SENCE Samuel Santana Mardones, la Directora de la OTEC Ays\u00e9n Consultores Marcia G\u00f3mez Vargas, representantes de la delegaci\u00f3n presidencial y de la Municipalidad de Ays\u00e9n, funcionarios de Gendarmer\u00eda de Chile, y trabajadores de la Empresa LyD, entre otros.<\/p>\n<\/div><\/section><\/div><div  style='height:50px' class='hr hr-invisible   avia-builder-el-6  el_after_av_one_full  el_before_av_social_share '><span class='hr-inner ' ><span class='hr-inner-style'><\/span><\/span><\/div><\/p>\n<div  class='av-social-sharing-box  avia-builder-el-7  el_after_av_hr  el_before_av_hr  '><div class='av-share-box'><h5 class='av-share-link-description av-no-toc '>Compartir esta noticia<\/h5><ul class='av-share-box-list noLightbox'><li class='av-share-link av-social-link-facebook' ><a target=\"_blank\" aria-label=\"Compartir en Facebook\" href='https:\/\/www.facebook.com\/sharer.php?u=https:\/\/radiorevelacionfm.cl\/?p=8489&#038;t=Subsecretario%20de%20Justicia%2C%20Gendarmer%C3%ADa%20y%20Constructora%20LyD%20firman%20acuerdo%20para%20entregar%20plazas%20laborales%20a%20beneficiarios%20del%20Proyecto%2BR' aria-hidden='false' data-av_icon='\ue8f3' data-av_iconfont='entypo-fontello' title='' data-avia-related-tooltip='Compartir en Facebook' rel=\"noopener\"><span class='avia_hidden_link_text'>Compartir en Facebook<\/span><\/a><\/li><li class='av-share-link av-social-link-twitter' ><a target=\"_blank\" aria-label=\"Compartir en Twitter\" href='https:\/\/twitter.com\/share?text=Subsecretario%20de%20Justicia%2C%20Gendarmer%C3%ADa%20y%20Constructora%20LyD%20firman%20acuerdo%20para%20entregar%20plazas%20laborales%20a%20beneficiarios%20del%20Proyecto%2BR&#038;url=https:\/\/radiorevelacionfm.cl\/?p=8489' aria-hidden='false' data-av_icon='\ue8f1' data-av_iconfont='entypo-fontello' title='' data-avia-related-tooltip='Compartir en Twitter' rel=\"noopener\"><span class='avia_hidden_link_text'>Compartir en Twitter<\/span><\/a><\/li><li class='av-share-link av-social-link-whatsapp' ><a target=\"_blank\" aria-label=\"Compartir en Whatsapp\" href='https:\/\/api.whatsapp.com\/send?text=https:\/\/radiorevelacionfm.cl\/?p=8489' aria-hidden='false' data-av_icon='\uf232' data-av_iconfont='entypo-fontello' title='' data-avia-related-tooltip='Compartir en Whatsapp' rel=\"noopener\"><span class='avia_hidden_link_text'>Compartir en Whatsapp<\/span><\/a><\/li><li class='av-share-link av-social-link-linkedin' ><a target=\"_blank\" aria-label=\"Compartir en LinkedIn\" href='https:\/\/linkedin.com\/shareArticle?mini=true&#038;title=Subsecretario%20de%20Justicia%2C%20Gendarmer%C3%ADa%20y%20Constructora%20LyD%20firman%20acuerdo%20para%20entregar%20plazas%20laborales%20a%20beneficiarios%20del%20Proyecto%2BR&#038;url=https:\/\/radiorevelacionfm.cl\/?p=8489' aria-hidden='false' data-av_icon='\ue8fc' data-av_iconfont='entypo-fontello' title='' data-avia-related-tooltip='Compartir en LinkedIn' rel=\"noopener\"><span class='avia_hidden_link_text'>Compartir en LinkedIn<\/span><\/a><\/li><li class='av-share-link av-social-link-mail' ><a  aria-label=\"Compartir por correo\" href='mailto:?subject=Subsecretario%20de%20Justicia%2C%20Gendarmer%C3%ADa%20y%20Constructora%20LyD%20firman%20acuerdo%20para%20entregar%20plazas%20laborales%20a%20beneficiarios%20del%20Proyecto%2BR&#038;body=https:\/\/radiorevelacionfm.cl\/?p=8489' aria-hidden='false' data-av_icon='\ue805' data-av_iconfont='entypo-fontello' title='' data-avia-related-tooltip='Compartir por correo'><span class='avia_hidden_link_text'>Compartir por correo<\/span><\/a><\/li><\/ul><\/div><\/div>\n<div  style='height:50px' class='hr hr-invisible   avia-builder-el-8  el_after_av_social_share  el_before_av_comments_list '><span class='hr-inner ' ><span class='hr-inner-style'><\/span><\/span><\/div>\n<div  class='av-buildercomment  av-blog-meta-html-info-disabled av-blog-meta-tag-disabled  '><\/div>\n","protected":false},"excerpt":{"rendered":"","protected":false},"author":1,"featured_media":8490,"comment_status":"open","ping_status":"open","sticky":false,"template":"","format":"standard","meta":{"footnotes":""},"categories":[38],"tags":[],"class_list":["post-8489","post","type-post","status-publish","format-standard","has-post-thumbnail","hentry","category-regional"],"jetpack_featured_media_url":"https:\/\/radiorevelacionfm.cl\/wp-content\/uploads\/2021\/09\/R-0833-1-1.jpg","_links":{"self":[{"href":"https:\/\/radiorevelacionfm.cl\/index.php?rest_route=\/wp\/v2\/posts\/8489","targetHints":{"allow":["GET"]}}],"collection":[{"href":"https:\/\/radiorevelacionfm.cl\/index.php?rest_route=\/wp\/v2\/posts"}],"about":[{"href":"https:\/\/radiorevelacionfm.cl\/index.php?rest_route=\/wp\/v2\/types\/post"}],"author":[{"embeddable":true,"href":"https:\/\/radiorevelacionfm.cl\/index.php?rest_route=\/wp\/v2\/users\/1"}],"replies":[{"embeddable":true,"href":"https:\/\/radiorevelacionfm.cl\/index.php?rest_route=%2Fwp%2Fv2%2Fcomments&post=8489"}],"version-history":[{"count":1,"href":"https:\/\/radiorevelacionfm.cl\/index.php?rest_route=\/wp\/v2\/posts\/8489\/revisions"}],"predecessor-version":[{"id":8491,"href":"https:\/\/radiorevelacionfm.cl\/index.php?rest_route=\/wp\/v2\/posts\/8489\/revisions\/8491"}],"wp:featuredmedia":[{"embeddable":true,"href":"https:\/\/radiorevelacionfm.cl\/index.php?rest_route=\/wp\/v2\/media\/8490"}],"wp:attachment":[{"href":"https:\/\/radiorevelacionfm.cl\/index.php?rest_route=%2Fwp%2Fv2%2Fmedia&parent=8489"}],"wp:term":[{"taxonomy":"category","embeddable":true,"href":"https:\/\/radiorevelacionfm.cl\/index.php?rest_route=%2Fwp%2Fv2%2Fcategories&post=8489"},{"taxonomy":"post_tag","embeddable":true,"href":"https:\/\/radiorevelacionfm.cl\/index.php?rest_route=%2Fwp%2Fv2%2Ftags&post=8489"}],"curies":[{"name":"wp","href":"https:\/\/api.w.org\/{rel}","templated":true}]}}