{"id":8486,"date":"2021-09-09T10:58:55","date_gmt":"2021-09-09T13:58:55","guid":{"rendered":"https:\/\/radiorevelacionfm.cl\/?p=8486"},"modified":"2021-09-09T10:58:55","modified_gmt":"2021-09-09T13:58:55","slug":"realizan-entrega-de-terreno-para-nueva-sede-del-servicio-medico-legal-en-puerto-aysen","status":"publish","type":"post","link":"https:\/\/radiorevelacionfm.cl\/?p=8486","title":{"rendered":"Realizan entrega de terreno para nueva sede del Servicio M\u00e9dico Legal en Puerto Ays\u00e9n"},"content":{"rendered":"<div class=\"flex_column av_one_full  flex_column_div av-zero-column-padding first  avia-builder-el-0  el_before_av_one_full  avia-builder-el-first  \" style='border-radius:0px; '><div  class='avia-image-container  av-styling-    avia-builder-el-1  avia-builder-el-no-sibling  avia-align-center '  itemprop=\"image\" itemscope=\"itemscope\" itemtype=\"https:\/\/schema.org\/ImageObject\"  ><div class='avia-image-container-inner'><div class='avia-image-overlay-wrap'><img decoding=\"async\" class='wp-image-8487 avia-img-lazy-loading-not-8487 avia_image' src=\"https:\/\/radiorevelacionfm.cl\/wp-content\/uploads\/2021\/09\/sml-1-1_optimized.jpg\" alt='' title='sml-1-(1)_optimized' height=\"600\" width=\"865\"  itemprop=\"thumbnailUrl\" srcset=\"https:\/\/radiorevelacionfm.cl\/wp-content\/uploads\/2021\/09\/sml-1-1_optimized.jpg 865w, https:\/\/radiorevelacionfm.cl\/wp-content\/uploads\/2021\/09\/sml-1-1_optimized-300x208.jpg 300w, https:\/\/radiorevelacionfm.cl\/wp-content\/uploads\/2021\/09\/sml-1-1_optimized-768x533.jpg 768w, https:\/\/radiorevelacionfm.cl\/wp-content\/uploads\/2021\/09\/sml-1-1_optimized-705x489.jpg 705w, https:\/\/radiorevelacionfm.cl\/wp-content\/uploads\/2021\/09\/sml-1-1_optimized-600x416.jpg 600w\" sizes=\"(max-width: 865px) 100vw, 865px\" \/><\/div><\/div><\/div><\/div><div class=\"flex_column av_one_full  flex_column_div av-zero-column-padding first  avia-builder-el-2  el_after_av_one_full  el_before_av_one_full  column-top-margin\" style='border-radius:0px; '><section class=\"av_textblock_section \"  itemscope=\"itemscope\" itemtype=\"https:\/\/schema.org\/BlogPosting\" itemprop=\"blogPost\" ><div class='avia_textblock  '   itemprop=\"text\" ><p style=\"text-align: center;\"><strong><span style=\"font-size: 18pt;\">Realizan entrega de terreno para nueva sede del Servicio M\u00e9dico Legal en Puerto Ays\u00e9n<\/span><\/strong><\/p>\n<div id=\"gtx-trans\" style=\"position: absolute; left: -50px; top: 4.31534px;\">\n<div class=\"gtx-trans-icon\"><\/div>\n<\/div>\n<\/div><\/section><\/div><div class=\"flex_column av_one_full  flex_column_div av-zero-column-padding first  avia-builder-el-4  el_after_av_one_full  el_before_av_hr  column-top-margin\" style='border-radius:0px; '><section class=\"av_textblock_section \"  itemscope=\"itemscope\" itemtype=\"https:\/\/schema.org\/BlogPosting\" itemprop=\"blogPost\" ><div class='avia_textblock  '   itemprop=\"text\" ><p style=\"text-align: justify;\">En Ays\u00e9n se concret\u00f3 la entrega del terreno que albergar\u00e1 una nueva sede para la regi\u00f3n, espec\u00edficamente en la ciudad de Puerto Ays\u00e9n, la que se proyectar\u00e1 con los nuevos est\u00e1ndares de las sedes que se est\u00e1n construyendo o remodelando en todo el pa\u00eds.<\/p>\n<p>El subsecretario de Justicia, Sebasti\u00e1n Valenzuela, recibi\u00f3 de la Seremi (s) de Bienes Nacionales, M\u00f3nica Sald\u00edas, la resoluci\u00f3n de entrega del terreno, que fue entregada al director nacional del SML, Dr. Gabriel Zamora S., de visita en la regi\u00f3n de Ays\u00e9n, y a la directora regional, Dra. Catherine Sandoval, en una breve ceremonia en la participaci\u00f3n tambi\u00e9n funcionarios y funcionarias de la repartici\u00f3n regional.<\/p>\n<p>El subsecretario Valenzuela indic\u00f3 que \u00abesto marca un sello para brindar mejor acceso a la justicia en todo el pa\u00eds a servicios tan variados como tanatolog\u00eda, toma de muestras, o ex\u00e1menes cl\u00ednicos del Servicio M\u00e9dico Legal, en un edificio moderno. Esto es precisamente acercar la Justicia a las personas\u00bb.<\/p>\n<p>El Dr. Zamora agradeci\u00f3 este nuevo avance en la cobertura nacional, y se\u00f1al\u00f3 que \u00ablo que queremos es que todos los ciudadanos puedan acceder a los mismos est\u00e1ndares de atenci\u00f3n y dignidad en todas las regiones del pa\u00eds y que nuestros funcionarios y funcionarias cuenten con las condiciones para desarrollar su labor pericial\u00bb.<\/p>\n<p>Catherine Sandoval, encargada regional del Servicio, se manifest\u00f3 \u00abmuy contenta de contar con este terreno para mejorar nuestras prestaciones en la regi\u00f3n. Este es el inicio de un proceso de modernizaci\u00f3n que ir\u00e1 en directo beneficio de los habitantes de toda la regi\u00f3n de Ays\u00e9n\u00bb.<\/p>\n<p style=\"text-align: justify;\">Mientras que, M\u00f3nica Sald\u00edas, Seremi (s) de Bienes Nacionales indic\u00f3 que \u201cestamos siempre atentos a estar entregando terrenos, pero tambi\u00e9n apoyando a servicios p\u00fablicos que necesitan terrenos para empezar sus proyectos de infraestructura, y es por eso estamos contentos de todas las gestiones que se realizaron para hacer entrega de terreno anticipada al SML de Puerto Ays\u00e9n, para que ellos puedan cumplir con todas sus funciones en un terreno que cumpla con todas los requisitos que requieren para dar la mejor atenci\u00f3n a la ciudadan\u00eda y tambi\u00e9n a los funcionarios que aqu\u00ed trabajan\u201d.<\/p>\n<p>Finalmente, cabe mencionar que el terreno alcanza los 2800 metros,\u00a0 y se proyecta un edificio seg\u00fan est\u00e1ndar de infraestructura actualizado al a\u00f1o 2020, para \u00e1reas administrativa, cl\u00ednica (constataci\u00f3n de lesiones), sexolog\u00eda forense, \u00e1rea de toma y resguardo de muestras, \u00e1rea de tanatolog\u00eda y \u00e1rea de servicios y equipos de apoyo industrial.<\/p>\n<\/div><\/section><\/div><div  style='height:50px' class='hr hr-invisible   avia-builder-el-6  el_after_av_one_full  el_before_av_social_share '><span class='hr-inner ' ><span class='hr-inner-style'><\/span><\/span><\/div><\/p>\n<div  class='av-social-sharing-box  avia-builder-el-7  el_after_av_hr  el_before_av_hr  '><div class='av-share-box'><h5 class='av-share-link-description av-no-toc '>Compartir esta noticia<\/h5><ul class='av-share-box-list noLightbox'><li class='av-share-link av-social-link-facebook' ><a target=\"_blank\" aria-label=\"Compartir en Facebook\" href='https:\/\/www.facebook.com\/sharer.php?u=https:\/\/radiorevelacionfm.cl\/?p=8486&#038;t=Realizan%20entrega%20de%20terreno%20para%20nueva%20sede%20del%20Servicio%20M%C3%A9dico%20Legal%20en%20Puerto%20Ays%C3%A9n' aria-hidden='false' data-av_icon='\ue8f3' data-av_iconfont='entypo-fontello' title='' data-avia-related-tooltip='Compartir en Facebook' rel=\"noopener\"><span class='avia_hidden_link_text'>Compartir en Facebook<\/span><\/a><\/li><li class='av-share-link av-social-link-twitter' ><a target=\"_blank\" aria-label=\"Compartir en Twitter\" href='https:\/\/twitter.com\/share?text=Realizan%20entrega%20de%20terreno%20para%20nueva%20sede%20del%20Servicio%20M%C3%A9dico%20Legal%20en%20Puerto%20Ays%C3%A9n&#038;url=https:\/\/radiorevelacionfm.cl\/?p=8486' aria-hidden='false' data-av_icon='\ue8f1' data-av_iconfont='entypo-fontello' title='' data-avia-related-tooltip='Compartir en Twitter' rel=\"noopener\"><span class='avia_hidden_link_text'>Compartir en Twitter<\/span><\/a><\/li><li class='av-share-link av-social-link-whatsapp' ><a target=\"_blank\" aria-label=\"Compartir en Whatsapp\" href='https:\/\/api.whatsapp.com\/send?text=https:\/\/radiorevelacionfm.cl\/?p=8486' aria-hidden='false' data-av_icon='\uf232' data-av_iconfont='entypo-fontello' title='' data-avia-related-tooltip='Compartir en Whatsapp' rel=\"noopener\"><span class='avia_hidden_link_text'>Compartir en Whatsapp<\/span><\/a><\/li><li class='av-share-link av-social-link-linkedin' ><a target=\"_blank\" aria-label=\"Compartir en LinkedIn\" href='https:\/\/linkedin.com\/shareArticle?mini=true&#038;title=Realizan%20entrega%20de%20terreno%20para%20nueva%20sede%20del%20Servicio%20M%C3%A9dico%20Legal%20en%20Puerto%20Ays%C3%A9n&#038;url=https:\/\/radiorevelacionfm.cl\/?p=8486' aria-hidden='false' data-av_icon='\ue8fc' data-av_iconfont='entypo-fontello' title='' data-avia-related-tooltip='Compartir en LinkedIn' rel=\"noopener\"><span class='avia_hidden_link_text'>Compartir en LinkedIn<\/span><\/a><\/li><li class='av-share-link av-social-link-mail' ><a  aria-label=\"Compartir por correo\" href='mailto:?subject=Realizan%20entrega%20de%20terreno%20para%20nueva%20sede%20del%20Servicio%20M%C3%A9dico%20Legal%20en%20Puerto%20Ays%C3%A9n&#038;body=https:\/\/radiorevelacionfm.cl\/?p=8486' aria-hidden='false' data-av_icon='\ue805' data-av_iconfont='entypo-fontello' title='' data-avia-related-tooltip='Compartir por correo'><span class='avia_hidden_link_text'>Compartir por correo<\/span><\/a><\/li><\/ul><\/div><\/div>\n<div  style='height:50px' class='hr hr-invisible   avia-builder-el-8  el_after_av_social_share  el_before_av_comments_list '><span class='hr-inner ' ><span class='hr-inner-style'><\/span><\/span><\/div>\n<div  class='av-buildercomment  av-blog-meta-html-info-disabled av-blog-meta-tag-disabled  '><\/div>\n","protected":false},"excerpt":{"rendered":"","protected":false},"author":1,"featured_media":8487,"comment_status":"open","ping_status":"open","sticky":false,"template":"","format":"standard","meta":{"footnotes":""},"categories":[38],"tags":[],"class_list":["post-8486","post","type-post","status-publish","format-standard","has-post-thumbnail","hentry","category-regional"],"jetpack_featured_media_url":"https:\/\/radiorevelacionfm.cl\/wp-content\/uploads\/2021\/09\/sml-1-1_optimized.jpg","_links":{"self":[{"href":"https:\/\/radiorevelacionfm.cl\/index.php?rest_route=\/wp\/v2\/posts\/8486","targetHints":{"allow":["GET"]}}],"collection":[{"href":"https:\/\/radiorevelacionfm.cl\/index.php?rest_route=\/wp\/v2\/posts"}],"about":[{"href":"https:\/\/radiorevelacionfm.cl\/index.php?rest_route=\/wp\/v2\/types\/post"}],"author":[{"embeddable":true,"href":"https:\/\/radiorevelacionfm.cl\/index.php?rest_route=\/wp\/v2\/users\/1"}],"replies":[{"embeddable":true,"href":"https:\/\/radiorevelacionfm.cl\/index.php?rest_route=%2Fwp%2Fv2%2Fcomments&post=8486"}],"version-history":[{"count":1,"href":"https:\/\/radiorevelacionfm.cl\/index.php?rest_route=\/wp\/v2\/posts\/8486\/revisions"}],"predecessor-version":[{"id":8488,"href":"https:\/\/radiorevelacionfm.cl\/index.php?rest_route=\/wp\/v2\/posts\/8486\/revisions\/8488"}],"wp:featuredmedia":[{"embeddable":true,"href":"https:\/\/radiorevelacionfm.cl\/index.php?rest_route=\/wp\/v2\/media\/8487"}],"wp:attachment":[{"href":"https:\/\/radiorevelacionfm.cl\/index.php?rest_route=%2Fwp%2Fv2%2Fmedia&parent=8486"}],"wp:term":[{"taxonomy":"category","embeddable":true,"href":"https:\/\/radiorevelacionfm.cl\/index.php?rest_route=%2Fwp%2Fv2%2Fcategories&post=8486"},{"taxonomy":"post_tag","embeddable":true,"href":"https:\/\/radiorevelacionfm.cl\/index.php?rest_route=%2Fwp%2Fv2%2Ftags&post=8486"}],"curies":[{"name":"wp","href":"https:\/\/api.w.org\/{rel}","templated":true}]}}